{"id":8390,"date":"2022-09-26T01:06:36","date_gmt":"2022-09-26T06:06:36","guid":{"rendered":"https:\/\/noticiasveracruz.com\/?p=8390"},"modified":"2022-09-26T01:06:36","modified_gmt":"2022-09-26T06:06:36","slug":"el-sucio-lucro-de-ayotzinapa","status":"publish","type":"post","link":"https:\/\/noticiasveracruz.com\/index.php\/2022\/09\/26\/el-sucio-lucro-de-ayotzinapa\/","title":{"rendered":"El sucio lucro de Ayotzinapa"},"content":{"rendered":"<p class=\"p1\">\n<p class=\"p3\">\n<p class=\"p3\"><strong><span style=\"font-size: 18pt;\">Por Aurelio Contreras Moreno<\/span><\/strong><\/p>\n<p class=\"p3\"><span style=\"font-size: 14pt;\">El tema que acapar\u00f3 la agenda de la opini\u00f3n p\u00fablica este fin de semana fue el de las revelaciones que la periodista Peniley Ram\u00edrez hizo sobre la investigaci\u00f3n de la desaparici\u00f3n de los 43 normalistas de Ayotzinapa.<\/span><\/p>\n<p class=\"p3\"><span style=\"font-size: 14pt;\">En su columna publicada en el diario Reforma el s\u00e1bado pasado, la periodista refiri\u00f3 el Informe de la Presidencia de la Comisi\u00f3n para la Verdad y el Acceso a la Justicia del Caso Ayotzinapa, al cual tuvo acceso en una versi\u00f3n sin testar, esto es, sin censura, a diferencia de la que hizo p\u00fablica la Subsecretar\u00eda de Derechos Humanos de Gobernaci\u00f3n, tachada casi en su totalidad.<\/span><\/p>\n<p class=\"p3\"><span style=\"font-size: 14pt;\">En su texto, Peniley Ram\u00edrez se\u00f1ala que el informe establece que \u201ccasi todos los 43 normalistas que desaparecieron el 26 de septiembre de 2014 fueron asesinados, descuartizados y enterrados esa misma noche\u201d, lo cual era lo m\u00e1s obvio, luego de ocho a\u00f1os sin rastro de ellos y a sabiendas de la forma salvaje en que operan las bandas del crimen organizado. <\/span><\/p>\n<p class=\"p3\"><span style=\"font-size: 14pt;\">Peniley Ram\u00edrez adem\u00e1s public\u00f3 en Twitter fragmentos del informe con las conversaciones entre exfuncionarios, militares e integrantes del crimen organizado, en las que detallan muy claramente\u00a0el destino de los 43 estudiantes. Y particularmente, esos mensajes\u00a0demuestran\u00a0que miembros del Ej\u00e9rcito\u00a0mantuvieron con vida a seis de los normalistas hasta el 30 de septiembre\u00a0de 2014, para luego asesinarlos y\u00a0desaparecer sus cuerpos.<\/span><\/p>\n<p class=\"p3\"><span style=\"font-size: 14pt;\">\u201cM\u00e1s de un mes despu\u00e9s de los asesinatos, el 3 de noviembre de 2014, m\u00e1s mensajes siguen haciendo referencia al encubrimiento. Cuerpos que han movido de lugar, que los han reubicado para que no encuentren los restos. Los mensajes insin\u00faan que varios de los cuerpos fueron movidos al interior del\u00a0Campo Militar del 27 Batall\u00f3n de Infanter\u00eda, en Iguala, pues \u2018all\u00ed no entraba nadie\u201d, se\u00f1al\u00f3 la periodista en su hilo de Twitter.<\/span><\/p>\n<p class=\"p3\"><span style=\"font-size: 14pt;\">Esto provoc\u00f3 una furibunda reacci\u00f3n del r\u00e9gimen en contra de la periodista, que fue linchada en redes por voceros, pseudoacad\u00e9micos y textoservidores de la \u201c4T\u201d, que cuestionaron su \u00e9tica por hacer p\u00fablico un informe oficial del Estado mexicano, bajo el argumento de que \u201crevictimiz\u00f3\u201d a los estudiantes desaparecidos al publicar c\u00f3mo hab\u00edan sido asesinados.<\/span><\/p>\n<p class=\"p3\"><span style=\"font-size: 14pt;\">Todos los d\u00edas y desde hace por lo menos 16 a\u00f1os, en M\u00e9xico se informa sobre la violencia de los grupos criminales \u2013que ni la pol\u00edtica de \u201cabrazos, no balazos\u201d ni la presencia de los militares en tareas de seguridad p\u00fablica han logrado contener en absoluto-, y se reporta sin ambages la brutalidad de sus m\u00e9todos: las ejecuciones masivas, los descuartizamientos, los cuerpos colgados en puentes o embolsados y abandonados en la v\u00eda p\u00fablica. <\/span><\/p>\n<p class=\"p3\"><span style=\"font-size: 14pt;\">\u00bfSer\u00eda preferible que no nos enter\u00e1ramos de nada de eso? Sin duda, eso hubiesen querido las autoridades del pasado y por supuesto, eso desean las del presente, porque es un reflejo n\u00edtido de su fracaso.<\/span><\/p>\n<p class=\"p3\"><span style=\"font-size: 14pt;\">Los paleros y sicarios digitales de la \u201c4T\u201d tambi\u00e9n arguyen que la publicaci\u00f3n pone en riesgo investigaciones en curso. Lo cual es absurdo, porque el informe no est\u00e1 clasificado como confidencial ni sometido a reserva. Estaba censurado, ya vimos, por otro tipo de intereses, pero esencialmente es p\u00fablico.<\/span><\/p>\n<p class=\"p3\"><span style=\"font-size: 14pt;\">Lo que hizo Peniley Ram\u00edrez \u2013periodista egresada de la Facultad de Ciencias de la Comunicaci\u00f3n de la Universidad Veracruzana, por cierto- fue simplemente cumplir con su trabajo. Gracias a su oficio y a su notoriedad, consigui\u00f3 un documento de gran valor period\u00edstico y de enorme inter\u00e9s p\u00fablico y con \u00e9ste, hizo lo que cualquier reportero habr\u00eda hecho: publicarlo. Y si bien su contenido es tremendo, es la realidad de este pa\u00eds desde hace a\u00f1os, la que no desaparece con cerrar los ojos. <\/span><\/p>\n<p class=\"p3\"><span style=\"font-size: 14pt;\">Asimismo, la Corte Interamericana de Derechos Humanos ha establecido que el principio de m\u00e1xima publicidad debe aplicarse en lo relativo a investigaciones sobre delitos de lesa humanidad y violaciones a los derechos humanos y genocidios. Es el caso, sin asomo de duda. Entonces, \u00bfpor qu\u00e9 la furia por las revelaciones?<\/span><\/p>\n<p class=\"p3\"><span style=\"font-size: 14pt;\">El r\u00e9gimen ataca feroz a Peniley Ram\u00edrez porque exhibi\u00f3 sus mentiras. En el gobierno de Andr\u00e9s Manuel L\u00f3pez Obrador \u2013y en el de Enrique Pe\u00f1a Nieto tambi\u00e9n- siempre supieron que los 43 fueron brutalmente asesinados. Pero eso no les habr\u00eda servido para lucrar con la \u201cesperanza\u201d de encontrarlos, bandera con la que pr\u00e1cticamente logr\u00f3 arribar al poder la \u201c4T\u201d. Y por si no bastase, qued\u00f3 m\u00e1s claro que nunca que el Ej\u00e9rcito, al que le han cedido todo el poder y quieren que eso se eternice, fue responsable directo en el crimen.<\/span><\/p>\n<p class=\"p3\"><span style=\"font-size: 14pt;\">Lo que convenientemente callan los \u201ccuatreros\u201d es que la filtraci\u00f3n del documento provino desde dentro del propio gobierno, ya sea la Secretar\u00eda de Gobernaci\u00f3n o la Fiscal\u00eda General de la Rep\u00fablica. Y como lo indic\u00f3 puntualmente el Centro de Derechos Humanos Miguel Agust\u00edn Pro Ju\u00e1rez (Centro Prodh), \u201cante las filtraciones debe indagarse a las autoridades que actuando con irresponsabilidad generan confusi\u00f3n y dolor, no a la prensa\u201d.<\/span><\/p>\n<p class=\"p3\"><span style=\"font-size: 14pt;\">Pero para la \u201c4T\u201d, siempre es preferible matar al mensajero. M\u00e1xime, si desnud\u00f3 su sucio lucro pol\u00edtico de ocho a\u00f1os con el tema de Ayotzinapa.<\/span><\/p>\n<p>&nbsp;<\/p>\n<p>&nbsp;<\/p>\n<p class=\"p1\"><span style=\"font-size: 18pt;\"><strong>Correo: <a href=\"mailto:aureliocontreras@gmail.com\">aureliocontreras@gmail.com<\/a><\/strong><\/span><\/p>\n<p class=\"p1\"><span style=\"font-size: 18pt;\"><strong>Twitter: <a href=\"http:\/\/www.twitter.com\/yeyocontreras\">@yeyocontreras<\/a><\/strong><\/span><\/p>\n<p>&nbsp;<\/p>\n<p><span style=\"font-size: 18pt; color: #e42d33;\"><em><strong>**Las columnas firmadas en este medio son responsabilidad de quienes las firman**<\/strong><\/em><\/span><\/p>\n<p>&nbsp;<\/p>\n","protected":false},"excerpt":{"rendered":"<p>Por Aurelio Contreras Moreno El tema que acapar\u00f3 la agenda de la opini\u00f3n p\u00fablica este fin de semana fue el<\/p>\n","protected":false},"author":4,"featured_media":3578,"comment_status":"closed","ping_status":"closed","sticky":false,"template":"","format":"standard","meta":{"colormag_page_container_layout":"default_layout","colormag_page_sidebar_layout":"default_layout","_jetpack_memberships_contains_paid_content":false,"footnotes":"","jetpack_publicize_message":"","jetpack_publicize_feature_enabled":true,"jetpack_social_post_already_shared":true,"jetpack_social_options":{"image_generator_settings":{"template":"highway","default_image_id":0,"font":"","enabled":false},"version":2}},"categories":[6],"tags":[],"class_list":["post-8390","post","type-post","status-publish","format-standard","has-post-thumbnail","hentry","category-columnistas"],"jetpack_publicize_connections":[],"jetpack_featured_media_url":"https:\/\/noticiasveracruz.com\/wp-content\/uploads\/2022\/04\/P-AURELIO-CONTRERAS.png","jetpack_sharing_enabled":true,"publishpress_future_action":{"enabled":false,"date":"2026-05-07 14:50:02","action":"change-status","newStatus":"draft","terms":[],"taxonomy":"category","extraData":[]},"publishpress_future_workflow_manual_trigger":{"enabledWorkflows":[]},"_links":{"self":[{"href":"https:\/\/noticiasveracruz.com\/index.php\/wp-json\/wp\/v2\/posts\/8390","targetHints":{"allow":["GET"]}}],"collection":[{"href":"https:\/\/noticiasveracruz.com\/index.php\/wp-json\/wp\/v2\/posts"}],"about":[{"href":"https:\/\/noticiasveracruz.com\/index.php\/wp-json\/wp\/v2\/types\/post"}],"author":[{"embeddable":true,"href":"https:\/\/noticiasveracruz.com\/index.php\/wp-json\/wp\/v2\/users\/4"}],"replies":[{"embeddable":true,"href":"https:\/\/noticiasveracruz.com\/index.php\/wp-json\/wp\/v2\/comments?post=8390"}],"version-history":[{"count":0,"href":"https:\/\/noticiasveracruz.com\/index.php\/wp-json\/wp\/v2\/posts\/8390\/revisions"}],"wp:featuredmedia":[{"embeddable":true,"href":"https:\/\/noticiasveracruz.com\/index.php\/wp-json\/wp\/v2\/media\/3578"}],"wp:attachment":[{"href":"https:\/\/noticiasveracruz.com\/index.php\/wp-json\/wp\/v2\/media?parent=8390"}],"wp:term":[{"taxonomy":"category","embeddable":true,"href":"https:\/\/noticiasveracruz.com\/index.php\/wp-json\/wp\/v2\/categories?post=8390"},{"taxonomy":"post_tag","embeddable":true,"href":"https:\/\/noticiasveracruz.com\/index.php\/wp-json\/wp\/v2\/tags?post=8390"}],"curies":[{"name":"wp","href":"https:\/\/api.w.org\/{rel}","templated":true}]}}