{"id":8378,"date":"2022-09-26T00:05:48","date_gmt":"2022-09-26T05:05:48","guid":{"rendered":"https:\/\/noticiasveracruz.com\/?p=8378"},"modified":"2022-09-26T00:05:48","modified_gmt":"2022-09-26T05:05:48","slug":"mosaico-de-folklore-en-el-domingo-cultural-de-tuxpan","status":"publish","type":"post","link":"https:\/\/noticiasveracruz.com\/index.php\/2022\/09\/26\/mosaico-de-folklore-en-el-domingo-cultural-de-tuxpan\/","title":{"rendered":"Mosaico de folklore en el Domingo Cultural de Tuxpan"},"content":{"rendered":"<p class=\"p1\">\n<p class=\"p1\"><span style=\"font-size: 14pt;\"><em><strong>TUXPAN, VERACRUZ.<\/strong> <\/em>En el <strong>marco del Domingo Cultural<\/strong>, cientos de familias se dieron cita en la explanada municipal para presenciar y disfrutar de todo un mosaico de<strong> folklore del Ballet Municipal Xochiquetzal, en un viaje por la regi\u00f3n Huasteca, el Sotavento y la Perla Tapat\u00eda.<\/strong><\/span><\/p>\n<p>&nbsp;<\/p>\n<p><img loading=\"lazy\" decoding=\"async\" class=\"aligncenter wp-image-10548 size-large\" src=\"https:\/\/politicosaldesnudo.com.mx\/wp-content\/uploads\/2022\/09\/P-FOLCLORE-TUXPAN5-1024x573.png\" alt=\"\" width=\"800\" height=\"448\" \/><\/p>\n<p>&nbsp;<\/p>\n<p class=\"p1\"><span style=\"font-size: 18pt;\"><strong>La velada inici\u00f3 con bailes de la huasteca hidalguense, con los sones Las Margaritas, el Fandanguito y Recordando a Hidalgo. Posteriormente se bailaron los sones huastecos de Veracruz La Presumida, El Caballito, El Querreque y El Caim\u00e1n.<\/strong><\/span><\/p>\n<p>&nbsp;<\/p>\n<p><img loading=\"lazy\" decoding=\"async\" class=\"aligncenter wp-image-10545 size-large\" src=\"https:\/\/politicosaldesnudo.com.mx\/wp-content\/uploads\/2022\/09\/P-FOLCLORE-TUXPAN2-1024x573.png\" alt=\"\" width=\"800\" height=\"448\" \/><\/p>\n<p>&nbsp;<\/p>\n<p class=\"p1\"><span style=\"font-size: 18pt;\"><strong>El Ballet Municipal cautiv\u00f3 a los asistentes con los sones jaroches Danz\u00f3n Veracruz, La Bruja, El Canelo, La Hierbabuena y La Bamba.<\/strong><\/span><\/p>\n<p>&nbsp;<\/p>\n<p><img loading=\"lazy\" decoding=\"async\" class=\"aligncenter wp-image-10547 size-large\" src=\"https:\/\/politicosaldesnudo.com.mx\/wp-content\/uploads\/2022\/09\/P-FOLCLORE-TUXPAN4-1024x573.png\" alt=\"\" width=\"800\" height=\"448\" \/><\/p>\n<p>&nbsp;<\/p>\n<p class=\"p1\"><span style=\"font-size: 18pt;\"><strong>Cerraron con broche de oro bailando los sones jaliscienses Viva M\u00e9xico, Las Alazanas, El Tapat\u00edo, El Jarabe Tapat\u00edo y El Mariachi.<\/strong><\/span><\/p>\n<p>&nbsp;<\/p>\n<p><img loading=\"lazy\" decoding=\"async\" class=\"aligncenter wp-image-10546 size-large\" src=\"https:\/\/politicosaldesnudo.com.mx\/wp-content\/uploads\/2022\/09\/P-FOLCLORE-TUXPAN3-1024x573.png\" alt=\"\" width=\"800\" height=\"448\" \/><\/p>\n<p>&nbsp;<\/p>\n<p>&nbsp;<\/p>\n<p class=\"p1\"><span style=\"font-size: 18pt;\"><strong>En el domingo cultural tambi\u00e9n se present\u00f3 el gran cantante Fernando Hern\u00e1ndez \u201cEl Torito\u201d, quien interpret\u00f3 Venganza de Tina, Me Gustas, Siete Mares, Por esa Yegua, Una Noche como Esta y El Afortunado.<\/strong><\/span><\/p>\n<p>&nbsp;<\/p>\n<p><img loading=\"lazy\" decoding=\"async\" class=\"aligncenter wp-image-10549 size-large\" src=\"https:\/\/politicosaldesnudo.com.mx\/wp-content\/uploads\/2022\/09\/P-FOLCLORE-TUXPAN7-1024x573.png\" alt=\"\" width=\"800\" height=\"448\" \/><\/p>\n<p>&nbsp;<\/p>\n<p>&nbsp;<\/p>\n<p>&nbsp;<\/p>\n<p>&nbsp;<\/p>\n<p>&nbsp;<\/p>\n","protected":false},"excerpt":{"rendered":"<p>TUXPAN, VERACRUZ. En el marco del Domingo Cultural, cientos de familias se dieron cita en la explanada municipal para presenciar<\/p>\n","protected":false},"author":4,"featured_media":8379,"comment_status":"closed","ping_status":"closed","sticky":false,"template":"","format":"standard","meta":{"colormag_page_container_layout":"default_layout","colormag_page_sidebar_layout":"default_layout","_jetpack_memberships_contains_paid_content":false,"footnotes":"","jetpack_publicize_message":"","jetpack_publicize_feature_enabled":true,"jetpack_social_post_already_shared":true,"jetpack_social_options":{"image_generator_settings":{"template":"highway","default_image_id":0,"font":"","enabled":false},"version":2}},"categories":[356],"tags":[1418,1419,1421,1420,72,73],"class_list":["post-8378","post","type-post","status-publish","format-standard","has-post-thumbnail","hentry","category-veracruz","tag-folklore","tag-huasteca","tag-perla-tapatia","tag-sotavento","tag-tuxpan","tag-veracruz"],"jetpack_publicize_connections":[],"jetpack_featured_media_url":"https:\/\/noticiasveracruz.com\/wp-content\/uploads\/2022\/09\/P-FOLCLORE-TUXPAN1.png","jetpack_sharing_enabled":true,"publishpress_future_action":{"enabled":false,"date":"2026-05-07 16:29:44","action":"change-status","newStatus":"draft","terms":[],"taxonomy":"category","extraData":[]},"publishpress_future_workflow_manual_trigger":{"enabledWorkflows":[]},"_links":{"self":[{"href":"https:\/\/noticiasveracruz.com\/index.php\/wp-json\/wp\/v2\/posts\/8378","targetHints":{"allow":["GET"]}}],"collection":[{"href":"https:\/\/noticiasveracruz.com\/index.php\/wp-json\/wp\/v2\/posts"}],"about":[{"href":"https:\/\/noticiasveracruz.com\/index.php\/wp-json\/wp\/v2\/types\/post"}],"author":[{"embeddable":true,"href":"https:\/\/noticiasveracruz.com\/index.php\/wp-json\/wp\/v2\/users\/4"}],"replies":[{"embeddable":true,"href":"https:\/\/noticiasveracruz.com\/index.php\/wp-json\/wp\/v2\/comments?post=8378"}],"version-history":[{"count":0,"href":"https:\/\/noticiasveracruz.com\/index.php\/wp-json\/wp\/v2\/posts\/8378\/revisions"}],"wp:featuredmedia":[{"embeddable":true,"href":"https:\/\/noticiasveracruz.com\/index.php\/wp-json\/wp\/v2\/media\/8379"}],"wp:attachment":[{"href":"https:\/\/noticiasveracruz.com\/index.php\/wp-json\/wp\/v2\/media?parent=8378"}],"wp:term":[{"taxonomy":"category","embeddable":true,"href":"https:\/\/noticiasveracruz.com\/index.php\/wp-json\/wp\/v2\/categories?post=8378"},{"taxonomy":"post_tag","embeddable":true,"href":"https:\/\/noticiasveracruz.com\/index.php\/wp-json\/wp\/v2\/tags?post=8378"}],"curies":[{"name":"wp","href":"https:\/\/api.w.org\/{rel}","templated":true}]}}