{"id":8359,"date":"2022-09-23T23:12:37","date_gmt":"2022-09-24T04:12:37","guid":{"rendered":"https:\/\/noticiasveracruz.com\/?p=8359"},"modified":"2022-09-25T23:38:25","modified_gmt":"2022-09-26T04:38:25","slug":"destacada-participacion-de-tuxpenos-en-la-consulta-nacional-a-ninas-ninos-y-adolescentes-me-escuchas-2022","status":"publish","type":"post","link":"https:\/\/noticiasveracruz.com\/index.php\/2022\/09\/23\/destacada-participacion-de-tuxpenos-en-la-consulta-nacional-a-ninas-ninos-y-adolescentes-me-escuchas-2022\/","title":{"rendered":"Tuxpe\u00f1os se destacan en \u201cConsulta Nacional a Ni\u00f1as, Ni\u00f1os y Adolescentes \u00bfMe Escuchas? 2022\u201d"},"content":{"rendered":"<p class=\"p2\"><span style=\"font-size: 14pt;\"><em><strong>CIUDAD DE M\u00c9XICO.<\/strong><\/em> El <strong>Sistema Nacional DIF<\/strong>, la<strong> Secretar\u00eda de Salud y la Comisi\u00f3n de Derechos Humanos de la Ciudad de M\u00e9xico presentaron<\/strong>\u00a0 los resultados de la <strong>\u201cConsulta Nacional a Ni\u00f1as, Ni\u00f1os y Adolescentes \u00bfMe Escuchas? 2022\u201d<\/strong>, en la que tuvieron una destacada participaci\u00f3n los tuxpe\u00f1os Andrea Estefan\u00eda y Eithan Yadiel, de la Red Municipal de Difusores de la Transformaci\u00f3n.<\/span><\/p>\n<p class=\"p2\"><span style=\"font-size: 18pt;\"><strong>Ambos viajaron a la Ciudad de M\u00e9xico luego de ser seleccionados por el Sistema Nacional para el Desarrollo Integral de la Familia (SNDIF), que preside Nuria Fern\u00e1ndez, por sus participaciones.<\/strong><\/span><\/p>\n<p>&nbsp;<\/p>\n<p><img loading=\"lazy\" decoding=\"async\" class=\"aligncenter wp-image-10527 size-large\" src=\"https:\/\/politicosaldesnudo.com.mx\/wp-content\/uploads\/2022\/09\/P-MEESCUCHAS-2022-DIF-2-1024x573.png\" alt=\"\" width=\"800\" height=\"448\" \/><\/p>\n<p>&nbsp;<\/p>\n<p>&nbsp;<\/p>\n<p class=\"p2\"><span style=\"font-size: 18pt;\"><strong>Andrea particip\u00f3 en la elaboraci\u00f3n del reporte de la consulta sobre lo que expresaron, mediante dibujos, los ni\u00f1os que realizaron la consulta a nivel nacional y Eithan tom\u00f3 parte en la elaboraci\u00f3n de un video promocional de la misma consulta. <\/strong><\/span><\/p>\n<p class=\"p2\"><span style=\"font-size: 14pt;\">DIF Tuxpan, que encabeza Pamela Morales de Pozos felicita a Andrea Estefan\u00eda y a Eithan Yadiel por su destacada participaci\u00f3n en la Consulta Nacional y agradece al DIF Estatal que dirige Rebeca Quintanar Barcel\u00f3 por su respaldo institucional.<\/span><\/p>\n<p>&nbsp;<\/p>\n<p><img loading=\"lazy\" decoding=\"async\" class=\"aligncenter wp-image-10528 size-large\" src=\"https:\/\/politicosaldesnudo.com.mx\/wp-content\/uploads\/2022\/09\/P-MEESCUCHAS-2022-DIF-3-1024x573.png\" alt=\"\" width=\"800\" height=\"448\" \/><\/p>\n<p>&nbsp;<\/p>\n<p class=\"p2\"><span style=\"font-size: 14pt;\">La consulta permiti\u00f3 escuchar las opiniones, pensamientos y sentimientos de la poblaci\u00f3n infantil y adolescente del pa\u00eds. Se desarroll\u00f3 durante el mes de julio y en ella participaron m\u00e1s de un mill\u00f3n de ni\u00f1as, ni\u00f1os y adolescentes.<\/span><\/p>\n<p class=\"p2\"><span style=\"font-size: 18pt;\"><strong>La participaci\u00f3n y que su opini\u00f3n sea tomada en cuenta en las decisiones de pol\u00edticas p\u00fablicas, es un derecho humano y una obligaci\u00f3n de las instituciones.<\/strong><\/span><\/p>\n<p class=\"p2\"><span style=\"font-size: 14pt;\">Con este tipo de acciones se da voz a nuestros peque\u00f1os y al mismo tiempo se genera visibilidad para conocer y difundir sus derechos.<\/span><\/p>\n<p>&nbsp;<\/p>\n<p>&nbsp;<\/p>\n<p>&nbsp;<\/p>\n<p>&nbsp;<\/p>\n","protected":false},"excerpt":{"rendered":"<p>CIUDAD DE M\u00c9XICO. El Sistema Nacional DIF, la Secretar\u00eda de Salud y la Comisi\u00f3n de Derechos Humanos de la Ciudad<\/p>\n","protected":false},"author":4,"featured_media":8360,"comment_status":"closed","ping_status":"closed","sticky":false,"template":"","format":"standard","meta":{"colormag_page_container_layout":"default_layout","colormag_page_sidebar_layout":"default_layout","_jetpack_memberships_contains_paid_content":false,"footnotes":"","jetpack_publicize_message":"","jetpack_publicize_feature_enabled":true,"jetpack_social_post_already_shared":true,"jetpack_social_options":{"image_generator_settings":{"template":"highway","default_image_id":0,"font":"","enabled":false},"version":2}},"categories":[145],"tags":[],"class_list":["post-8359","post","type-post","status-publish","format-standard","has-post-thumbnail","hentry","category-estados"],"jetpack_publicize_connections":[],"jetpack_featured_media_url":"https:\/\/noticiasveracruz.com\/wp-content\/uploads\/2022\/09\/P-MEESCUCHAS-2022-DIF-1.png","jetpack_sharing_enabled":true,"publishpress_future_action":{"enabled":false,"date":"2026-05-07 10:37:32","action":"change-status","newStatus":"draft","terms":[],"taxonomy":"category","extraData":[]},"publishpress_future_workflow_manual_trigger":{"enabledWorkflows":[]},"_links":{"self":[{"href":"https:\/\/noticiasveracruz.com\/index.php\/wp-json\/wp\/v2\/posts\/8359","targetHints":{"allow":["GET"]}}],"collection":[{"href":"https:\/\/noticiasveracruz.com\/index.php\/wp-json\/wp\/v2\/posts"}],"about":[{"href":"https:\/\/noticiasveracruz.com\/index.php\/wp-json\/wp\/v2\/types\/post"}],"author":[{"embeddable":true,"href":"https:\/\/noticiasveracruz.com\/index.php\/wp-json\/wp\/v2\/users\/4"}],"replies":[{"embeddable":true,"href":"https:\/\/noticiasveracruz.com\/index.php\/wp-json\/wp\/v2\/comments?post=8359"}],"version-history":[{"count":0,"href":"https:\/\/noticiasveracruz.com\/index.php\/wp-json\/wp\/v2\/posts\/8359\/revisions"}],"wp:featuredmedia":[{"embeddable":true,"href":"https:\/\/noticiasveracruz.com\/index.php\/wp-json\/wp\/v2\/media\/8360"}],"wp:attachment":[{"href":"https:\/\/noticiasveracruz.com\/index.php\/wp-json\/wp\/v2\/media?parent=8359"}],"wp:term":[{"taxonomy":"category","embeddable":true,"href":"https:\/\/noticiasveracruz.com\/index.php\/wp-json\/wp\/v2\/categories?post=8359"},{"taxonomy":"post_tag","embeddable":true,"href":"https:\/\/noticiasveracruz.com\/index.php\/wp-json\/wp\/v2\/tags?post=8359"}],"curies":[{"name":"wp","href":"https:\/\/api.w.org\/{rel}","templated":true}]}}