{"id":8332,"date":"2022-09-22T08:56:15","date_gmt":"2022-09-22T13:56:15","guid":{"rendered":"https:\/\/noticiasveracruz.com\/?p=8332"},"modified":"2022-09-23T08:58:07","modified_gmt":"2022-09-23T13:58:07","slug":"gran-ambiente-previo-al-inicio-de-la-liga-invernal-copa-veracruz-2022","status":"publish","type":"post","link":"https:\/\/noticiasveracruz.com\/index.php\/2022\/09\/22\/gran-ambiente-previo-al-inicio-de-la-liga-invernal-copa-veracruz-2022\/","title":{"rendered":"Gran ambiente para iniciar la Liga Invernal Copa Veracruz 2022"},"content":{"rendered":"<p>&nbsp;<\/p>\n<p class=\"p1\"><span style=\"font-size: 14pt;\"><em><strong>TUXPAN, VERACRUZ.<\/strong><\/em><span class=\"Apple-converted-space\"><em><strong>\u00a0<\/strong><\/em>\u00a0<\/span>Se realiz\u00f3 la presentaci\u00f3n de la<span style=\"color: #e42d33;\"><strong> Liga Invernal Copa Veracruz 2022<\/strong><\/span>, que se realizar\u00e1 del 22 de octubre al 18 de diciembre, y ser\u00e1 uno de los mayores acontecimientos deportivos nuestro estado.\u00a0<\/span><\/p>\n<p class=\"p1\"><span style=\"font-size: 18pt;\"><strong>El director de Promotor\u00eda del \u201c\u00c1guila de Veracruz\u201d, Mtro. Alberto Rosendo Garc\u00eda y el director de la Copa Veracruz, Lic. Alfredo Pe\u00f1a Dom\u00ednguez, en presencia del Secretario T\u00e9cnico del Ayuntamiento, Daniel Cortina Mart\u00ednez, presentaron a empresarios de la regi\u00f3n este importante proyecto deportivo.<\/strong><\/span><\/p>\n<p>&nbsp;<\/p>\n<p><img loading=\"lazy\" decoding=\"async\" class=\"aligncenter wp-image-10491 size-large\" src=\"https:\/\/politicosaldesnudo.com.mx\/wp-content\/uploads\/2022\/09\/P-LIGA-INVERNAL-TUXPAN2-1024x573.png\" alt=\"\" width=\"800\" height=\"448\" \/><\/p>\n<p>&nbsp;<\/p>\n<p class=\"p1\"><span style=\"font-size: 14pt;\">El torneo es organizado por la Secretar\u00eda de Finanzas y Planeaci\u00f3n, Secretar\u00eda de Educaci\u00f3n, Instituto Veracruzano del Deporte (IVD), bajo la rector\u00eda del Gobierno del Estado.<\/span><\/p>\n<p class=\"p1\"><span style=\"font-size: 18pt;\"><strong>En la liga invernal participar\u00e1n 16 equipos en cuatro sedes. La fase regular constar\u00e1 de 72 partidos a jugarse en los campos An\u00e1huac (Papantla); Raciel Hern\u00e1ndez (Otatitl\u00e1n); el Estadio Municipal Gustavo Burjois Fern\u00e1ndez (Tierra Blanca) y el Parque Deportivo Col\u00f3n (Xalapa).<\/strong><\/span><\/p>\n<p class=\"p1\"><span style=\"font-size: 14pt;\">El juego por el tercer puesto y la gran final tendr\u00e1n lugar en el Estadio \u201cBeto \u00c1vila\u201d, de Boca del R\u00edo, el 17 y 18 de diciembre.<\/span><\/p>\n<p class=\"p1\"><span style=\"font-size: 14pt;\">De la misma manera, se dio a conocer que El \u00c1guila de Veracruz realizar\u00e1 visorias en Tuxpan.<\/span><\/p>\n<p>&nbsp;<\/p>\n<p>&nbsp;<\/p>\n<p>&nbsp;<\/p>\n<p>&nbsp;<\/p>\n","protected":false},"excerpt":{"rendered":"<p>&nbsp; TUXPAN, VERACRUZ.\u00a0\u00a0Se realiz\u00f3 la presentaci\u00f3n de la Liga Invernal Copa Veracruz 2022, que se realizar\u00e1 del 22 de octubre<\/p>\n","protected":false},"author":4,"featured_media":8333,"comment_status":"closed","ping_status":"closed","sticky":false,"template":"","format":"standard","meta":{"colormag_page_container_layout":"default_layout","colormag_page_sidebar_layout":"default_layout","_jetpack_memberships_contains_paid_content":false,"footnotes":"","jetpack_publicize_message":"","jetpack_publicize_feature_enabled":true,"jetpack_social_post_already_shared":true,"jetpack_social_options":{"image_generator_settings":{"template":"highway","default_image_id":0,"font":"","enabled":false},"version":2}},"categories":[356],"tags":[1407,72,73],"class_list":["post-8332","post","type-post","status-publish","format-standard","has-post-thumbnail","hentry","category-veracruz","tag-liga-invernal","tag-tuxpan","tag-veracruz"],"jetpack_publicize_connections":[],"jetpack_featured_media_url":"https:\/\/noticiasveracruz.com\/wp-content\/uploads\/2022\/09\/P-LIGA-INVERNAL-TUXPAN1.png","jetpack_sharing_enabled":true,"publishpress_future_action":{"enabled":false,"date":"2026-05-06 15:17:59","action":"change-status","newStatus":"draft","terms":[],"taxonomy":"category","extraData":[]},"publishpress_future_workflow_manual_trigger":{"enabledWorkflows":[]},"_links":{"self":[{"href":"https:\/\/noticiasveracruz.com\/index.php\/wp-json\/wp\/v2\/posts\/8332","targetHints":{"allow":["GET"]}}],"collection":[{"href":"https:\/\/noticiasveracruz.com\/index.php\/wp-json\/wp\/v2\/posts"}],"about":[{"href":"https:\/\/noticiasveracruz.com\/index.php\/wp-json\/wp\/v2\/types\/post"}],"author":[{"embeddable":true,"href":"https:\/\/noticiasveracruz.com\/index.php\/wp-json\/wp\/v2\/users\/4"}],"replies":[{"embeddable":true,"href":"https:\/\/noticiasveracruz.com\/index.php\/wp-json\/wp\/v2\/comments?post=8332"}],"version-history":[{"count":0,"href":"https:\/\/noticiasveracruz.com\/index.php\/wp-json\/wp\/v2\/posts\/8332\/revisions"}],"wp:featuredmedia":[{"embeddable":true,"href":"https:\/\/noticiasveracruz.com\/index.php\/wp-json\/wp\/v2\/media\/8333"}],"wp:attachment":[{"href":"https:\/\/noticiasveracruz.com\/index.php\/wp-json\/wp\/v2\/media?parent=8332"}],"wp:term":[{"taxonomy":"category","embeddable":true,"href":"https:\/\/noticiasveracruz.com\/index.php\/wp-json\/wp\/v2\/categories?post=8332"},{"taxonomy":"post_tag","embeddable":true,"href":"https:\/\/noticiasveracruz.com\/index.php\/wp-json\/wp\/v2\/tags?post=8332"}],"curies":[{"name":"wp","href":"https:\/\/api.w.org\/{rel}","templated":true}]}}