{"id":8316,"date":"2022-09-22T15:13:12","date_gmt":"2022-09-22T20:13:12","guid":{"rendered":"https:\/\/noticiasveracruz.com\/?p=8316"},"modified":"2022-09-22T15:14:44","modified_gmt":"2022-09-22T20:14:44","slug":"marcelo-ebrard-presenta-ante-la-onu-propuesta-de-paz-ucrania-rusia","status":"publish","type":"post","link":"https:\/\/noticiasveracruz.com\/index.php\/2022\/09\/22\/marcelo-ebrard-presenta-ante-la-onu-propuesta-de-paz-ucrania-rusia\/","title":{"rendered":"Canciller Marcelo Ebrard presenta ante la ONU propuesta de paz Ucrania-Rusia\u00a0[Video]"},"content":{"rendered":"<p>&nbsp;<\/p>\n<p class=\"p2\"><span style=\"font-size: 14pt;\"><em><strong>NUEVA YORK, ESTADOS UNIDOS.<\/strong><\/em> El canciller <strong>Marcelo Ebrard<\/strong> present\u00f3 ante el Consejo de Seguridad de la Organizaci\u00f3n de las Naciones Unidas (ONU) <span style=\"color: #e42d33;\"><strong>la propuesta de mediaci\u00f3n para la paz en Ucrania del presidente Andr\u00e9s Manuel L\u00f3pez Obrador.<\/strong><\/span><\/span><\/p>\n<p class=\"p2\"><span style=\"font-size: 18pt;\"><strong>En una sesi\u00f3n del Consejo de Seguridad celebrada en la sede de la ONU, en Nueva York, Ebrard se\u00f1al\u00f3 que la invasi\u00f3n rusa a Ucrania es \u201cun flagrante quebrantamiento a lo establecido en la Carta de las Naciones Unidas que ha violentado la paz y la seguridad internacionales\u201d.<\/strong><\/span><\/p>\n<p>&nbsp;<\/p>\n<div style=\"width: 800px;\" class=\"wp-video\"><video class=\"wp-video-shortcode\" id=\"video-8316-1\" width=\"800\" height=\"428\" preload=\"metadata\" controls=\"controls\"><source type=\"video\/mp4\" src=\"https:\/\/politicosaldesnudo.com.mx\/wp-content\/uploads\/2022\/09\/ssstwitter.com_1663876113669.mp4?_=1\" \/><a href=\"https:\/\/politicosaldesnudo.com.mx\/wp-content\/uploads\/2022\/09\/ssstwitter.com_1663876113669.mp4\">https:\/\/politicosaldesnudo.com.mx\/wp-content\/uploads\/2022\/09\/ssstwitter.com_1663876113669.mp4<\/a><\/video><\/div>\n<p>&nbsp;<\/p>\n<p class=\"p2\"><span style=\"font-size: 14pt;\">Afirm\u00f3 que desde el inicio de las hostilidades M\u00e9xico ha insistido en buscar una soluci\u00f3n diplom\u00e1tica y en atender la dimensi\u00f3n humanitaria del conflicto, sin subordinar las consideraciones pol\u00edticas y en estricto apego al derecho internacional humanitario, y afirm\u00f3 que se \u201cresignarse a la guerra es siempre ir a un precipicio\u201d.<\/span><\/p>\n<p class=\"p2\"><span style=\"font-size: 18pt;\"><strong>Dijo que el avance de la guerra con sus cuantiosos costos humanos y materiales, y el incremento de las necesidades humanitarias derivadas del conflicto<span style=\"color: #e42d33;\"> \u201crequiere con urgencia de una soluci\u00f3n diplom\u00e1tica, de un alto al fuego, y para ello se requiere voluntad pol\u00edtica de las partes y el compromiso de la comunidad internacional\u201d.<\/span><\/strong><\/span><\/p>\n<p>&nbsp;<\/p>\n<blockquote>\n<p class=\"p2\"><span style=\"font-size: 14pt;\">A\u00fan en medio de la guerra el di\u00e1logo y los acuerdos son posibles\u201d<\/span><\/p>\n<\/blockquote>\n<p>&nbsp;<\/p>\n<blockquote>\n<p class=\"p2\"><span style=\"font-size: 14pt;\">Con base en su vocaci\u00f3n pacifista, M\u00e9xico considera que la comunidad internacional debe canalizar ahora sus mejores esfuerzos para alcanzar la paz. En tal sentido, es que me permito compartirles la propuesta del presidente de M\u00e9xico, Andr\u00e9s Manuel L\u00f3pez Obrador, para fortalecer los esfuerzos del secretario general, Antonio Guterres, mediante la formaci\u00f3n de un comit\u00e9 para el di\u00e1logo y la paz en Ucrania, con la participaci\u00f3n de otros jefes de Estado y de Gobierno, incluidos de ser posible su excelencia Narendra Modi, primer ministro de India, y Su Santidad el papa Francisco\u201d<\/span><\/p>\n<\/blockquote>\n<p>&nbsp;<\/p>\n<p><img loading=\"lazy\" decoding=\"async\" class=\"aligncenter wp-image-10472 size-large\" src=\"https:\/\/politicosaldesnudo.com.mx\/wp-content\/uploads\/2022\/09\/P-MEDIADORES-PLANDEPAZ-ONU-1024x573.png\" alt=\"\" width=\"800\" height=\"448\" \/><\/p>\n<p>&nbsp;<\/p>\n<p class=\"p2\"><span style=\"font-size: 18pt;\"><strong>\u201cEl objetivo ser\u00eda muy claro: generar nuevos mecanismos para el di\u00e1logo y crear espacios complementarios para la mediaci\u00f3n que fomenten la confianza, reduzcan las tensiones y abran el camino hacia una paz verdadera\u201d, dijo Ebrard, que tambi\u00e9n presentar\u00e1 la propuesta esta tarde a la Asamble General de la ONU.<\/strong><\/span><\/p>\n<p class=\"p2\"><span style=\"font-size: 14pt;\">El canciller Marcelo Ebrard a\u00f1adi\u00f3 que desde el inicio del conflicto la posici\u00f3n de mi pa\u00eds se ha sustentado en nuestros principios constitucionales de pol\u00edtica exterior, los cuales est\u00e1n en consonancia con los principios y prop\u00f3sitos de la Carta de las Naciones Unidas, se\u00f1aladamente la no intervenci\u00f3n, la soluci\u00f3n pac\u00edfica de las controversias y la proscripci\u00f3n de la amenaza o el uso de la fuerza\u201d.<\/span><\/p>\n<p>&nbsp;<\/p>\n<p><img loading=\"lazy\" decoding=\"async\" class=\"aligncenter wp-image-10471 size-large\" src=\"https:\/\/politicosaldesnudo.com.mx\/wp-content\/uploads\/2022\/09\/P-ONU-MARCELO-EBRARD-PAZ3-1024x573.png\" alt=\"\" width=\"800\" height=\"448\" \/><\/p>\n<p>&nbsp;<\/p>\n<p class=\"p1\"><span style=\"font-size: 18pt;\"><strong><span style=\"color: #e42d33;\">Dijo que para M\u00e9xico no hay espacio para la ambig\u00fcedad y que \u201cla coexistencia pac\u00edfica de los Estados depende precisamente del respeto de todos ellos<\/span>, no puede haber excepciones\u201d, y se\u00f1al\u00f3 que es momento propicio para hacer reformas estructurales para que el Consejo no se quede inactivo en circunstancias como esta.<\/strong><\/span><\/p>\n<p class=\"p1\"><span style=\"font-size: 18pt; color: #e42d33;\"><strong>Agreg\u00f3 que para M\u00e9xico cualquier acci\u00f3n que violente la garant\u00eda b\u00e1sica de todo Estado de no ser invadido por otro pa\u00eds es ilegal e ileg\u00edtima.<\/strong><\/span><\/p>\n<p class=\"p1\">\n","protected":false},"excerpt":{"rendered":"<p>&nbsp; NUEVA YORK, ESTADOS UNIDOS. El canciller Marcelo Ebrard present\u00f3 ante el Consejo de Seguridad de la Organizaci\u00f3n de las<\/p>\n","protected":false},"author":4,"featured_media":8318,"comment_status":"closed","ping_status":"closed","sticky":false,"template":"","format":"standard","meta":{"colormag_page_container_layout":"default_layout","colormag_page_sidebar_layout":"default_layout","_jetpack_memberships_contains_paid_content":false,"footnotes":"","jetpack_publicize_message":"","jetpack_publicize_feature_enabled":true,"jetpack_social_post_already_shared":true,"jetpack_social_options":{"image_generator_settings":{"template":"highway","default_image_id":0,"font":"","enabled":false},"version":2}},"categories":[355],"tags":[499,31,614,232,1405,13,615],"class_list":["post-8316","post","type-post","status-publish","format-standard","has-post-thumbnail","hentry","category-internacional","tag-marcelo-ebrard","tag-mexico","tag-onu","tag-paz","tag-propuesta","tag-rusia","tag-ucrania"],"jetpack_publicize_connections":[],"jetpack_featured_media_url":"https:\/\/noticiasveracruz.com\/wp-content\/uploads\/2022\/09\/P-ONU-MARCELO-EBRARD-PAZ2.png","jetpack_sharing_enabled":true,"publishpress_future_action":{"enabled":false,"date":"2026-05-06 16:46:13","action":"change-status","newStatus":"draft","terms":[],"taxonomy":"category","extraData":[]},"publishpress_future_workflow_manual_trigger":{"enabledWorkflows":[]},"_links":{"self":[{"href":"https:\/\/noticiasveracruz.com\/index.php\/wp-json\/wp\/v2\/posts\/8316","targetHints":{"allow":["GET"]}}],"collection":[{"href":"https:\/\/noticiasveracruz.com\/index.php\/wp-json\/wp\/v2\/posts"}],"about":[{"href":"https:\/\/noticiasveracruz.com\/index.php\/wp-json\/wp\/v2\/types\/post"}],"author":[{"embeddable":true,"href":"https:\/\/noticiasveracruz.com\/index.php\/wp-json\/wp\/v2\/users\/4"}],"replies":[{"embeddable":true,"href":"https:\/\/noticiasveracruz.com\/index.php\/wp-json\/wp\/v2\/comments?post=8316"}],"version-history":[{"count":0,"href":"https:\/\/noticiasveracruz.com\/index.php\/wp-json\/wp\/v2\/posts\/8316\/revisions"}],"wp:featuredmedia":[{"embeddable":true,"href":"https:\/\/noticiasveracruz.com\/index.php\/wp-json\/wp\/v2\/media\/8318"}],"wp:attachment":[{"href":"https:\/\/noticiasveracruz.com\/index.php\/wp-json\/wp\/v2\/media?parent=8316"}],"wp:term":[{"taxonomy":"category","embeddable":true,"href":"https:\/\/noticiasveracruz.com\/index.php\/wp-json\/wp\/v2\/categories?post=8316"},{"taxonomy":"post_tag","embeddable":true,"href":"https:\/\/noticiasveracruz.com\/index.php\/wp-json\/wp\/v2\/tags?post=8316"}],"curies":[{"name":"wp","href":"https:\/\/api.w.org\/{rel}","templated":true}]}}