{"id":82033,"date":"2026-09-04T12:29:27","date_gmt":"2026-09-04T18:29:27","guid":{"rendered":"https:\/\/noticiasveracruz.com\/?p=82033"},"modified":"2026-09-04T12:29:27","modified_gmt":"2026-09-04T18:29:27","slug":"hallan-muerto-al-diputado-federal-zenyazen-escobar-en-la-carretera-xalapa-veracruz","status":"publish","type":"post","link":"https:\/\/noticiasveracruz.com\/index.php\/2026\/09\/04\/hallan-muerto-al-diputado-federal-zenyazen-escobar-en-la-carretera-xalapa-veracruz\/","title":{"rendered":"Hallan muerto al diputado federal Zenyazen Escobar en la carretera Xalapa-Veracruz"},"content":{"rendered":"<p><span style=\"font-size: 14pt; font-family: tahoma, arial, helvetica, sans-serif;\"><strong>La Fiscal\u00eda estatal confirm\u00f3 el fallecimiento del legislador morenista; hasta el momento se desconocen las circunstancias en las que perdi\u00f3 la vida.<\/strong><\/span><\/p>\n<p><span style=\"font-size: 14pt; font-family: tahoma, arial, helvetica, sans-serif;\"><strong>Xalapa, Ver.<\/strong>\u2013 El diputado federal de Morena, Zenyazen Roberto Escobar Garc\u00eda, fue localizado sin vida la ma\u00f1ana de este viernes 4 de septiembre en las inmediaciones de la carretera Xalapa-Veracruz.<\/span><\/p>\n<p><span style=\"font-size: 14pt; font-family: tahoma, arial, helvetica, sans-serif;\">La fiscal general del estado, Lizbeth Aurelia Jim\u00e9nez Aguirre, confirm\u00f3 que el hallazgo ocurri\u00f3 en un punto conocido como La Gloria, cerca de la comunidad de Chichicaxtle. Sin embargo, se\u00f1al\u00f3 que todav\u00eda no existen elementos suficientes para determinar c\u00f3mo sucedieron los hechos.<\/span><\/p>\n<p><span style=\"font-size: 14pt; font-family: tahoma, arial, helvetica, sans-serif;\">Personal de Servicios Periciales, agentes ministeriales y elementos de la Fiscal\u00eda de Veracruz acudieron a la zona para realizar el levantamiento de indicios e iniciar las investigaciones correspondientes.<\/span><\/p>\n<p><span style=\"font-size: 14pt; font-family: tahoma, arial, helvetica, sans-serif;\">Jim\u00e9nez Aguirre precis\u00f3 que en el sitio \u00fanicamente fue encontrada una v\u00edctima, identificada como el legislador veracruzano. Hasta ahora, la dependencia no ha confirmado si su muerte fue consecuencia de un ataque, accidente u otra circunstancia.<\/span><\/p>\n<p><span style=\"font-size: 14pt; font-family: tahoma, arial, helvetica, sans-serif;\">La informaci\u00f3n permanece en desarrollo y se espera que, una vez concluidas las primeras diligencias, las autoridades proporcionen mayores detalles sobre las condiciones en las que fue localizado y las posibles causas del fallecimiento.<\/span><\/p>\n<h3><span style=\"font-size: 14pt; font-family: tahoma, arial, helvetica, sans-serif;\">\u00bfQui\u00e9n era Zenyazen Escobar?<\/span><\/h3>\n<p><span style=\"font-size: 14pt; font-family: tahoma, arial, helvetica, sans-serif;\">Zenyazen Roberto Escobar Garc\u00eda naci\u00f3 el 4 de junio de 1984 en Nogales, Veracruz. Era maestro de profesi\u00f3n y comenz\u00f3 su trayectoria p\u00fablica vinculado al movimiento magisterial.<\/span><\/p>\n<p><span style=\"font-size: 14pt; font-family: tahoma, arial, helvetica, sans-serif;\">Fue diputado local y coordinador de la bancada de Morena en el Congreso de Veracruz. Posteriormente, durante la administraci\u00f3n de Cuitl\u00e1huac Garc\u00eda Jim\u00e9nez, encabez\u00f3 la Secretar\u00eda de Educaci\u00f3n de Veracruz.<\/span><\/p>\n<p><span style=\"font-size: 14pt; font-family: tahoma, arial, helvetica, sans-serif;\">En 2024 gan\u00f3 la diputaci\u00f3n federal por el Distrito 16, con cabecera en C\u00f3rdoba, integrado por los municipios de C\u00f3rdoba, Amatl\u00e1n de los Reyes, Cuitl\u00e1huac, Fort\u00edn, Ixtaczoquitl\u00e1n y Yanga. Formaba parte de la LXVI Legislatura, cuyo periodo conclu\u00eda en agosto de 2027.<\/span><\/p>\n<p><span style=\"font-size: 14pt; font-family: tahoma, arial, helvetica, sans-serif;\">Por el momento, la Fiscal\u00eda estatal no ha informado sobre personas detenidas ni ha dado a conocer una l\u00ednea de investigaci\u00f3n.<\/span><\/p>\n","protected":false},"excerpt":{"rendered":"<p>La Fiscal\u00eda estatal confirm\u00f3 el fallecimiento del legislador morenista; hasta el momento se desconocen las circunstancias en las que perdi\u00f3 la vida. Xalapa, Ver.\u2013 El diputado federal de Morena, Zenyazen Roberto Escobar Garc\u00eda, fue localizado sin vida la ma\u00f1ana de este viernes 4 de septiembre en las inmediaciones de la carretera Xalapa-Veracruz. La fiscal general [&hellip;]<\/p>\n","protected":false},"author":4,"featured_media":82034,"comment_status":"closed","ping_status":"closed","sticky":false,"template":"","format":"standard","meta":{"_jetpack_newsletter_access":"","_jetpack_dont_email_post_to_subs":false,"_jetpack_newsletter_tier_id":0,"_jetpack_memberships_contains_paywalled_content":false,"_jetpack_feature_clip_id":0,"_jetpack_memberships_contains_paid_content":false,"footnotes":"","jetpack_publicize_message":"","jetpack_publicize_feature_enabled":true,"jetpack_social_post_already_shared":true,"jetpack_social_options":{"image_generator_settings":{"template":"highway","default_image_id":0,"font":"","enabled":false},"version":2},"jetpack_post_was_ever_published":false},"categories":[356],"tags":[],"class_list":["post-82033","post","type-post","status-publish","format-standard","has-post-thumbnail","hentry","category-veracruz"],"jetpack_publicize_connections":[],"jetpack_sharing_enabled":true,"publishpress_future_action":{"enabled":false,"date":"2026-09-11 14:18:56","action":"change-status","newStatus":"draft","terms":[],"taxonomy":"category","extraData":[]},"publishpress_future_workflow_manual_trigger":{"enabledWorkflows":[]},"jetpack_featured_media_url":"https:\/\/noticiasveracruz.com\/wp-content\/uploads\/2026\/09\/9d6aa119-7d82-423c-918c-95271fc20c14.png","_links":{"self":[{"href":"https:\/\/noticiasveracruz.com\/index.php\/wp-json\/wp\/v2\/posts\/82033","targetHints":{"allow":["GET"]}}],"collection":[{"href":"https:\/\/noticiasveracruz.com\/index.php\/wp-json\/wp\/v2\/posts"}],"about":[{"href":"https:\/\/noticiasveracruz.com\/index.php\/wp-json\/wp\/v2\/types\/post"}],"author":[{"embeddable":true,"href":"https:\/\/noticiasveracruz.com\/index.php\/wp-json\/wp\/v2\/users\/4"}],"replies":[{"embeddable":true,"href":"https:\/\/noticiasveracruz.com\/index.php\/wp-json\/wp\/v2\/comments?post=82033"}],"version-history":[{"count":1,"href":"https:\/\/noticiasveracruz.com\/index.php\/wp-json\/wp\/v2\/posts\/82033\/revisions"}],"predecessor-version":[{"id":82035,"href":"https:\/\/noticiasveracruz.com\/index.php\/wp-json\/wp\/v2\/posts\/82033\/revisions\/82035"}],"wp:featuredmedia":[{"embeddable":true,"href":"https:\/\/noticiasveracruz.com\/index.php\/wp-json\/wp\/v2\/media\/82034"}],"wp:attachment":[{"href":"https:\/\/noticiasveracruz.com\/index.php\/wp-json\/wp\/v2\/media?parent=82033"}],"wp:term":[{"taxonomy":"category","embeddable":true,"href":"https:\/\/noticiasveracruz.com\/index.php\/wp-json\/wp\/v2\/categories?post=82033"},{"taxonomy":"post_tag","embeddable":true,"href":"https:\/\/noticiasveracruz.com\/index.php\/wp-json\/wp\/v2\/tags?post=82033"}],"curies":[{"name":"wp","href":"https:\/\/api.w.org\/{rel}","templated":true}]}}