{"id":82026,"date":"2026-09-01T18:35:16","date_gmt":"2026-09-02T00:35:16","guid":{"rendered":"https:\/\/noticiasveracruz.com\/?p=82026"},"modified":"2026-09-02T18:47:03","modified_gmt":"2026-09-03T00:47:03","slug":"que-los-enfermos-esperen","status":"publish","type":"post","link":"https:\/\/noticiasveracruz.com\/index.php\/2026\/09\/01\/que-los-enfermos-esperen\/","title":{"rendered":"Que los enfermos esperen"},"content":{"rendered":"<p><span style=\"font-size: 14pt; font-family: tahoma, arial, helvetica, sans-serif;\"><strong>R\u00fabrica<\/strong><\/span><\/p>\n<p><span style=\"font-size: 14pt; font-family: tahoma, arial, helvetica, sans-serif;\"><strong>Por Aurelio Contreras Moreno<\/strong><\/span><\/p>\n<p><span style=\"font-size: 14pt; font-family: tahoma, arial, helvetica, sans-serif;\">Algo muy grave est\u00e1 sucediendo con el manejo del dinero p\u00fablico en Veracruz. Y no se trata solamente de gastar mucho, gastar mal o de las prioridades cuestionables de una administraci\u00f3n. El problema de fondo es otro: la opacidad, el desorden administrativo y la ausencia de controles que comienzan a convertirse en rasgos distintivos del gobierno de Roc\u00edo Nahle Garc\u00eda.<\/span><\/p>\n<p><span style=\"font-size: 14pt; font-family: tahoma, arial, helvetica, sans-serif;\">Los episodios se acumulan y cada uno resulta m\u00e1s inquietante que el anterior. La remodelaci\u00f3n del Palacio de Gobierno, la sangr\u00eda financiera descubierta en la Universidad Popular Aut\u00f3noma de Veracruz (UPAV) y ahora, la pretensi\u00f3n de que el Estado termine administrando un ingenio quebrado que ser\u00e1 rescatado con recursos p\u00fablicos, parecieran asuntos independientes unos de otros. Pero existe un hilo que los conecta: dinero p\u00fablico, procedimientos oscuros y una preocupante discrecionalidad.<\/span><\/p>\n<p><span style=\"font-size: 14pt; font-family: tahoma, arial, helvetica, sans-serif;\">En una delirante contradicci\u00f3n, el pasado fin de semana trabajadores del Centro de Alta Especialidad \u201cDr. Rafael Lucio\u201d de Xalapa decidieron hacer p\u00fablica una crisis de desabasto de proporciones may\u00fasculas no solo en ese nosocomio, sino en la mayor\u00eda de los centros p\u00fablicos de salud de Veracruz, en los que faltan medicamentos, material de curaci\u00f3n, insumos quir\u00fargicos, equipo y hasta los implementos m\u00e1s elementales para atender a los enfermos.<\/span><\/p>\n<p><span style=\"font-size: 14pt; font-family: tahoma, arial, helvetica, sans-serif;\">El contraste con el dispendio en rubros en los que el Estado no tendr\u00eda por qu\u00e9 intervenir o el gasto suntuoso en hermosear un inmueble para el deleite de la nueva \u201c\u00e9lite dorada\u201d de la entidad resulta insultante.<\/span><\/p>\n<p><span style=\"font-size: 14pt; font-family: tahoma, arial, helvetica, sans-serif;\">La remodelaci\u00f3n de la sede del Poder Ejecutivo de Veracruz comenz\u00f3 envuelta en sombras. La gobernadora admiti\u00f3 apenas en julio que los trabajos ya hab\u00edan superado los 60 millones de pesos, pero hasta ahora no existe una explicaci\u00f3n p\u00fablica suficientemente documentada de cu\u00e1nto se ha gastado, en qu\u00e9 se gast\u00f3, mediante qu\u00e9 contratos y qui\u00e9nes recibieron el dinero.<\/span><\/p>\n<p><span style=\"font-size: 14pt; font-family: tahoma, arial, helvetica, sans-serif;\">Para alimentar el \u201csospechosismo\u201d, la Oficina de la Gobernadora reserv\u00f3 la informaci\u00f3n sobre el costo de esos trabajos \u2013que incluyen la colocaci\u00f3n de pisos de m\u00e1rmol y lujosos candelabros- con el pretexto de que revelarla podr\u00eda poner en riesgo la integridad de la propia Roc\u00edo Nahle, sus colaboradores y los trabajadores del Palacio, sin explicar por qu\u00e9. \u00bfDesde cu\u00e1ndo conocer cu\u00e1nto cost\u00f3 un piso, qui\u00e9n instal\u00f3 una l\u00e1mpara, cu\u00e1nto se pag\u00f3 por impermeabilizar una azotea o qu\u00e9 empresa remodel\u00f3 una oficina pone en peligro la vida de una gobernadora? Solo ellos saben.<\/span><\/p>\n<p><span style=\"font-size: 14pt; font-family: tahoma, arial, helvetica, sans-serif;\">Algo que podr\u00eda conducir a entender esta secrec\u00eda es la relaci\u00f3n con la Constructora e Inmobiliaria Karbbet, S.A. de C.V., empresa vinculada originalmente con los trabajos en Palacio de Gobierno, pero de cuya participaci\u00f3n en esa obra no aparecen p\u00fablicamente el contrato ni el expediente correspondiente. Seg\u00fan la informaci\u00f3n conocida sobre la ejecuci\u00f3n inicial de esos trabajos, los pagos incluso se habr\u00edan realizado en efectivo. Si eso ocurri\u00f3 as\u00ed, la pregunta elemental es: \u00bfcon fundamento en qu\u00e9?<\/span><\/p>\n<p><span style=\"font-size: 14pt; font-family: tahoma, arial, helvetica, sans-serif;\">Karbbet no es una empresa desconocida para el gobierno de Veracruz. Apenas en marzo pasado, la Secretar\u00eda de Infraestructura y Obras P\u00fablicas de la administraci\u00f3n de Nahle le adjudic\u00f3 la rehabilitaci\u00f3n del estadio \u201cHeriberto Jara Corona\u201d en Xalapa por 59 millones 866 mil 181 pesos con 78 centavos. El padr\u00f3n de contratistas identifica como representante de la compa\u00f1\u00eda a Carlos Alejandro Lara. Aunque distintos reportes period\u00edsticos han relacionado tambi\u00e9n a Carlos Alejandro Abreu con la propiedad de la constructora, que fue adem\u00e1s la encargada de los trabajos realizados en la calle Rafael Lucio, en pleno centro de Xalapa, donde el 4 de julio de 2024 muri\u00f3 un adulto mayor vendedor de peri\u00f3dicos luego de ser arrollado por una aplanadora de aproximadamente 16 toneladas.<\/span><\/p>\n<p><span style=\"font-size: 14pt; font-family: tahoma, arial, helvetica, sans-serif;\">Dos a\u00f1os despu\u00e9s de ese tr\u00e1gico suceso, la misma constructora obtuvo del gobierno estatal una obra que rebas\u00f3 ya los 60 millones de pesos de costo. Y en lugar de despejar dudas, el gobierno cerr\u00f3 toda la informaci\u00f3n. Como ha sido costumbre de todos los gobiernos morenistas.<\/span><\/p>\n<p><span style=\"font-size: 14pt; font-family: tahoma, arial, helvetica, sans-serif;\">En medio de este panorama sobrevino la crisis del Ingenio San Pedro, en Lerdo de Tejada, cuyo propietario, Grupo Porres, anunci\u00f3 que ya no pod\u00eda continuar oper\u00e1ndolo. Entonces, por qu\u00e9 no, intervino el gobierno de Nahle y finalmente se inform\u00f3 que la empresa \u201cdevolver\u00e1\u201d la factor\u00eda al gobierno federal, al que perteneci\u00f3 originalmente antes de ser privatizada. La propia gobernadora ha dicho que la intenci\u00f3n es que, posteriormente, la Federaci\u00f3n entregue el ingenio al Gobierno de Veracruz y hasta se anunci\u00f3 la creaci\u00f3n de un nuevo ente burocr\u00e1tico para operarlo.<\/span><\/p>\n<p><span style=\"font-size: 14pt; font-family: tahoma, arial, helvetica, sans-serif;\">Una cosa es proteger a los trabajadores y otra muy distinta socializar las p\u00e9rdidas de una empresa privada para despu\u00e9s colocar una factor\u00eda quebrada bajo el control de una administraci\u00f3n cuya transparencia financiera est\u00e1 severamente cuestionada. Y si la Federaci\u00f3n rescata el ingenio con recursos de todos los mexicanos, \u00bfpor qu\u00e9 tendr\u00eda posteriormente que transferirlo al Gobierno de Veracruz? \u00bfPor qu\u00e9 su operaci\u00f3n tienen que financiarla todos los veracruzanos? Y sobre todo, \u00bfqu\u00e9 garant\u00edas existen de que no terminar\u00e1 convertido en otro negocio para personajes cercanos, muy cercanos, al c\u00edrculo del poder estatal, con muchos intereses particularmente en ese ramo, el del campo?<\/span><\/p>\n<p><span style=\"font-size: 14pt; font-family: tahoma, arial, helvetica, sans-serif;\">Entre tanto, la emergencia denunciada en el CAE mostr\u00f3 con brutal claridad cu\u00e1les son las prioridades de una administraci\u00f3n que puede disponer de recursos para obras suntuarias, aventuras empresariales y gastos pol\u00edticamente rentables, pero que es incapaz de garantizar lo indispensable para atender la salud de los ciudadanos. En Veracruz parece haber dinero para el m\u00e1rmol de Palacio, para rescatar ingenios y crear burocracia que los administre.<\/span><\/p>\n<p><span style=\"font-size: 14pt; font-family: tahoma, arial, helvetica, sans-serif;\">Pero para guantes, term\u00f3metros y material quir\u00fargico, los enfermos tienen que esperar. Y cuidadito y se mueran, golpistas odiadores.<\/span><\/p>\n<p>&nbsp;<\/p>\n<p><span style=\"font-size: 14pt; font-family: tahoma, arial, helvetica, sans-serif;\">Email: <a href=\"mailto:aureliocontreras@gmail.com\">aureliocontreras@gmail.com<\/a><\/span><\/p>\n<p><span style=\"font-size: 14pt; font-family: tahoma, arial, helvetica, sans-serif;\">X: @yeyocontreras<\/span><\/p>\n","protected":false},"excerpt":{"rendered":"<p>R\u00fabrica Por Aurelio Contreras Moreno Algo muy grave est\u00e1 sucediendo con el manejo del dinero p\u00fablico en Veracruz. Y no se trata solamente de gastar mucho, gastar mal o de las prioridades cuestionables de una administraci\u00f3n. El problema de fondo es otro: la opacidad, el desorden administrativo y la ausencia de controles que comienzan a [&hellip;]<\/p>\n","protected":false},"author":4,"featured_media":72061,"comment_status":"closed","ping_status":"closed","sticky":false,"template":"","format":"standard","meta":{"_jetpack_newsletter_access":"","_jetpack_dont_email_post_to_subs":false,"_jetpack_newsletter_tier_id":0,"_jetpack_memberships_contains_paywalled_content":false,"_jetpack_feature_clip_id":0,"_jetpack_memberships_contains_paid_content":false,"footnotes":"","jetpack_publicize_message":"","jetpack_publicize_feature_enabled":true,"jetpack_social_post_already_shared":true,"jetpack_social_options":{"image_generator_settings":{"template":"highway","default_image_id":0,"font":"","enabled":false},"version":2},"jetpack_post_was_ever_published":false},"categories":[6],"tags":[3392,3393],"class_list":["post-82026","post","type-post","status-publish","format-standard","has-post-thumbnail","hentry","category-columnistas","tag-aurelio-contreras-moreno","tag-rubrica"],"jetpack_publicize_connections":[],"jetpack_sharing_enabled":true,"publishpress_future_action":{"enabled":false,"date":"2026-09-09 20:52:40","action":"change-status","newStatus":"draft","terms":[],"taxonomy":"category","extraData":[]},"publishpress_future_workflow_manual_trigger":{"enabledWorkflows":[]},"jetpack_featured_media_url":"https:\/\/noticiasveracruz.com\/wp-content\/uploads\/2026\/01\/AURELIO.jpg","_links":{"self":[{"href":"https:\/\/noticiasveracruz.com\/index.php\/wp-json\/wp\/v2\/posts\/82026","targetHints":{"allow":["GET"]}}],"collection":[{"href":"https:\/\/noticiasveracruz.com\/index.php\/wp-json\/wp\/v2\/posts"}],"about":[{"href":"https:\/\/noticiasveracruz.com\/index.php\/wp-json\/wp\/v2\/types\/post"}],"author":[{"embeddable":true,"href":"https:\/\/noticiasveracruz.com\/index.php\/wp-json\/wp\/v2\/users\/4"}],"replies":[{"embeddable":true,"href":"https:\/\/noticiasveracruz.com\/index.php\/wp-json\/wp\/v2\/comments?post=82026"}],"version-history":[{"count":1,"href":"https:\/\/noticiasveracruz.com\/index.php\/wp-json\/wp\/v2\/posts\/82026\/revisions"}],"predecessor-version":[{"id":82027,"href":"https:\/\/noticiasveracruz.com\/index.php\/wp-json\/wp\/v2\/posts\/82026\/revisions\/82027"}],"wp:featuredmedia":[{"embeddable":true,"href":"https:\/\/noticiasveracruz.com\/index.php\/wp-json\/wp\/v2\/media\/72061"}],"wp:attachment":[{"href":"https:\/\/noticiasveracruz.com\/index.php\/wp-json\/wp\/v2\/media?parent=82026"}],"wp:term":[{"taxonomy":"category","embeddable":true,"href":"https:\/\/noticiasveracruz.com\/index.php\/wp-json\/wp\/v2\/categories?post=82026"},{"taxonomy":"post_tag","embeddable":true,"href":"https:\/\/noticiasveracruz.com\/index.php\/wp-json\/wp\/v2\/tags?post=82026"}],"curies":[{"name":"wp","href":"https:\/\/api.w.org\/{rel}","templated":true}]}}