{"id":82021,"date":"2026-09-02T18:15:43","date_gmt":"2026-09-03T00:15:43","guid":{"rendered":"https:\/\/noticiasveracruz.com\/?p=82021"},"modified":"2026-09-02T18:15:43","modified_gmt":"2026-09-03T00:15:43","slug":"trump-quiere-bautizar-con-su-apellido-al-estrecho-de-ormuz-en-plena-ofensiva-contra-iran","status":"publish","type":"post","link":"https:\/\/noticiasveracruz.com\/index.php\/2026\/09\/02\/trump-quiere-bautizar-con-su-apellido-al-estrecho-de-ormuz-en-plena-ofensiva-contra-iran\/","title":{"rendered":"Trump quiere bautizar con su apellido al estrecho de Ormuz en plena ofensiva contra Ir\u00e1n"},"content":{"rendered":"<p><span style=\"font-size: 14pt; font-family: tahoma, arial, helvetica, sans-serif;\">Donald Trump volvi\u00f3 a generar pol\u00e9mica internacional al sugerir que el estrecho de Ormuz, una de las rutas mar\u00edtimas m\u00e1s importantes del mundo, sea rebautizado como \u201cestrecho de Trump\u201d.<\/span><\/p>\n<p><span style=\"font-size: 14pt; font-family: tahoma, arial, helvetica, sans-serif;\">El presidente estadounidense lanz\u00f3 la propuesta mediante una publicaci\u00f3n en Truth Social, donde asegur\u00f3 que la zona se encuentra bajo el control de su pa\u00eds y afirm\u00f3 que el nuevo nombre har\u00eda al paso mar\u00edtimo \u201cm\u00e1s sexy que nunca\u201d.<\/span><\/p>\n<p><span style=\"font-size: 14pt; font-family: tahoma, arial, helvetica, sans-serif;\">La declaraci\u00f3n ocurre en medio de una nueva escalada militar entre Estados Unidos e Ir\u00e1n. Washington atac\u00f3 instalaciones de radar, sistemas de misiles y posiciones militares construidas cerca del estrecho, mientras Teher\u00e1n respondi\u00f3 con drones y proyectiles contra bases estadounidenses y pa\u00edses aliados de la regi\u00f3n.<\/span><\/p>\n<p><span style=\"font-size: 14pt; font-family: tahoma, arial, helvetica, sans-serif;\">Desde agosto, Trump sostiene que la Marina estadounidense domina completamente la circulaci\u00f3n por Ormuz y decide qu\u00e9 embarcaciones pueden atravesarlo. La Casa Blanca tambi\u00e9n ha difundido esa postura en comunicados oficiales, aunque el estrecho no pertenece territorialmente a Estados Unidos.<\/span><\/p>\n<p><span style=\"font-size: 14pt; font-family: tahoma, arial, helvetica, sans-serif;\">El paso mar\u00edtimo se ubica entre Ir\u00e1n y Om\u00e1n y conecta el golfo P\u00e9rsico con el golfo de Om\u00e1n. Por sus aguas circula una parte considerable del petr\u00f3leo y gas que se comercializa en el planeta, por lo que cualquier interrupci\u00f3n provoca preocupaci\u00f3n en los mercados energ\u00e9ticos.<\/span><\/p>\n<p><span style=\"font-size: 14pt; font-family: tahoma, arial, helvetica, sans-serif;\">La actividad comercial en la zona ha disminuido debido a los ataques, bloqueos y riesgos para las embarcaciones. La tensi\u00f3n ya ha impulsado el precio internacional del petr\u00f3leo y elevado el temor de que el conflicto afecte el suministro mundial.<\/span><\/p>\n<p><span style=\"font-size: 14pt; font-family: tahoma, arial, helvetica, sans-serif;\">La propuesta de Trump no fue presentada como una iniciativa diplom\u00e1tica formal ni cuenta con el respaldo de los pa\u00edses ribere\u00f1os. Hasta ahora se limita a un planteamiento publicado en redes sociales.<\/span><\/p>\n<p><span style=\"font-size: 14pt; font-family: tahoma, arial, helvetica, sans-serif;\">No es la primera vez que el mandatario pretende modificar nombres geogr\u00e1ficos. Durante su segundo periodo presidencial impuls\u00f3 la denominaci\u00f3n \u201cGolfo de Am\u00e9rica\u201d para referirse al golfo de M\u00e9xico y recientemente orden\u00f3 que Estados Unidos llame \u201clago Am\u00e9rica\u201d al lago Ontario, compartido con Canad\u00e1.<\/span><\/p>\n<p><span style=\"font-size: 14pt; font-family: tahoma, arial, helvetica, sans-serif;\">La idea de colocar su apellido al estrecho se suma ahora a una serie de declaraciones con las que Trump busca proyectar el poder militar estadounidense en Oriente Medio, mientras descarta retomar negociaciones inmediatas con el Gobierno iran\u00ed.<\/span><\/p>\n","protected":false},"excerpt":{"rendered":"<p>Donald Trump volvi\u00f3 a generar pol\u00e9mica internacional al sugerir que el estrecho de Ormuz, una de las rutas mar\u00edtimas m\u00e1s importantes del mundo, sea rebautizado como \u201cestrecho de Trump\u201d. El presidente estadounidense lanz\u00f3 la propuesta mediante una publicaci\u00f3n en Truth Social, donde asegur\u00f3 que la zona se encuentra bajo el control de su pa\u00eds y [&hellip;]<\/p>\n","protected":false},"author":4,"featured_media":82022,"comment_status":"closed","ping_status":"closed","sticky":false,"template":"","format":"standard","meta":{"_jetpack_newsletter_access":"","_jetpack_dont_email_post_to_subs":false,"_jetpack_newsletter_tier_id":0,"_jetpack_memberships_contains_paywalled_content":false,"_jetpack_feature_clip_id":0,"_jetpack_memberships_contains_paid_content":false,"footnotes":"","jetpack_publicize_message":"","jetpack_publicize_feature_enabled":true,"jetpack_social_post_already_shared":true,"jetpack_social_options":{"image_generator_settings":{"template":"highway","default_image_id":0,"font":"","enabled":false},"version":2},"jetpack_post_was_ever_published":false},"categories":[355],"tags":[],"class_list":["post-82021","post","type-post","status-publish","format-standard","has-post-thumbnail","hentry","category-internacional"],"jetpack_publicize_connections":[],"jetpack_sharing_enabled":true,"publishpress_future_action":{"enabled":false,"date":"2026-09-09 21:54:34","action":"change-status","newStatus":"draft","terms":[],"taxonomy":"category","extraData":[]},"publishpress_future_workflow_manual_trigger":{"enabledWorkflows":[]},"jetpack_featured_media_url":"https:\/\/noticiasveracruz.com\/wp-content\/uploads\/2026\/09\/P20260827MR-0955.webp","_links":{"self":[{"href":"https:\/\/noticiasveracruz.com\/index.php\/wp-json\/wp\/v2\/posts\/82021","targetHints":{"allow":["GET"]}}],"collection":[{"href":"https:\/\/noticiasveracruz.com\/index.php\/wp-json\/wp\/v2\/posts"}],"about":[{"href":"https:\/\/noticiasveracruz.com\/index.php\/wp-json\/wp\/v2\/types\/post"}],"author":[{"embeddable":true,"href":"https:\/\/noticiasveracruz.com\/index.php\/wp-json\/wp\/v2\/users\/4"}],"replies":[{"embeddable":true,"href":"https:\/\/noticiasveracruz.com\/index.php\/wp-json\/wp\/v2\/comments?post=82021"}],"version-history":[{"count":1,"href":"https:\/\/noticiasveracruz.com\/index.php\/wp-json\/wp\/v2\/posts\/82021\/revisions"}],"predecessor-version":[{"id":82023,"href":"https:\/\/noticiasveracruz.com\/index.php\/wp-json\/wp\/v2\/posts\/82021\/revisions\/82023"}],"wp:featuredmedia":[{"embeddable":true,"href":"https:\/\/noticiasveracruz.com\/index.php\/wp-json\/wp\/v2\/media\/82022"}],"wp:attachment":[{"href":"https:\/\/noticiasveracruz.com\/index.php\/wp-json\/wp\/v2\/media?parent=82021"}],"wp:term":[{"taxonomy":"category","embeddable":true,"href":"https:\/\/noticiasveracruz.com\/index.php\/wp-json\/wp\/v2\/categories?post=82021"},{"taxonomy":"post_tag","embeddable":true,"href":"https:\/\/noticiasveracruz.com\/index.php\/wp-json\/wp\/v2\/tags?post=82021"}],"curies":[{"name":"wp","href":"https:\/\/api.w.org\/{rel}","templated":true}]}}