{"id":81999,"date":"2026-09-01T00:31:06","date_gmt":"2026-09-01T06:31:06","guid":{"rendered":"https:\/\/noticiasveracruz.com\/?p=81999"},"modified":"2026-09-02T00:39:32","modified_gmt":"2026-09-02T06:39:32","slug":"congreso-recibe-el-segundo-informe-de-sheinbaum-inicia-revision-legislativa","status":"publish","type":"post","link":"https:\/\/noticiasveracruz.com\/index.php\/2026\/09\/01\/congreso-recibe-el-segundo-informe-de-sheinbaum-inicia-revision-legislativa\/","title":{"rendered":"Congreso recibe el Segundo Informe de Sheinbaum; inicia revisi\u00f3n legislativa"},"content":{"rendered":"<p><span style=\"font-size: 14pt; font-family: tahoma, arial, helvetica, sans-serif;\">La secretaria de Gobernaci\u00f3n, Rosa Icela Rodr\u00edguez, present\u00f3 formalmente ante el Congreso de la Uni\u00f3n el Segundo Informe de Gobierno de la presidenta Claudia Sheinbaum Pardo.<\/span><\/p>\n<p><span style=\"font-size: 14pt; font-family: tahoma, arial, helvetica, sans-serif;\">El documento fue entregado este martes a la Mesa Directiva durante la sesi\u00f3n de Congreso General, con la que tambi\u00e9n qued\u00f3 inaugurado el nuevo periodo ordinario de sesiones del Poder Legislativo.<\/span><\/p>\n<p><span style=\"font-size: 14pt; font-family: tahoma, arial, helvetica, sans-serif;\">Al encuentro acudieron 91 senadores y 325 diputados, quienes recibieron el informe que re\u00fane los resultados y acciones correspondientes al segundo a\u00f1o de la administraci\u00f3n federal.<\/span><\/p>\n<p><span style=\"font-size: 14pt; font-family: tahoma, arial, helvetica, sans-serif;\">Tras su recepci\u00f3n, el documento ser\u00e1 distribuido entre las distintas fuerzas parlamentarias para comenzar su an\u00e1lisis. Posteriormente se desarrollar\u00e1 la glosa, proceso mediante el cual los legisladores revisan la informaci\u00f3n presentada y llaman a comparecer a integrantes del gabinete para explicar las pol\u00edticas y resultados de sus respectivas dependencias.<\/span><\/p>\n<p><span style=\"font-size: 14pt; font-family: tahoma, arial, helvetica, sans-serif;\">Con este acto, el Gobierno federal cumpli\u00f3 con la obligaci\u00f3n constitucional de informar al Congreso sobre el estado que guarda la administraci\u00f3n p\u00fablica del pa\u00eds.<\/span><\/p>\n","protected":false},"excerpt":{"rendered":"<p>La secretaria de Gobernaci\u00f3n, Rosa Icela Rodr\u00edguez, present\u00f3 formalmente ante el Congreso de la Uni\u00f3n el Segundo Informe de Gobierno de la presidenta Claudia Sheinbaum Pardo. El documento fue entregado este martes a la Mesa Directiva durante la sesi\u00f3n de Congreso General, con la que tambi\u00e9n qued\u00f3 inaugurado el nuevo periodo ordinario de sesiones del [&hellip;]<\/p>\n","protected":false},"author":4,"featured_media":82001,"comment_status":"closed","ping_status":"closed","sticky":false,"template":"","format":"standard","meta":{"_jetpack_newsletter_access":"","_jetpack_dont_email_post_to_subs":false,"_jetpack_newsletter_tier_id":0,"_jetpack_memberships_contains_paywalled_content":false,"_jetpack_feature_clip_id":0,"_jetpack_memberships_contains_paid_content":false,"footnotes":"","jetpack_publicize_message":"","jetpack_publicize_feature_enabled":true,"jetpack_social_post_already_shared":true,"jetpack_social_options":{"image_generator_settings":{"template":"highway","default_image_id":0,"font":"","enabled":false},"version":2},"jetpack_post_was_ever_published":false},"categories":[4],"tags":[],"class_list":["post-81999","post","type-post","status-publish","format-standard","has-post-thumbnail","hentry","category-nacional"],"jetpack_publicize_connections":[],"jetpack_sharing_enabled":true,"publishpress_future_action":{"enabled":false,"date":"2026-09-09 02:46:40","action":"change-status","newStatus":"draft","terms":[],"taxonomy":"category","extraData":[]},"publishpress_future_workflow_manual_trigger":{"enabledWorkflows":[]},"jetpack_featured_media_url":"https:\/\/noticiasveracruz.com\/wp-content\/uploads\/2026\/09\/790572007_1611715283639614_187349255645009408_n.jpg","_links":{"self":[{"href":"https:\/\/noticiasveracruz.com\/index.php\/wp-json\/wp\/v2\/posts\/81999","targetHints":{"allow":["GET"]}}],"collection":[{"href":"https:\/\/noticiasveracruz.com\/index.php\/wp-json\/wp\/v2\/posts"}],"about":[{"href":"https:\/\/noticiasveracruz.com\/index.php\/wp-json\/wp\/v2\/types\/post"}],"author":[{"embeddable":true,"href":"https:\/\/noticiasveracruz.com\/index.php\/wp-json\/wp\/v2\/users\/4"}],"replies":[{"embeddable":true,"href":"https:\/\/noticiasveracruz.com\/index.php\/wp-json\/wp\/v2\/comments?post=81999"}],"version-history":[{"count":1,"href":"https:\/\/noticiasveracruz.com\/index.php\/wp-json\/wp\/v2\/posts\/81999\/revisions"}],"predecessor-version":[{"id":82002,"href":"https:\/\/noticiasveracruz.com\/index.php\/wp-json\/wp\/v2\/posts\/81999\/revisions\/82002"}],"wp:featuredmedia":[{"embeddable":true,"href":"https:\/\/noticiasveracruz.com\/index.php\/wp-json\/wp\/v2\/media\/82001"}],"wp:attachment":[{"href":"https:\/\/noticiasveracruz.com\/index.php\/wp-json\/wp\/v2\/media?parent=81999"}],"wp:term":[{"taxonomy":"category","embeddable":true,"href":"https:\/\/noticiasveracruz.com\/index.php\/wp-json\/wp\/v2\/categories?post=81999"},{"taxonomy":"post_tag","embeddable":true,"href":"https:\/\/noticiasveracruz.com\/index.php\/wp-json\/wp\/v2\/tags?post=81999"}],"curies":[{"name":"wp","href":"https:\/\/api.w.org\/{rel}","templated":true}]}}