{"id":81996,"date":"2026-09-01T00:27:54","date_gmt":"2026-09-01T06:27:54","guid":{"rendered":"https:\/\/noticiasveracruz.com\/?p=81996"},"modified":"2026-09-02T00:31:00","modified_gmt":"2026-09-02T06:31:00","slug":"familiares-de-lopez-obrador-ocupan-cargos-en-el-gobierno-de-veracruz-ahued-descarta-irregularidades","status":"publish","type":"post","link":"https:\/\/noticiasveracruz.com\/index.php\/2026\/09\/01\/familiares-de-lopez-obrador-ocupan-cargos-en-el-gobierno-de-veracruz-ahued-descarta-irregularidades\/","title":{"rendered":"Familiares de L\u00f3pez Obrador ocupan cargos en el Gobierno de Veracruz; Ahued descarta irregularidades"},"content":{"rendered":"<p><span style=\"font-size: 14pt; font-family: tahoma, arial, helvetica, sans-serif;\">Tres sobrinos del expresidente Andr\u00e9s Manuel L\u00f3pez Obrador y el esposo de una de ellos forman parte de la administraci\u00f3n p\u00fablica de Veracruz, confirm\u00f3 el secretario de Gobierno estatal, Ricardo Ahued Bardahuil.<\/span><\/p>\n<p><span style=\"font-size: 14pt; font-family: tahoma, arial, helvetica, sans-serif;\">Se trata de los <strong>hijos de Arturo L\u00f3pez Obrador,<\/strong> hermano del exmandatario federal, quienes desempe\u00f1an diferentes responsabilidades dentro del gobierno veracruzano.<\/span><\/p>\n<p><span style=\"font-size: 14pt; font-family: tahoma, arial, helvetica, sans-serif;\"><strong>Pedro L\u00f3pez Herrer\u00eda trabaja en la Secretar\u00eda de Gobierno<\/strong>; <strong>Erandi L\u00f3pez Herrer\u00eda se encuentra al frente de El Colegio de Veracruz, mientras que Tarheni Andrea L\u00f3pez Herrer\u00eda ocupa una subdirecci\u00f3n en la Administraci\u00f3n del Patrimonio de la Beneficencia P\u00fablica estatal.<\/strong><\/span><\/p>\n<p><span style=\"font-size: 14pt; font-family: tahoma, arial, helvetica, sans-serif;\">A la lista se suma <strong>Leonel Efr\u00e9n Rivera Pinete, esposo de Erandi L\u00f3pez Herrer\u00eda y yerno de Arturo L\u00f3pez Obrador, quien actualmente se desempe\u00f1a como director de Salud P\u00fablica.<\/strong><\/span><\/p>\n<p><span style=\"font-size: 14pt; font-family: tahoma, arial, helvetica, sans-serif;\">Ante los cuestionamientos por la presencia de esta familia en la n\u00f3mina gubernamental, Ahued neg\u00f3 que se trate de personas que cobran sin trabajar. Asegur\u00f3 que cumplen diariamente con sus funciones y cuentan con la preparaci\u00f3n y experiencia necesarias para ocupar sus respectivos puestos.<\/span><\/p>\n<p><span style=\"font-size: 14pt; font-family: tahoma, arial, helvetica, sans-serif;\">El funcionario tambi\u00e9n sostuvo que las remuneraciones asignadas corresponden a las responsabilidades de cada cargo. Consider\u00f3 injusto que se desacredite a los servidores p\u00fablicos \u00fanicamente por sus v\u00ednculos familiares con el expresidente.<\/span><\/p>\n<p><span style=\"font-size: 14pt; font-family: tahoma, arial, helvetica, sans-serif;\">Asimismo, se\u00f1al\u00f3 que las diferencias personales que existir\u00edan entre <strong>Andr\u00e9s Manuel L\u00f3pez Obrador<\/strong> y su hermano Arturo no deber\u00edan afectar las oportunidades laborales de sus familiares.<\/span><\/p>\n","protected":false},"excerpt":{"rendered":"<p>Tres sobrinos del expresidente Andr\u00e9s Manuel L\u00f3pez Obrador y el esposo de una de ellos forman parte de la administraci\u00f3n p\u00fablica de Veracruz, confirm\u00f3 el secretario de Gobierno estatal, Ricardo Ahued Bardahuil. Se trata de los hijos de Arturo L\u00f3pez Obrador, hermano del exmandatario federal, quienes desempe\u00f1an diferentes responsabilidades dentro del gobierno veracruzano. Pedro L\u00f3pez [&hellip;]<\/p>\n","protected":false},"author":4,"featured_media":81997,"comment_status":"closed","ping_status":"closed","sticky":false,"template":"","format":"standard","meta":{"_jetpack_newsletter_access":"","_jetpack_dont_email_post_to_subs":false,"_jetpack_newsletter_tier_id":0,"_jetpack_memberships_contains_paywalled_content":false,"_jetpack_feature_clip_id":0,"_jetpack_memberships_contains_paid_content":false,"footnotes":"","jetpack_publicize_message":"","jetpack_publicize_feature_enabled":true,"jetpack_social_post_already_shared":true,"jetpack_social_options":{"image_generator_settings":{"template":"highway","default_image_id":0,"font":"","enabled":false},"version":2},"jetpack_post_was_ever_published":false},"categories":[356],"tags":[],"class_list":["post-81996","post","type-post","status-publish","format-standard","has-post-thumbnail","hentry","category-veracruz"],"jetpack_publicize_connections":[],"jetpack_sharing_enabled":true,"publishpress_future_action":{"enabled":false,"date":"2026-09-09 02:46:17","action":"change-status","newStatus":"draft","terms":[],"taxonomy":"category","extraData":[]},"publishpress_future_workflow_manual_trigger":{"enabledWorkflows":[]},"jetpack_featured_media_url":"https:\/\/noticiasveracruz.com\/wp-content\/uploads\/2026\/09\/ChatGPT-Image-2-sept-2026-00_30_01.png","_links":{"self":[{"href":"https:\/\/noticiasveracruz.com\/index.php\/wp-json\/wp\/v2\/posts\/81996","targetHints":{"allow":["GET"]}}],"collection":[{"href":"https:\/\/noticiasveracruz.com\/index.php\/wp-json\/wp\/v2\/posts"}],"about":[{"href":"https:\/\/noticiasveracruz.com\/index.php\/wp-json\/wp\/v2\/types\/post"}],"author":[{"embeddable":true,"href":"https:\/\/noticiasveracruz.com\/index.php\/wp-json\/wp\/v2\/users\/4"}],"replies":[{"embeddable":true,"href":"https:\/\/noticiasveracruz.com\/index.php\/wp-json\/wp\/v2\/comments?post=81996"}],"version-history":[{"count":1,"href":"https:\/\/noticiasveracruz.com\/index.php\/wp-json\/wp\/v2\/posts\/81996\/revisions"}],"predecessor-version":[{"id":81998,"href":"https:\/\/noticiasveracruz.com\/index.php\/wp-json\/wp\/v2\/posts\/81996\/revisions\/81998"}],"wp:featuredmedia":[{"embeddable":true,"href":"https:\/\/noticiasveracruz.com\/index.php\/wp-json\/wp\/v2\/media\/81997"}],"wp:attachment":[{"href":"https:\/\/noticiasveracruz.com\/index.php\/wp-json\/wp\/v2\/media?parent=81996"}],"wp:term":[{"taxonomy":"category","embeddable":true,"href":"https:\/\/noticiasveracruz.com\/index.php\/wp-json\/wp\/v2\/categories?post=81996"},{"taxonomy":"post_tag","embeddable":true,"href":"https:\/\/noticiasveracruz.com\/index.php\/wp-json\/wp\/v2\/tags?post=81996"}],"curies":[{"name":"wp","href":"https:\/\/api.w.org\/{rel}","templated":true}]}}