{"id":81987,"date":"2026-08-31T21:52:24","date_gmt":"2026-09-01T03:52:24","guid":{"rendered":"https:\/\/noticiasveracruz.com\/?p=81987"},"modified":"2026-08-31T21:52:24","modified_gmt":"2026-09-01T03:52:24","slug":"falla-en-lineas-de-cfe-deja-sin-electricidad-a-zonas-de-yucatan-quintana-roo-y-chiapas","status":"publish","type":"post","link":"https:\/\/noticiasveracruz.com\/index.php\/2026\/08\/31\/falla-en-lineas-de-cfe-deja-sin-electricidad-a-zonas-de-yucatan-quintana-roo-y-chiapas\/","title":{"rendered":"Falla en l\u00edneas de CFE deja sin electricidad a zonas de Yucat\u00e1n, Quintana Roo y Chiapas"},"content":{"rendered":"<p><span style=\"font-size: 14pt; font-family: tahoma, arial, helvetica, sans-serif;\"><strong>La desconexi\u00f3n de dos l\u00edneas de transmisi\u00f3n provoc\u00f3 interrupciones parciales del suministro el\u00e9ctrico en tres estados del sureste mexicano. Cuadrillas de la empresa fueron desplegadas para recuperar el servicio.<\/strong><\/span><\/p>\n<p><span style=\"font-size: 14pt; font-family: tahoma, arial, helvetica, sans-serif;\">Una falla en la red de transmisi\u00f3n de la Comisi\u00f3n Federal de Electricidad (CFE) dej\u00f3 sin energ\u00eda el\u00e9ctrica a usuarios de Yucat\u00e1n, Quintana Roo y Chiapas durante la noche del lunes 31 de agosto.<\/span><\/p>\n<p><span style=\"font-size: 14pt; font-family: tahoma, arial, helvetica, sans-serif;\">La empresa estatal confirm\u00f3 que el incidente se origin\u00f3 por la desconexi\u00f3n de dos l\u00edneas de transmisi\u00f3n, situaci\u00f3n que afect\u00f3 parcialmente el suministro en diferentes puntos de las tres entidades.<\/span><\/p>\n<p><span style=\"font-size: 14pt; font-family: tahoma, arial, helvetica, sans-serif;\">Tras detectarse el problema, personal t\u00e9cnico inici\u00f3 maniobras para recuperar la operaci\u00f3n de la infraestructura y restablecer la electricidad en el menor tiempo posible.<\/span><\/p>\n<p><span style=\"font-size: 14pt; font-family: tahoma, arial, helvetica, sans-serif;\">En Quintana Roo se recibieron reportes de interrupciones en Canc\u00fan, Chetumal y Playa del Carmen, entre otras localidades. Usuarios recurrieron a las redes sociales para informar sobre apagones y solicitar informaci\u00f3n respecto al tiempo estimado para la normalizaci\u00f3n del servicio.<\/span><\/p>\n<p><span style=\"font-size: 14pt; font-family: tahoma, arial, helvetica, sans-serif;\">La CFE se\u00f1al\u00f3 que mantiene comunicaci\u00f3n con los gobiernos de los estados afectados para coordinar la atenci\u00f3n del incidente y responder ante cualquier eventualidad derivada de la falta de energ\u00eda.<\/span><\/p>\n<p><iframe loading=\"lazy\" style=\"border: none; overflow: hidden;\" src=\"https:\/\/www.facebook.com\/plugins\/post.php?href=https%3A%2F%2Fwww.facebook.com%2FCFENacional%2Fposts%2Fpfbid02FXHt9FwqgCbrMNUhhSSwodbXFHbqE1UoFBz5Yjs2M5Xu5EAPAH7nksqiwKBqpJJdl&amp;show_text=true&amp;width=500\" width=\"500\" height=\"277\" frameborder=\"0\" scrolling=\"no\" allowfullscreen=\"allowfullscreen\" data-mce-fragment=\"1\"><\/iframe><\/p>\n<p><span style=\"font-size: 14pt; font-family: tahoma, arial, helvetica, sans-serif;\">Hasta el \u00faltimo reporte, la empresa no hab\u00eda precisado cu\u00e1ntos usuarios resultaron afectados, cu\u00e1nto tiempo permanecer\u00edan sin electricidad ni las causas que provocaron la desconexi\u00f3n de las l\u00edneas.<\/span><\/p>\n<p><span style=\"font-size: 14pt; font-family: tahoma, arial, helvetica, sans-serif;\">Las cuadrillas continuaban trabajando en las zonas afectadas, mientras la poblaci\u00f3n permanec\u00eda pendiente de nuevos informes oficiales sobre el avance de las labores y la recuperaci\u00f3n total del suministro el\u00e9ctrico.<\/span><\/p>\n<p><span style=\"font-size: 14pt; font-family: tahoma, arial, helvetica, sans-serif;\">La informaci\u00f3n sobre la desconexi\u00f3n y las maniobras de restablecimiento fue confirmada por la <a href=\"https:\/\/www.facebook.com\/CFENacional\/posts\/1505181534982513\/\">CFE.<\/a><\/span><\/p>\n","protected":false},"excerpt":{"rendered":"<p>La desconexi\u00f3n de dos l\u00edneas de transmisi\u00f3n provoc\u00f3 interrupciones parciales del suministro el\u00e9ctrico en tres estados del sureste mexicano. Cuadrillas de la empresa fueron desplegadas para recuperar el servicio. Una falla en la red de transmisi\u00f3n de la Comisi\u00f3n Federal de Electricidad (CFE) dej\u00f3 sin energ\u00eda el\u00e9ctrica a usuarios de Yucat\u00e1n, Quintana Roo y Chiapas [&hellip;]<\/p>\n","protected":false},"author":4,"featured_media":81988,"comment_status":"closed","ping_status":"closed","sticky":false,"template":"","format":"standard","meta":{"_jetpack_newsletter_access":"","_jetpack_dont_email_post_to_subs":false,"_jetpack_newsletter_tier_id":0,"_jetpack_memberships_contains_paywalled_content":false,"_jetpack_feature_clip_id":0,"_jetpack_memberships_contains_paid_content":false,"footnotes":"","jetpack_publicize_message":"","jetpack_publicize_feature_enabled":true,"jetpack_social_post_already_shared":true,"jetpack_social_options":{"image_generator_settings":{"template":"highway","default_image_id":0,"font":"","enabled":false},"version":2},"jetpack_post_was_ever_published":false},"categories":[4],"tags":[],"class_list":["post-81987","post","type-post","status-publish","format-standard","has-post-thumbnail","hentry","category-nacional"],"jetpack_publicize_connections":[],"jetpack_sharing_enabled":true,"publishpress_future_action":{"enabled":false,"date":"2026-09-09 01:06:05","action":"change-status","newStatus":"draft","terms":[],"taxonomy":"category","extraData":[]},"publishpress_future_workflow_manual_trigger":{"enabledWorkflows":[]},"jetpack_featured_media_url":"https:\/\/noticiasveracruz.com\/wp-content\/uploads\/2026\/08\/ChatGPT-Image-31-ago-2026-21_49_04.png","_links":{"self":[{"href":"https:\/\/noticiasveracruz.com\/index.php\/wp-json\/wp\/v2\/posts\/81987","targetHints":{"allow":["GET"]}}],"collection":[{"href":"https:\/\/noticiasveracruz.com\/index.php\/wp-json\/wp\/v2\/posts"}],"about":[{"href":"https:\/\/noticiasveracruz.com\/index.php\/wp-json\/wp\/v2\/types\/post"}],"author":[{"embeddable":true,"href":"https:\/\/noticiasveracruz.com\/index.php\/wp-json\/wp\/v2\/users\/4"}],"replies":[{"embeddable":true,"href":"https:\/\/noticiasveracruz.com\/index.php\/wp-json\/wp\/v2\/comments?post=81987"}],"version-history":[{"count":1,"href":"https:\/\/noticiasveracruz.com\/index.php\/wp-json\/wp\/v2\/posts\/81987\/revisions"}],"predecessor-version":[{"id":81989,"href":"https:\/\/noticiasveracruz.com\/index.php\/wp-json\/wp\/v2\/posts\/81987\/revisions\/81989"}],"wp:featuredmedia":[{"embeddable":true,"href":"https:\/\/noticiasveracruz.com\/index.php\/wp-json\/wp\/v2\/media\/81988"}],"wp:attachment":[{"href":"https:\/\/noticiasveracruz.com\/index.php\/wp-json\/wp\/v2\/media?parent=81987"}],"wp:term":[{"taxonomy":"category","embeddable":true,"href":"https:\/\/noticiasveracruz.com\/index.php\/wp-json\/wp\/v2\/categories?post=81987"},{"taxonomy":"post_tag","embeddable":true,"href":"https:\/\/noticiasveracruz.com\/index.php\/wp-json\/wp\/v2\/tags?post=81987"}],"curies":[{"name":"wp","href":"https:\/\/api.w.org\/{rel}","templated":true}]}}