{"id":81980,"date":"2026-08-31T14:32:25","date_gmt":"2026-08-31T20:32:25","guid":{"rendered":"https:\/\/noticiasveracruz.com\/?p=81980"},"modified":"2026-08-31T14:33:46","modified_gmt":"2026-08-31T20:33:46","slug":"81980","status":"publish","type":"post","link":"https:\/\/noticiasveracruz.com\/index.php\/2026\/08\/31\/81980\/","title":{"rendered":"Argentina en alerta: tragedia en Nepal desata presi\u00f3n contra Milei por reforma a los glaciares"},"content":{"rendered":"<p><span style=\"font-size: 14pt; font-family: tahoma, arial, helvetica, sans-serif;\">La tragedia provocada por el colapso de una masa de hielo en Nepal encendi\u00f3 las alarmas a miles de kil\u00f3metros de distancia. En Argentina, organizaciones ambientalistas retomaron las protestas contra la reforma impulsada por Javier Milei, que flexibiliz\u00f3 la protecci\u00f3n de los glaciares y permiti\u00f3 el avance de proyectos mineros en zonas consideradas estrat\u00e9gicas para el abastecimiento de agua.<\/span><\/p>\n<p><span style=\"font-size: 14pt; font-family: tahoma, arial, helvetica, sans-serif;\">Especialistas aclararon que las condiciones del Himalaya y los Andes son diferentes, por lo que no puede afirmarse que un desastre similar ocurrir\u00e1 en territorio argentino. Sin embargo, advirtieron que el retroceso de los glaciares es un fen\u00f3meno mundial y que lo sucedido en Nepal muestra las consecuencias que puede alcanzar la crisis clim\u00e1tica.<\/span><\/p>\n<p><span style=\"font-size: 14pt; font-family: tahoma, arial, helvetica, sans-serif;\">Argentina posee 16 mil 968 cuerpos de hielo distribuidos en una superficie superior a los 8 mil 400 kil\u00f3metros cuadrados. El propio pa\u00eds reconoci\u00f3 en 2024 que el aumento de la temperatura ha provocado la reducci\u00f3n de casi todos los glaciares de la Patagonia sur, incluido el emblem\u00e1tico Perito Moreno.<\/span><\/p>\n<h2><span style=\"font-size: 14pt; font-family: tahoma, arial, helvetica, sans-serif;\">Reforma abre paso a proyectos mineros<\/span><\/h2>\n<p><span style=\"font-size: 14pt; font-family: tahoma, arial, helvetica, sans-serif;\">Desde 2010, la legislaci\u00f3n argentina proteg\u00eda los glaciares y las \u00e1reas cercanas como reservas fundamentales de agua. No obstante, una reforma aprobada en abril de 2026, promovida por el Gobierno de Milei, autoriz\u00f3 a las provincias a permitir actividades mineras en zonas periglaciales cuando determinen que no representan reservas h\u00eddricas estrat\u00e9gicas.<\/span><\/p>\n<p><span style=\"font-size: 14pt; font-family: tahoma, arial, helvetica, sans-serif;\">Para las organizaciones ambientalistas, esta disposici\u00f3n deja en manos de los gobiernos provinciales decisiones que podr\u00edan favorecer intereses empresariales y comprometer ecosistemas de enorme importancia.<\/span><\/p>\n<p><span style=\"font-size: 14pt; font-family: tahoma, arial, helvetica, sans-serif;\">La modificaci\u00f3n legal coincidi\u00f3 con el incremento de inversiones destinadas a la extracci\u00f3n de litio, cobre y oro, alentadas por beneficios fiscales otorgados a las compa\u00f1\u00edas mineras.<\/span><\/p>\n<p><span style=\"font-size: 14pt; font-family: tahoma, arial, helvetica, sans-serif;\">Especialistas alertaron que estas operaciones implican el uso de explosivos y sustancias qu\u00edmicas que podr\u00edan filtrarse hacia mantos subterr\u00e1neos, contaminar r\u00edos o provocar el colapso de dep\u00f3sitos de residuos mineros.<\/span><\/p>\n<h2><span style=\"font-size: 14pt; font-family: tahoma, arial, helvetica, sans-serif;\">Millones dependen del deshielo<\/span><\/h2>\n<p><span style=\"font-size: 14pt; font-family: tahoma, arial, helvetica, sans-serif;\">Greenpeace se\u00f1al\u00f3 que entre el 18 y el 20 por ciento de la poblaci\u00f3n argentina depende directamente del agua proveniente de glaciares y ambientes periglaciales para consumo, riego y generaci\u00f3n de energ\u00eda.<\/span><\/p>\n<p><span style=\"font-size: 14pt; font-family: tahoma, arial, helvetica, sans-serif;\">La organizaci\u00f3n record\u00f3 que estos cuerpos de hielo almacenan cerca del 70 por ciento del agua dulce del planeta y cumplen una funci\u00f3n esencial en la regulaci\u00f3n de los ciclos h\u00eddricos.<\/span><\/p>\n<p><span style=\"font-size: 14pt; font-family: tahoma, arial, helvetica, sans-serif;\">La oposici\u00f3n social a la reforma ya reuni\u00f3 alrededor de 900 mil firmas. Adem\u00e1s, la provincia de La Pampa, Greenpeace y otras agrupaciones presentaron un amparo colectivo para frenar su aplicaci\u00f3n mientras la Justicia determina su constitucionalidad.<\/span><\/p>\n<p><span style=\"font-size: 14pt; font-family: tahoma, arial, helvetica, sans-serif;\">El reclamo se apoya en una sentencia de 2019, cuando la Corte Suprema argentina ratific\u00f3 que los glaciares y las \u00e1reas periglaciales son bienes p\u00fablicos y estableci\u00f3 que el derecho colectivo al agua debe prevalecer frente a otros intereses.<\/span><\/p>\n<p><span style=\"font-size: 14pt; font-family: tahoma, arial, helvetica, sans-serif;\">Mientras el proceso judicial permanece sin resoluci\u00f3n, las organizaciones exigen recuperar la protecci\u00f3n establecida en la ley original. Su advertencia es contundente: cuando los glaciares retroceden y los riesgos aumentan, reducir las barreras ambientales puede dejar consecuencias irreversibles.<\/span><\/p>\n","protected":false},"excerpt":{"rendered":"<p>La tragedia provocada por el colapso de una masa de hielo en Nepal encendi\u00f3 las alarmas a miles de kil\u00f3metros de distancia. En Argentina, organizaciones ambientalistas retomaron las protestas contra la reforma impulsada por Javier Milei, que flexibiliz\u00f3 la protecci\u00f3n de los glaciares y permiti\u00f3 el avance de proyectos mineros en zonas consideradas estrat\u00e9gicas para [&hellip;]<\/p>\n","protected":false},"author":4,"featured_media":81981,"comment_status":"closed","ping_status":"closed","sticky":false,"template":"","format":"standard","meta":{"_jetpack_newsletter_access":"","_jetpack_dont_email_post_to_subs":false,"_jetpack_newsletter_tier_id":0,"_jetpack_memberships_contains_paywalled_content":false,"_jetpack_feature_clip_id":0,"_jetpack_memberships_contains_paid_content":false,"footnotes":"","jetpack_publicize_message":"","jetpack_publicize_feature_enabled":true,"jetpack_social_post_already_shared":true,"jetpack_social_options":{"image_generator_settings":{"template":"highway","default_image_id":0,"font":"","enabled":false},"version":2},"jetpack_post_was_ever_published":false},"categories":[355],"tags":[305,2930],"class_list":["post-81980","post","type-post","status-publish","format-standard","has-post-thumbnail","hentry","category-internacional","tag-argentina","tag-milei"],"jetpack_publicize_connections":[],"jetpack_sharing_enabled":true,"publishpress_future_action":{"enabled":false,"date":"2026-09-07 16:00:36","action":"change-status","newStatus":"draft","terms":[],"taxonomy":"category","extraData":[]},"publishpress_future_workflow_manual_trigger":{"enabledWorkflows":[]},"jetpack_featured_media_url":"https:\/\/noticiasveracruz.com\/wp-content\/uploads\/2026\/08\/glaciar-perito-moreno-1280x720-1.jpg","_links":{"self":[{"href":"https:\/\/noticiasveracruz.com\/index.php\/wp-json\/wp\/v2\/posts\/81980","targetHints":{"allow":["GET"]}}],"collection":[{"href":"https:\/\/noticiasveracruz.com\/index.php\/wp-json\/wp\/v2\/posts"}],"about":[{"href":"https:\/\/noticiasveracruz.com\/index.php\/wp-json\/wp\/v2\/types\/post"}],"author":[{"embeddable":true,"href":"https:\/\/noticiasveracruz.com\/index.php\/wp-json\/wp\/v2\/users\/4"}],"replies":[{"embeddable":true,"href":"https:\/\/noticiasveracruz.com\/index.php\/wp-json\/wp\/v2\/comments?post=81980"}],"version-history":[{"count":2,"href":"https:\/\/noticiasveracruz.com\/index.php\/wp-json\/wp\/v2\/posts\/81980\/revisions"}],"predecessor-version":[{"id":81983,"href":"https:\/\/noticiasveracruz.com\/index.php\/wp-json\/wp\/v2\/posts\/81980\/revisions\/81983"}],"wp:featuredmedia":[{"embeddable":true,"href":"https:\/\/noticiasveracruz.com\/index.php\/wp-json\/wp\/v2\/media\/81981"}],"wp:attachment":[{"href":"https:\/\/noticiasveracruz.com\/index.php\/wp-json\/wp\/v2\/media?parent=81980"}],"wp:term":[{"taxonomy":"category","embeddable":true,"href":"https:\/\/noticiasveracruz.com\/index.php\/wp-json\/wp\/v2\/categories?post=81980"},{"taxonomy":"post_tag","embeddable":true,"href":"https:\/\/noticiasveracruz.com\/index.php\/wp-json\/wp\/v2\/tags?post=81980"}],"curies":[{"name":"wp","href":"https:\/\/api.w.org\/{rel}","templated":true}]}}