{"id":81974,"date":"2026-08-31T13:01:04","date_gmt":"2026-08-31T19:01:04","guid":{"rendered":"https:\/\/noticiasveracruz.com\/?p=81974"},"modified":"2026-08-31T13:01:04","modified_gmt":"2026-08-31T19:01:04","slug":"fin-de-una-era-lionel-messi-anuncia-su-retiro-definitivo-de-la-seleccion-argentina","status":"publish","type":"post","link":"https:\/\/noticiasveracruz.com\/index.php\/2026\/08\/31\/fin-de-una-era-lionel-messi-anuncia-su-retiro-definitivo-de-la-seleccion-argentina\/","title":{"rendered":"Fin de una era: Lionel Messi anuncia su retiro definitivo de la Selecci\u00f3n Argentina"},"content":{"rendered":"<div class=\"n6owBd awi2gc\" data-sfc-cp=\"\" data-sfc-root=\"ep\" data-hveid=\"CAAICBAA\" data-complete=\"true\" data-processed=\"true\" data-copy-service-computed-style=\"font-family: &quot;Google Sans&quot;, Arial, sans-serif, &quot;Noto Color Emoji&quot;; font-size: 16px; font-weight: 400; margin: 12px 0px 16px; text-decoration: none; border-bottom: 0px rgb(232, 234, 242);\"><span style=\"font-size: 14pt; font-family: tahoma, arial, helvetica, sans-serif;\"><strong class=\"rQesXe MPyX\" data-sfc-cp=\"\" data-sfc-root=\"ep\" data-complete=\"true\" data-processed=\"true\" data-copy-service-computed-style=\"font-family: &quot;Google Sans&quot;, Arial, sans-serif, &quot;Noto Color Emoji&quot;; font-size: 16px; font-weight: 700; margin: 0px; text-decoration: none; border-bottom: 0px rgb(232, 234, 242);\">BUENOS AIRES.<!--TgQPHd|||[]--><\/strong>\u2014 El f\u00fatbol internacional ha registrado un hist\u00f3rico punto de inflexi\u00f3n este lunes 31 de agosto de 2026. Lionel Messi, capit\u00e1n y m\u00e1ximo referente del seleccionado argentino, oficializ\u00f3 su retiro definitivo del conjunto nacional a los 39 a\u00f1os de edad. El anuncio fue realizado mediante una declaraci\u00f3n p\u00fablica difundida a trav\u00e9s de sus plataformas digitales oficiales.<!--TgQPHd|||[]--><\/span><\/div>\n<div data-sfc-cp=\"\" data-sfc-root=\"ep\" data-hveid=\"CAAICBAA\" data-complete=\"true\" data-processed=\"true\" data-copy-service-computed-style=\"font-family: &quot;Google Sans&quot;, Arial, sans-serif, &quot;Noto Color Emoji&quot;; font-size: 16px; font-weight: 400; margin: 12px 0px 16px; text-decoration: none; border-bottom: 0px rgb(232, 234, 242);\"><\/div>\n<div class=\"n6owBd awi2gc\" data-sfc-cp=\"\" data-sfc-root=\"ep\" data-hveid=\"CAAICRAA\" data-complete=\"true\" data-processed=\"true\" data-copy-service-computed-style=\"font-family: &quot;Google Sans&quot;, Arial, sans-serif, &quot;Noto Color Emoji&quot;; font-size: 16px; font-weight: 400; margin: 12px 0px 16px; text-decoration: none; border-bottom: 0px rgb(232, 234, 242);\"><span style=\"font-size: 14pt; font-family: tahoma, arial, helvetica, sans-serif;\">En la misiva, el actual delantero del Inter Miami de la MLS expuso el desgaste deportivo y emocional como el principal factor de su determinaci\u00f3n, argumentando que ha brindado todo su potencial y que es el momento de ceder el espacio a las nuevas generaciones de futbolistas.<!--TgQPHd|||[]--><\/span><\/div>\n<div data-sfc-cp=\"\" data-sfc-root=\"ep\" data-hveid=\"CAAICRAA\" data-complete=\"true\" data-processed=\"true\" data-copy-service-computed-style=\"font-family: &quot;Google Sans&quot;, Arial, sans-serif, &quot;Noto Color Emoji&quot;; font-size: 16px; font-weight: 400; margin: 12px 0px 16px; text-decoration: none; border-bottom: 0px rgb(232, 234, 242);\"><iframe loading=\"lazy\" style=\"border: none; overflow: hidden;\" src=\"https:\/\/www.facebook.com\/plugins\/post.php?href=https%3A%2F%2Fwww.facebook.com%2Fleomessi%2Fposts%2Fpfbid0J6amuXZvBxCVxaSvGQoi5BF2fVZsyaXpktG4wa7TYRqptQtFs7iyNAZizgsRBp9cl&amp;show_text=true&amp;width=500\" width=\"500\" height=\"737\" frameborder=\"0\" scrolling=\"no\" allowfullscreen=\"allowfullscreen\" data-mce-fragment=\"1\"><\/iframe><\/div>\n<div data-sfc-cp=\"\" data-sfc-root=\"ep\" data-hveid=\"CAAICRAA\" data-complete=\"true\" data-processed=\"true\" data-copy-service-computed-style=\"font-family: &quot;Google Sans&quot;, Arial, sans-serif, &quot;Noto Color Emoji&quot;; font-size: 16px; font-weight: 400; margin: 12px 0px 16px; text-decoration: none; border-bottom: 0px rgb(232, 234, 242);\"><\/div>\n<div class=\"n6owBd awi2gc\" data-sfc-cp=\"\" data-sfc-root=\"ep\" data-hveid=\"CAAIChAA\" data-complete=\"true\" data-processed=\"true\" data-copy-service-computed-style=\"font-family: &quot;Google Sans&quot;, Arial, sans-serif, &quot;Noto Color Emoji&quot;; font-size: 16px; font-weight: 400; margin: 12px 0px 16px; text-decoration: none; border-bottom: 0px rgb(232, 234, 242);\"><span style=\"font-size: 14pt; font-family: tahoma, arial, helvetica, sans-serif;\">La resoluci\u00f3n de abandonar las filas de la Albiceleste se produce a menos de dos meses de la final del Mundial 2026, donde la escuadra sudamericana cay\u00f3 frente a Espa\u00f1a. Seg\u00fan revel\u00f3 el propio jugador, la postura fue evaluada cuarenta y ocho horas despu\u00e9s de dicho encuentro, consolid\u00e1ndose de manera definitiva tras el deceso de su padre a principios del presente mes.<!--TgQPHd|||[]--><\/span><\/div>\n<div data-sfc-cp=\"\" data-sfc-root=\"ep\" data-hveid=\"CAAIChAA\" data-complete=\"true\" data-processed=\"true\" data-copy-service-computed-style=\"font-family: &quot;Google Sans&quot;, Arial, sans-serif, &quot;Noto Color Emoji&quot;; font-size: 16px; font-weight: 400; margin: 12px 0px 16px; text-decoration: none; border-bottom: 0px rgb(232, 234, 242);\"><\/div>\n<div class=\"n6owBd awi2gc\" data-sfc-cp=\"\" data-sfc-root=\"ep\" data-hveid=\"CAAICxAA\" data-complete=\"true\" data-processed=\"true\" aria-owns=\"action-menu-parent-container\" data-copy-service-computed-style=\"font-family: &quot;Google Sans&quot;, Arial, sans-serif, &quot;Noto Color Emoji&quot;; font-size: 16px; font-weight: 400; margin: 12px 0px 16px; text-decoration: none; border-bottom: 0px rgb(232, 234, 242);\"><span style=\"font-size: 14pt; font-family: tahoma, arial, helvetica, sans-serif;\">Messi concluye una trayectoria internacional de dos d\u00e9cadas con un balance estad\u00edstico sin precedentes: m\u00e1s de 200 compromisos disputados, 125 anotaciones y 68 pases de gol. Su ciclo con la selecci\u00f3n absoluta queda marcado por la conquista de la Copa del Mundo de Qatar 2022 y el bicampeonato de la Copa Am\u00e9rica en las ediciones de 2021 y 2024. En su mensaje de despedida, el futbolista manifest\u00f3 su gratitud hacia la afici\u00f3n argentina, asegurando haber entregado el m\u00e1ximo esfuerzo durante toda su carrera deportiva.<\/span><\/div>\n","protected":false},"excerpt":{"rendered":"<p>BUENOS AIRES.\u2014 El f\u00fatbol internacional ha registrado un hist\u00f3rico punto de inflexi\u00f3n este lunes 31 de agosto de 2026. Lionel Messi, capit\u00e1n y m\u00e1ximo referente del seleccionado argentino, oficializ\u00f3 su retiro definitivo del conjunto nacional a los 39 a\u00f1os de edad. El anuncio fue realizado mediante una declaraci\u00f3n p\u00fablica difundida a trav\u00e9s de sus plataformas [&hellip;]<\/p>\n","protected":false},"author":4,"featured_media":81975,"comment_status":"closed","ping_status":"closed","sticky":false,"template":"","format":"standard","meta":{"_jetpack_newsletter_access":"","_jetpack_dont_email_post_to_subs":false,"_jetpack_newsletter_tier_id":0,"_jetpack_memberships_contains_paywalled_content":false,"_jetpack_feature_clip_id":0,"_jetpack_memberships_contains_paid_content":false,"footnotes":"","jetpack_publicize_message":"","jetpack_publicize_feature_enabled":true,"jetpack_social_post_already_shared":true,"jetpack_social_options":{"image_generator_settings":{"template":"highway","default_image_id":0,"font":"","enabled":false},"version":2},"jetpack_post_was_ever_published":false},"categories":[3389],"tags":[],"class_list":["post-81974","post","type-post","status-publish","format-standard","has-post-thumbnail","hentry","category-deportes"],"jetpack_publicize_connections":[],"jetpack_sharing_enabled":true,"publishpress_future_action":{"enabled":false,"date":"2026-09-07 23:42:41","action":"change-status","newStatus":"draft","terms":[],"taxonomy":"category","extraData":[]},"publishpress_future_workflow_manual_trigger":{"enabledWorkflows":[]},"jetpack_featured_media_url":"https:\/\/noticiasveracruz.com\/wp-content\/uploads\/2026\/08\/messi.jpg","_links":{"self":[{"href":"https:\/\/noticiasveracruz.com\/index.php\/wp-json\/wp\/v2\/posts\/81974","targetHints":{"allow":["GET"]}}],"collection":[{"href":"https:\/\/noticiasveracruz.com\/index.php\/wp-json\/wp\/v2\/posts"}],"about":[{"href":"https:\/\/noticiasveracruz.com\/index.php\/wp-json\/wp\/v2\/types\/post"}],"author":[{"embeddable":true,"href":"https:\/\/noticiasveracruz.com\/index.php\/wp-json\/wp\/v2\/users\/4"}],"replies":[{"embeddable":true,"href":"https:\/\/noticiasveracruz.com\/index.php\/wp-json\/wp\/v2\/comments?post=81974"}],"version-history":[{"count":1,"href":"https:\/\/noticiasveracruz.com\/index.php\/wp-json\/wp\/v2\/posts\/81974\/revisions"}],"predecessor-version":[{"id":81976,"href":"https:\/\/noticiasveracruz.com\/index.php\/wp-json\/wp\/v2\/posts\/81974\/revisions\/81976"}],"wp:featuredmedia":[{"embeddable":true,"href":"https:\/\/noticiasveracruz.com\/index.php\/wp-json\/wp\/v2\/media\/81975"}],"wp:attachment":[{"href":"https:\/\/noticiasveracruz.com\/index.php\/wp-json\/wp\/v2\/media?parent=81974"}],"wp:term":[{"taxonomy":"category","embeddable":true,"href":"https:\/\/noticiasveracruz.com\/index.php\/wp-json\/wp\/v2\/categories?post=81974"},{"taxonomy":"post_tag","embeddable":true,"href":"https:\/\/noticiasveracruz.com\/index.php\/wp-json\/wp\/v2\/tags?post=81974"}],"curies":[{"name":"wp","href":"https:\/\/api.w.org\/{rel}","templated":true}]}}