{"id":81965,"date":"2026-08-31T00:08:39","date_gmt":"2026-08-31T06:08:39","guid":{"rendered":"https:\/\/noticiasveracruz.com\/?p=81965"},"modified":"2026-08-30T23:27:19","modified_gmt":"2026-08-31T05:27:19","slug":"pepe-yunes-el-mil-chaquetas","status":"publish","type":"post","link":"https:\/\/noticiasveracruz.com\/index.php\/2026\/08\/31\/pepe-yunes-el-mil-chaquetas\/","title":{"rendered":"Pepe Yunes: El mil chaquetas"},"content":{"rendered":"<p><span style=\"font-size: 14pt; font-family: tahoma, arial, helvetica, sans-serif;\"><strong>PRIMICIAS<\/strong><\/span><\/p>\n<p><span style=\"font-size: 14pt; font-family: tahoma, arial, helvetica, sans-serif;\"><strong>Por Vicente Mart\u00ednez<\/strong><\/span><\/p>\n<p><span style=\"font-size: 14pt; font-family: tahoma, arial, helvetica, sans-serif;\">Pepe Yunes volvi\u00f3 a aparecer en la escena pol\u00edtica veracruzana y su presencia en la asamblea de Movimiento Ciudadano, realizada este domingo en el puerto, ya despert\u00f3 lecturas rumbo al 2030.<\/span><\/p>\n<p><span style=\"font-size: 14pt; font-family: tahoma, arial, helvetica, sans-serif;\">Al priista le han puesto el mote de \u201cel mil chaquetas\u201d por su capacidad para moverse entre distintos espacios pol\u00edticos. Ahora su nombre comienza a colocarse alrededor de una posible alianza multitudinaria que podr\u00eda reunir al PRI, PAN, Movimiento Ciudadano, PT y hasta al partido cascajo de H\u00e9ctor Yunes, si consigue mantenerse con registro y estructura.<\/span><\/p>\n<p><span style=\"font-size: 14pt; font-family: tahoma, arial, helvetica, sans-serif;\">El objetivo ser\u00eda construir una candidatura competitiva para la gubernatura de Veracruz en 2030.<\/span><\/p>\n<p><span style=\"font-size: 14pt; font-family: tahoma, arial, helvetica, sans-serif;\">No hay que asustarse por la aparici\u00f3n de Pepe Yunes en un evento de MC. La pol\u00edtica funciona con acercamientos, reuniones y se\u00f1ales que muchas veces comienzan a\u00f1os antes de una elecci\u00f3n. Su experiencia electoral y conocimiento del estado lo convierten en un perfil que distintos grupos pueden considerar.<\/span><\/p>\n<p><span style=\"font-size: 14pt; font-family: tahoma, arial, helvetica, sans-serif;\">La presencia de Dante Delgado le puso mayor inter\u00e9s al encuentro.<\/span><\/p>\n<p><span style=\"font-size: 14pt; font-family: tahoma, arial, helvetica, sans-serif;\">El fundador de Movimiento Ciudadano regres\u00f3 a su tierra para respaldar el proyecto naranja y lanz\u00f3 fuertes acusaciones contra Roc\u00edo Nahle. Dijo que su Gobierno result\u00f3 autoritario y asegur\u00f3 que, en su opini\u00f3n, ha sido peor que el de Cuitl\u00e1huac Garc\u00eda.<\/span><\/p>\n<p><span style=\"font-size: 14pt; font-family: tahoma, arial, helvetica, sans-serif;\">La declaraci\u00f3n tiene un antecedente que llama la atenci\u00f3n: Dante acudi\u00f3 a la toma de protesta de Nahle el 1 de diciembre de 2024. En ese momento dijo confiar en su buena fe y en la posibilidad de mantener una relaci\u00f3n institucional.<\/span><\/p>\n<p><span style=\"font-size: 14pt; font-family: tahoma, arial, helvetica, sans-serif;\">Ahora la relaci\u00f3n pol\u00edtica parece completamente distinta.<\/span><\/p>\n<p><span style=\"font-size: 14pt; font-family: tahoma, arial, helvetica, sans-serif;\">Dante acus\u00f3 al Gobierno estatal de utilizar el poder para presionar a adversarios y cuestion\u00f3 que el respaldo institucional dependa de la afinidad pol\u00edtica. Tambi\u00e9n se\u00f1al\u00f3 que durante la elecci\u00f3n municipal de 2025 hubo candidaturas de MC que denunciaron amenazas sin recibir protecci\u00f3n.<\/span><\/p>\n<p><span style=\"font-size: 14pt; font-family: tahoma, arial, helvetica, sans-serif;\">El dirigente naranja acus\u00f3 adem\u00e1s una intervenci\u00f3n para revertir resultados electorales favorables a Movimiento Ciudadano.<\/span><\/p>\n<p><span style=\"font-size: 14pt; font-family: tahoma, arial, helvetica, sans-serif;\">Tambi\u00e9n cuestion\u00f3 las cr\u00edticas realizadas contra brigadas de MC que apoyaron a familias afectadas por inundaciones y record\u00f3 las protestas de habitantes de Poza Rica que exigieron justicia por el asesinato del doctor Jos\u00e9 Antol\u00edn Montero. Ah\u00ed si Dante no supo ni qu\u00e9.<\/span><\/p>\n<p><span style=\"font-size: 14pt; font-family: tahoma, arial, helvetica, sans-serif;\">Fue tajante: MC buscar\u00e1 ganar gubernaturas, capitales y zonas metropolitanas en 2030, incluida la gubernatura de Veracruz.<\/span><\/p>\n<p><span style=\"font-size: 14pt; font-family: tahoma, arial, helvetica, sans-serif;\">As\u00ed, mientras Pepe Yunes aparece en el entorno naranja y su nombre comienza a relacionarse con una eventual alianza amplia, Dante Delgado deja claro que Movimiento Ciudadano prepara su propia operaci\u00f3n electoral.<\/span><\/p>\n","protected":false},"excerpt":{"rendered":"<p>PRIMICIAS Por Vicente Mart\u00ednez Pepe Yunes volvi\u00f3 a aparecer en la escena pol\u00edtica veracruzana y su presencia en la asamblea de Movimiento Ciudadano, realizada este domingo en el puerto, ya despert\u00f3 lecturas rumbo al 2030. Al priista le han puesto el mote de \u201cel mil chaquetas\u201d por su capacidad para moverse entre distintos espacios pol\u00edticos. [&hellip;]<\/p>\n","protected":false},"author":4,"featured_media":73773,"comment_status":"closed","ping_status":"closed","sticky":false,"template":"","format":"standard","meta":{"_jetpack_newsletter_access":"","_jetpack_dont_email_post_to_subs":false,"_jetpack_newsletter_tier_id":0,"_jetpack_memberships_contains_paywalled_content":false,"_jetpack_feature_clip_id":0,"_jetpack_memberships_contains_paid_content":false,"footnotes":"","jetpack_publicize_message":"","jetpack_publicize_feature_enabled":true,"jetpack_social_post_already_shared":true,"jetpack_social_options":{"image_generator_settings":{"template":"highway","default_image_id":0,"font":"","enabled":false},"version":2},"jetpack_post_was_ever_published":false},"categories":[6],"tags":[3384,3383],"class_list":["post-81965","post","type-post","status-publish","format-standard","has-post-thumbnail","hentry","category-columnistas","tag-primicias","tag-vicente-martinez"],"jetpack_publicize_connections":[],"jetpack_sharing_enabled":true,"publishpress_future_action":{"enabled":false,"date":"2026-09-07 00:46:42","action":"change-status","newStatus":"draft","terms":[],"taxonomy":"category","extraData":[]},"publishpress_future_workflow_manual_trigger":{"enabledWorkflows":[]},"jetpack_featured_media_url":"https:\/\/noticiasveracruz.com\/wp-content\/uploads\/2026\/02\/BANNER-VICENTE-MTZ-ROJO-1.jpg","_links":{"self":[{"href":"https:\/\/noticiasveracruz.com\/index.php\/wp-json\/wp\/v2\/posts\/81965","targetHints":{"allow":["GET"]}}],"collection":[{"href":"https:\/\/noticiasveracruz.com\/index.php\/wp-json\/wp\/v2\/posts"}],"about":[{"href":"https:\/\/noticiasveracruz.com\/index.php\/wp-json\/wp\/v2\/types\/post"}],"author":[{"embeddable":true,"href":"https:\/\/noticiasveracruz.com\/index.php\/wp-json\/wp\/v2\/users\/4"}],"replies":[{"embeddable":true,"href":"https:\/\/noticiasveracruz.com\/index.php\/wp-json\/wp\/v2\/comments?post=81965"}],"version-history":[{"count":1,"href":"https:\/\/noticiasveracruz.com\/index.php\/wp-json\/wp\/v2\/posts\/81965\/revisions"}],"predecessor-version":[{"id":81966,"href":"https:\/\/noticiasveracruz.com\/index.php\/wp-json\/wp\/v2\/posts\/81965\/revisions\/81966"}],"wp:featuredmedia":[{"embeddable":true,"href":"https:\/\/noticiasveracruz.com\/index.php\/wp-json\/wp\/v2\/media\/73773"}],"wp:attachment":[{"href":"https:\/\/noticiasveracruz.com\/index.php\/wp-json\/wp\/v2\/media?parent=81965"}],"wp:term":[{"taxonomy":"category","embeddable":true,"href":"https:\/\/noticiasveracruz.com\/index.php\/wp-json\/wp\/v2\/categories?post=81965"},{"taxonomy":"post_tag","embeddable":true,"href":"https:\/\/noticiasveracruz.com\/index.php\/wp-json\/wp\/v2\/tags?post=81965"}],"curies":[{"name":"wp","href":"https:\/\/api.w.org\/{rel}","templated":true}]}}