{"id":81942,"date":"2026-08-30T17:33:25","date_gmt":"2026-08-30T23:33:25","guid":{"rendered":"https:\/\/noticiasveracruz.com\/?p=81942"},"modified":"2026-08-30T17:33:25","modified_gmt":"2026-08-30T23:33:25","slug":"pena-nieto-reaparece-en-exclusiva-boda-en-italia-junto-a-empresario-relacionado-con-el-caso-pegasus","status":"publish","type":"post","link":"https:\/\/noticiasveracruz.com\/index.php\/2026\/08\/30\/pena-nieto-reaparece-en-exclusiva-boda-en-italia-junto-a-empresario-relacionado-con-el-caso-pegasus\/","title":{"rendered":"Pe\u00f1a Nieto reaparece en exclusiva boda en Italia junto a empresario relacionado con el caso Pegasus"},"content":{"rendered":"<p><span style=\"font-family: tahoma, arial, helvetica, sans-serif; font-size: 14pt;\">Enrique Pe\u00f1a Nieto volvi\u00f3 a colocarse bajo los reflectores, pero esta vez no por una declaraci\u00f3n pol\u00edtica. El expresidente mexicano fue captado entre los invitados a la boda del cantante israel\u00ed Omer Adam y Sacha Israelovich, realizada en Portofino, Italia.<\/span><\/p>\n<p><span style=\"font-family: tahoma, arial, helvetica, sans-serif; font-size: 14pt;\">Videos difundidos en redes sociales muestran al exmandatario vestido con traje oscuro y portando una kip\u00e1 durante la presentaci\u00f3n del cantante de m\u00fasica jas\u00eddica Motty Steinmetz, quien particip\u00f3 en la celebraci\u00f3n efectuada el 26 de agosto.<\/span><\/p>\n<p><span style=\"font-family: tahoma, arial, helvetica, sans-serif; font-size: 14pt;\">La presencia de Pe\u00f1a Nieto llam\u00f3 todav\u00eda m\u00e1s la atenci\u00f3n porque, seg\u00fan reportes period\u00edsticos, habr\u00eda coincidido con el empresario israel\u00ed Avishai Neriah, mencionado anteriormente en una controversia relacionada con contratos otorgados durante el sexenio priista y la adquisici\u00f3n del programa de espionaje Pegasus.<\/span><\/p>\n<div style=\"width: 640px;\" class=\"wp-video\"><video class=\"wp-video-shortcode\" id=\"video-81942-1\" width=\"640\" height=\"1138\" preload=\"metadata\" controls=\"controls\"><source type=\"video\/mp4\" src=\"https:\/\/politicosaldesnudo.com.mx\/wp-content\/uploads\/2026\/08\/AQMHaqSbRaIehLHWdV5wvUhAijf7E6iavP9NKv5tpGcAm5OKBA0k-yh7Vvm-T1lU9UfSivoey-zs4UdfJz6x56gXJzxTgjWhXyUs07fHGVp1eQ.mp4?_=1\" \/><a href=\"https:\/\/politicosaldesnudo.com.mx\/wp-content\/uploads\/2026\/08\/AQMHaqSbRaIehLHWdV5wvUhAijf7E6iavP9NKv5tpGcAm5OKBA0k-yh7Vvm-T1lU9UfSivoey-zs4UdfJz6x56gXJzxTgjWhXyUs07fHGVp1eQ.mp4\">https:\/\/politicosaldesnudo.com.mx\/wp-content\/uploads\/2026\/08\/AQMHaqSbRaIehLHWdV5wvUhAijf7E6iavP9NKv5tpGcAm5OKBA0k-yh7Vvm-T1lU9UfSivoey-zs4UdfJz6x56gXJzxTgjWhXyUs07fHGVp1eQ.mp4<\/a><\/video><\/div>\n<p><span style=\"font-family: tahoma, arial, helvetica, sans-serif; font-size: 14pt;\">En 2025, el peri\u00f3dico israel\u00ed <em>The Marker<\/em> public\u00f3 informaci\u00f3n sobre documentos derivados de una disputa entre Neriah y el empresario Uri Ansbacher. En ellos se habr\u00eda hecho referencia a una inversi\u00f3n conjunta de 25 millones de d\u00f3lares vinculada con un alto funcionario del Gobierno mexicano, a quien el medio identific\u00f3 como Pe\u00f1a Nieto.<\/span><\/p>\n<p><span style=\"font-family: tahoma, arial, helvetica, sans-serif; font-size: 14pt;\">La investigaci\u00f3n period\u00edstica no precis\u00f3 el destino del dinero. No obstante, una fuente consultada por ese diario afirm\u00f3 que parte de los recursos presuntamente pudo utilizarse para gastos pol\u00edticos relacionados con la campa\u00f1a presidencial de 2012.<\/span><\/p>\n<p><span style=\"font-family: tahoma, arial, helvetica, sans-serif; font-size: 14pt;\">Tras la publicaci\u00f3n, Pe\u00f1a Nieto rechaz\u00f3 categ\u00f3ricamente las acusaciones. Las calific\u00f3 como falsas, neg\u00f3 haber recibido aportaciones o participado en la asignaci\u00f3n de contratos y asegur\u00f3 no conocer a los empresarios se\u00f1alados.<\/span><\/p>\n<p><span style=\"font-family: tahoma, arial, helvetica, sans-serif; font-size: 14pt;\">La Fiscal\u00eda General de la Rep\u00fablica abri\u00f3 una investigaci\u00f3n y solicit\u00f3 informaci\u00f3n a las autoridades israel\u00edes; sin embargo, indic\u00f3 entonces que no contaba con elementos suficientes para confirmar las versiones difundidas.<\/span><\/p>\n<p><span style=\"font-family: tahoma, arial, helvetica, sans-serif; font-size: 14pt;\">Durante el gobierno de Pe\u00f1a Nieto, distintas instituciones mexicanas compraron Pegasus bajo el argumento de utilizarlo contra la delincuencia organizada. Investigaciones posteriores documentaron que periodistas, activistas, defensores de derechos humanos y pol\u00edticos fueron seleccionados como posibles objetivos de vigilancia.<\/span><\/p>\n<p><span style=\"font-family: tahoma, arial, helvetica, sans-serif; font-size: 14pt;\">Hasta el momento, la aparici\u00f3n de Pe\u00f1a Nieto en la celebraci\u00f3n est\u00e1 documentada mediante fotograf\u00edas y videos; cualquier presunta relaci\u00f3n con los se\u00f1alamientos econ\u00f3micos contin\u00faa sin una resoluci\u00f3n judicial p\u00fablica.<\/span><\/p>\n","protected":false},"excerpt":{"rendered":"<p>Enrique Pe\u00f1a Nieto volvi\u00f3 a colocarse bajo los reflectores, pero esta vez no por una declaraci\u00f3n pol\u00edtica. El expresidente mexicano fue captado entre los invitados a la boda del cantante israel\u00ed Omer Adam y Sacha Israelovich, realizada en Portofino, Italia. Videos difundidos en redes sociales muestran al exmandatario vestido con traje oscuro y portando una [&hellip;]<\/p>\n","protected":false},"author":4,"featured_media":81943,"comment_status":"closed","ping_status":"closed","sticky":false,"template":"","format":"standard","meta":{"_jetpack_newsletter_access":"","_jetpack_dont_email_post_to_subs":false,"_jetpack_newsletter_tier_id":0,"_jetpack_memberships_contains_paywalled_content":false,"_jetpack_feature_clip_id":0,"_jetpack_memberships_contains_paid_content":false,"footnotes":"","jetpack_publicize_message":"","jetpack_publicize_feature_enabled":true,"jetpack_social_post_already_shared":true,"jetpack_social_options":{"image_generator_settings":{"template":"highway","default_image_id":0,"font":"","enabled":false},"version":2},"jetpack_post_was_ever_published":false},"categories":[4],"tags":[],"class_list":["post-81942","post","type-post","status-publish","format-standard","has-post-thumbnail","hentry","category-nacional"],"jetpack_publicize_connections":[],"jetpack_sharing_enabled":true,"publishpress_future_action":{"enabled":false,"date":"2026-09-07 06:26:26","action":"change-status","newStatus":"draft","terms":[],"taxonomy":"category","extraData":[]},"publishpress_future_workflow_manual_trigger":{"enabledWorkflows":[]},"jetpack_featured_media_url":"https:\/\/noticiasveracruz.com\/wp-content\/uploads\/2026\/08\/pena.webp","_links":{"self":[{"href":"https:\/\/noticiasveracruz.com\/index.php\/wp-json\/wp\/v2\/posts\/81942","targetHints":{"allow":["GET"]}}],"collection":[{"href":"https:\/\/noticiasveracruz.com\/index.php\/wp-json\/wp\/v2\/posts"}],"about":[{"href":"https:\/\/noticiasveracruz.com\/index.php\/wp-json\/wp\/v2\/types\/post"}],"author":[{"embeddable":true,"href":"https:\/\/noticiasveracruz.com\/index.php\/wp-json\/wp\/v2\/users\/4"}],"replies":[{"embeddable":true,"href":"https:\/\/noticiasveracruz.com\/index.php\/wp-json\/wp\/v2\/comments?post=81942"}],"version-history":[{"count":1,"href":"https:\/\/noticiasveracruz.com\/index.php\/wp-json\/wp\/v2\/posts\/81942\/revisions"}],"predecessor-version":[{"id":81944,"href":"https:\/\/noticiasveracruz.com\/index.php\/wp-json\/wp\/v2\/posts\/81942\/revisions\/81944"}],"wp:featuredmedia":[{"embeddable":true,"href":"https:\/\/noticiasveracruz.com\/index.php\/wp-json\/wp\/v2\/media\/81943"}],"wp:attachment":[{"href":"https:\/\/noticiasveracruz.com\/index.php\/wp-json\/wp\/v2\/media?parent=81942"}],"wp:term":[{"taxonomy":"category","embeddable":true,"href":"https:\/\/noticiasveracruz.com\/index.php\/wp-json\/wp\/v2\/categories?post=81942"},{"taxonomy":"post_tag","embeddable":true,"href":"https:\/\/noticiasveracruz.com\/index.php\/wp-json\/wp\/v2\/tags?post=81942"}],"curies":[{"name":"wp","href":"https:\/\/api.w.org\/{rel}","templated":true}]}}