{"id":8108,"date":"2022-09-15T16:56:31","date_gmt":"2022-09-15T21:56:31","guid":{"rendered":"https:\/\/noticiasveracruz.com\/?p=8108"},"modified":"2022-09-15T17:11:38","modified_gmt":"2022-09-15T22:11:38","slug":"fgr-detiene-a-general-brigadier-implicado-en-muertes-de-estudiantes-de-ayotzinapa","status":"publish","type":"post","link":"https:\/\/noticiasveracruz.com\/index.php\/2022\/09\/15\/fgr-detiene-a-general-brigadier-implicado-en-muertes-de-estudiantes-de-ayotzinapa\/","title":{"rendered":"FGR detiene a General Brigadier implicado en muertes de estudiantes de Ayotzinapa"},"content":{"rendered":"<p>&nbsp;<\/p>\n<p class=\"p1\"><span style=\"font-size: 14pt;\"><em><strong>CIUDAD DE M\u00c9XICO.<\/strong> <\/em>El <strong>General Brigadier Jos\u00e9 Rodr\u00edguez P\u00e9rez<\/strong>,\u00a0quien ha sido se\u00f1alado por el\u00a0Gobierno Federal\u00a0de presuntamente <strong>ordenar la muerte de seis de los\u00a043 estudiantes de la Escuela Normal \u201cRa\u00fal Isidro Burgos\u201d de Ayotzinapa\u00a0desaparecidos en 2014<\/strong>, fue aprehendido por la Fiscal\u00eda General de la Rep\u00fablica (FGR).<\/span><\/p>\n<p class=\"p1\"><span style=\"font-size: 18pt;\"><strong>La captura ocurri\u00f3 en la Ciudad de M\u00e9xico e inmediatamente fue trasladado a la prisi\u00f3n del Campo Militar 1-A, para quedar a disposici\u00f3n del juzgado Segundo de Distrito de Procesos Penales Federales en el Estado de M\u00e9xico.<\/strong><\/span><\/p>\n<p class=\"p1\"><span style=\"font-size: 18pt; color: #e42d33;\"><strong>De acuerdo con el subsecretario de\u00a0Gobernaci\u00f3n, Alejandro Encinas Rodr\u00edguez, el militar supuestamente orden\u00f3 el asesinato y desaparici\u00f3n de los alumnos, que se cree habr\u00edan mantenido con vida cuatro d\u00edas despu\u00e9s de los sucesos en Iguala, Guerrero, el 26 y 27 de septiembre de 2014.<\/strong><\/span><\/p>\n<p>&nbsp;<\/p>\n<p><img loading=\"lazy\" decoding=\"async\" class=\"aligncenter wp-image-10218 size-large\" src=\"https:\/\/politicosaldesnudo.com.mx\/wp-content\/uploads\/2022\/09\/P-GENERAL-JOSE-RODRIGUEZ-1024x573.png\" alt=\"\" width=\"800\" height=\"448\" \/><\/p>\n<p>&nbsp;<\/p>\n<p class=\"p1\"><span style=\"font-size: 18pt; color: #333300;\"><strong><span style=\"color: #e42d33;\">Jos\u00e9 Rodr\u00edguez P\u00e9rez\u00a0ten\u00eda el grado de Coronel y era el comandante del 27 Batall\u00f3n de Infanter\u00eda en Iguala<\/span>, el d\u00eda que el grupo criminal Guerreros Unidos atac\u00f3 a los estudiantes.<\/strong><\/span><\/p>\n<p class=\"p1\"><span style=\"font-size: 18pt;\"><strong>Declaraciones de normalistas indican que despu\u00e9s del ataque de los sicarios y polic\u00edas municipales de Iguala,<span style=\"color: #e42d33;\"> el coronel Jos\u00e9 Rodr\u00edguez P\u00e9rez, estaba al frente del personal militar que se dedic\u00f3 a \u201cfotografiarlos\u201d al interior de una cl\u00ednica en Iguala.<\/span><\/strong><\/span><\/p>\n<p class=\"p1\"><span style=\"font-size: 14pt;\">El juez Segundo de Distrito de Procesos Penales Federales libr\u00f3 83 \u00f3rdenes de aprehensi\u00f3n, de las cuales 20 son contra mandos militares y personal de tropa.<\/span><\/p>\n<p class=\"p1\"><span style=\"font-size: 14pt;\">Tambi\u00e9n orden\u00f3 capturar a cinco autoridades administrativas y judiciales del estado de Guerrero; a 26 polic\u00edas de Huitzuco; seis de Iguala y uno de Cocula; m\u00e1s 11 polic\u00edas estatales de Guerrero y 14 miembros del grupo criminal\u00a0Guerreros Unidos.<\/span><\/p>\n<p class=\"p1\"><span style=\"font-size: 18pt;\"><strong>La Fiscal\u00eda General de la Rep\u00fablica\u00a0ha revelado que las <span style=\"color: #e42d33;\">\u00f3rdenes de aprehensi\u00f3n se libraron por delitos de delincuencia organizada, desaparici\u00f3n forzada, tortura, homicidio y delitos contra la administraci\u00f3n de justicia.<\/span><\/strong><\/span><\/p>\n<p>&nbsp;<\/p>\n<p>&nbsp;<\/p>\n<p>&nbsp;<\/p>\n","protected":false},"excerpt":{"rendered":"<p>&nbsp; CIUDAD DE M\u00c9XICO. El General Brigadier Jos\u00e9 Rodr\u00edguez P\u00e9rez,\u00a0quien ha sido se\u00f1alado por el\u00a0Gobierno Federal\u00a0de presuntamente ordenar la muerte<\/p>\n","protected":false},"author":4,"featured_media":8109,"comment_status":"closed","ping_status":"closed","sticky":false,"template":"","format":"standard","meta":{"colormag_page_container_layout":"default_layout","colormag_page_sidebar_layout":"default_layout","_jetpack_memberships_contains_paid_content":false,"footnotes":"","jetpack_publicize_message":"","jetpack_publicize_feature_enabled":true,"jetpack_social_post_already_shared":true,"jetpack_social_options":{"image_generator_settings":{"template":"highway","default_image_id":0,"font":"","enabled":false},"version":2}},"categories":[4],"tags":[1252,929,1379],"class_list":["post-8108","post","type-post","status-publish","format-standard","has-post-thumbnail","hentry","category-nacional","tag-ayotzinapa","tag-fgr","tag-general-jose-rodriguez"],"jetpack_publicize_connections":[],"jetpack_featured_media_url":"https:\/\/noticiasveracruz.com\/wp-content\/uploads\/2022\/09\/P-AYOTZINAPA-GENERAL-DETENIDO.png","jetpack_sharing_enabled":true,"publishpress_future_action":{"enabled":false,"date":"2026-05-08 21:44:10","action":"change-status","newStatus":"draft","terms":[],"taxonomy":"category","extraData":[]},"publishpress_future_workflow_manual_trigger":{"enabledWorkflows":[]},"_links":{"self":[{"href":"https:\/\/noticiasveracruz.com\/index.php\/wp-json\/wp\/v2\/posts\/8108","targetHints":{"allow":["GET"]}}],"collection":[{"href":"https:\/\/noticiasveracruz.com\/index.php\/wp-json\/wp\/v2\/posts"}],"about":[{"href":"https:\/\/noticiasveracruz.com\/index.php\/wp-json\/wp\/v2\/types\/post"}],"author":[{"embeddable":true,"href":"https:\/\/noticiasveracruz.com\/index.php\/wp-json\/wp\/v2\/users\/4"}],"replies":[{"embeddable":true,"href":"https:\/\/noticiasveracruz.com\/index.php\/wp-json\/wp\/v2\/comments?post=8108"}],"version-history":[{"count":0,"href":"https:\/\/noticiasveracruz.com\/index.php\/wp-json\/wp\/v2\/posts\/8108\/revisions"}],"wp:featuredmedia":[{"embeddable":true,"href":"https:\/\/noticiasveracruz.com\/index.php\/wp-json\/wp\/v2\/media\/8109"}],"wp:attachment":[{"href":"https:\/\/noticiasveracruz.com\/index.php\/wp-json\/wp\/v2\/media?parent=8108"}],"wp:term":[{"taxonomy":"category","embeddable":true,"href":"https:\/\/noticiasveracruz.com\/index.php\/wp-json\/wp\/v2\/categories?post=8108"},{"taxonomy":"post_tag","embeddable":true,"href":"https:\/\/noticiasveracruz.com\/index.php\/wp-json\/wp\/v2\/tags?post=8108"}],"curies":[{"name":"wp","href":"https:\/\/api.w.org\/{rel}","templated":true}]}}