{"id":8060,"date":"2022-09-14T11:28:56","date_gmt":"2022-09-14T16:28:56","guid":{"rendered":"https:\/\/noticiasveracruz.com\/?p=8060"},"modified":"2022-09-14T11:31:09","modified_gmt":"2022-09-14T16:31:09","slug":"sedena-y-semar-continuaran-respaldo-en-seguridad-publica-para-consolidar-guardia-nacional-amlo","status":"publish","type":"post","link":"https:\/\/noticiasveracruz.com\/index.php\/2022\/09\/14\/sedena-y-semar-continuaran-respaldo-en-seguridad-publica-para-consolidar-guardia-nacional-amlo\/","title":{"rendered":"Continuar\u00e1 Sedena y Semar al frente de la seguridad para consolidar Guardia Nacional:AMLO"},"content":{"rendered":"<p class=\"p1\"><span style=\"font-size: 14pt;\"><em><strong>CIUDAD DE M\u00c9XICO.<\/strong> <\/em>La permanencia del<strong> Ej\u00e9rcito y la Marina<\/strong> en <strong>tareas de seguridad p\u00fablica permitir\u00e1 consolidar a la\u00a0Guardia Nacional,<\/strong> afirm\u00f3 el presidente <strong>Andr\u00e9s Manuel L\u00f3pez Obrador.<\/strong><\/span><\/p>\n<blockquote>\n<p class=\"p1\"><span style=\"font-size: 14pt;\">Todos los elementos de la Guardia Nacional pasan por las escuelas de Marina, por los colegios militares. Ya hay carreras sobre seguridad p\u00fablica, en todas las carreras, incluso las que tienen que ver con labores propias de defensa ya se incluyen materias sobre respeto a los derechos humanos\u201d<\/span><\/p>\n<\/blockquote>\n<p class=\"p1\"><span style=\"font-size: 18pt;\"><strong>Andr\u00e9s Manuel L\u00f3pez Obrador dijo que es necesario que la Guardia dependa de la Secretar\u00eda de la Defensa Nacional para evitar que en el futuro lleguen a dirigir la nueva instituci\u00f3n personas sin preparaci\u00f3n en la materia y eso derive en que se corrompa.<\/strong><\/span><\/p>\n<p>&nbsp;<\/p>\n<p><img loading=\"lazy\" decoding=\"async\" class=\"aligncenter wp-image-10161 size-large\" src=\"https:\/\/politicosaldesnudo.com.mx\/wp-content\/uploads\/2022\/09\/P-GUARDIANACIONAL-AMLO1-1024x573.png\" alt=\"\" width=\"800\" height=\"448\" \/><\/p>\n<p>&nbsp;<\/p>\n<blockquote>\n<p class=\"p1\"><span style=\"font-size: 14pt;\">Lo que queremos es profesionalizar, institucionalizar, moralizar la Guardia Nacional, que va a ser la instituci\u00f3n m\u00e1s importante para garantizar la seguridad p\u00fablica. Eso es lo que estamos buscando\u201d<\/span><\/p>\n<\/blockquote>\n<p class=\"p1\"><span style=\"font-size: 18pt;\"><strong>El jefe del Ejecutivo sostuvo que, ante los nuevos tiempos, la Guardia Nacional es capaz de hacer frente al desaf\u00edo de la paz y la tranquilidad en el pa\u00eds.<\/strong><\/span><\/p>\n<p class=\"p1\"><span style=\"font-size: 14pt;\">Las secretar\u00edas de la Defensa Nacional y de Marina, resalt\u00f3, tienen elementos, instalaciones, colegios, disciplina, preparaci\u00f3n y, sobre todo, no est\u00e1 vinculada a grupos de intereses creados ni a la oligarqu\u00eda.<\/span><\/p>\n<blockquote>\n<p class=\"p1\"><span style=\"font-size: 14pt;\">\u00bfPor qu\u00e9 no contar, en vez de 115 mil elementos que tenemos en la Guardia, por qu\u00e9 no contar con casi 400 mil m\u00e1s del Ej\u00e9rcito y de la Marina? Estamos hablando de 500 mil elementos para tener en todo el territorio nacional presencia, elementos para garantizar la seguridad p\u00fablica\u201d<\/span><\/p>\n<\/blockquote>\n<p class=\"p1\"><span style=\"font-size: 14pt;\">El presidente L\u00f3pez Obrador dej\u00f3 claro que la reforma a la Constituci\u00f3n, propuesta por el Ejecutivo, es una forma de adaptar el marco legal al contexto actual y hacer que el Estado sea en todo momento respetuoso de la ley.<\/span><\/p>\n<p>&nbsp;<\/p>\n<p>&nbsp;<\/p>\n<p>&nbsp;<\/p>\n<p>&nbsp;<\/p>\n","protected":false},"excerpt":{"rendered":"<p>CIUDAD DE M\u00c9XICO. La permanencia del Ej\u00e9rcito y la Marina en tareas de seguridad p\u00fablica permitir\u00e1 consolidar a la\u00a0Guardia Nacional,<\/p>\n","protected":false},"author":4,"featured_media":8062,"comment_status":"closed","ping_status":"closed","sticky":false,"template":"","format":"standard","meta":{"colormag_page_container_layout":"default_layout","colormag_page_sidebar_layout":"default_layout","_jetpack_memberships_contains_paid_content":false,"footnotes":"","jetpack_publicize_message":"","jetpack_publicize_feature_enabled":true,"jetpack_social_post_already_shared":true,"jetpack_social_options":{"image_generator_settings":{"template":"highway","default_image_id":0,"font":"","enabled":false},"version":2}},"categories":[4],"tags":[65,761,592],"class_list":["post-8060","post","type-post","status-publish","format-standard","has-post-thumbnail","hentry","category-nacional","tag-andres-manuel-lopez-obrador","tag-guardia-nacional","tag-seguridad-publica"],"jetpack_publicize_connections":[],"jetpack_featured_media_url":"https:\/\/noticiasveracruz.com\/wp-content\/uploads\/2022\/09\/P-GUARDIANACIONAL-AMLO2.png","jetpack_sharing_enabled":true,"publishpress_future_action":{"enabled":false,"date":"2026-05-09 02:45:33","action":"change-status","newStatus":"draft","terms":[],"taxonomy":"category","extraData":[]},"publishpress_future_workflow_manual_trigger":{"enabledWorkflows":[]},"_links":{"self":[{"href":"https:\/\/noticiasveracruz.com\/index.php\/wp-json\/wp\/v2\/posts\/8060","targetHints":{"allow":["GET"]}}],"collection":[{"href":"https:\/\/noticiasveracruz.com\/index.php\/wp-json\/wp\/v2\/posts"}],"about":[{"href":"https:\/\/noticiasveracruz.com\/index.php\/wp-json\/wp\/v2\/types\/post"}],"author":[{"embeddable":true,"href":"https:\/\/noticiasveracruz.com\/index.php\/wp-json\/wp\/v2\/users\/4"}],"replies":[{"embeddable":true,"href":"https:\/\/noticiasveracruz.com\/index.php\/wp-json\/wp\/v2\/comments?post=8060"}],"version-history":[{"count":0,"href":"https:\/\/noticiasveracruz.com\/index.php\/wp-json\/wp\/v2\/posts\/8060\/revisions"}],"wp:featuredmedia":[{"embeddable":true,"href":"https:\/\/noticiasveracruz.com\/index.php\/wp-json\/wp\/v2\/media\/8062"}],"wp:attachment":[{"href":"https:\/\/noticiasveracruz.com\/index.php\/wp-json\/wp\/v2\/media?parent=8060"}],"wp:term":[{"taxonomy":"category","embeddable":true,"href":"https:\/\/noticiasveracruz.com\/index.php\/wp-json\/wp\/v2\/categories?post=8060"},{"taxonomy":"post_tag","embeddable":true,"href":"https:\/\/noticiasveracruz.com\/index.php\/wp-json\/wp\/v2\/tags?post=8060"}],"curies":[{"name":"wp","href":"https:\/\/api.w.org\/{rel}","templated":true}]}}