{"id":8046,"date":"2022-09-14T09:45:24","date_gmt":"2022-09-14T14:45:24","guid":{"rendered":"https:\/\/noticiasveracruz.com\/?p=8046"},"modified":"2022-09-14T09:47:39","modified_gmt":"2022-09-14T14:47:39","slug":"accion-nacional-presenta-iniciativa-aumentar-vacaciones-de-6-a-12-dias","status":"publish","type":"post","link":"https:\/\/noticiasveracruz.com\/index.php\/2022\/09\/14\/accion-nacional-presenta-iniciativa-aumentar-vacaciones-de-6-a-12-dias\/","title":{"rendered":"PAN presenta iniciativa: Aumentar vacaciones de 6 a 12 d\u00edas al a\u00f1o"},"content":{"rendered":"<p class=\"p1\"><span style=\"font-size: 14pt;\"><em><strong>CIUDAD DE M\u00c9XICO.<\/strong> <\/em><strong>Ricardo Rubio, diputado local del Partido Acci\u00f3n Nacional<\/strong> (PAN), present\u00f3 una iniciativa que tiene como finalidad aumentar de 6 a 12 los d\u00edas de vacaciones tras permanecer un a\u00f1o en el trabajo.<\/span><\/p>\n<p class=\"p1\"><span style=\"font-size: 18pt;\"><strong>De acuerdo con el legislador, Ricardo Rubio, su iniciativa se basa en un comparativo de los sistemas de vacaciones a nivel internacional con el de M\u00e9xico, por lo que busca que llegue al Congreso de la Uni\u00f3n.<\/strong><\/span><\/p>\n<p>&nbsp;<\/p>\n<p><img loading=\"lazy\" decoding=\"async\" class=\"aligncenter wp-image-10148 size-large\" src=\"https:\/\/politicosaldesnudo.com.mx\/wp-content\/uploads\/2022\/09\/P-VACACIONES-RICARDO-RUBIO-2-1024x573.png\" alt=\"\" width=\"800\" height=\"448\" \/><\/p>\n<p>&nbsp;<\/p>\n<p>&nbsp;<\/p>\n<blockquote>\n<p class=\"p1\"><span style=\"font-size: 14pt;\">Algunos estudios y an\u00e1lisis de la productividad de las personas en sus empleos en relaci\u00f3n con las vacaciones a las que tienen derecho, dan fe y testimonio de que la presente iniciativa de reforma, lejos de simplemente ser deseable, es indispensable\u201d<\/span><\/p>\n<\/blockquote>\n<p class=\"p1\"><span style=\"font-size: 14pt;\">La iniciativa reformar\u00eda la Ley Federal del Trabajo; adem\u00e1s, otras de las propuestas es que una vez que se cumpla un a\u00f1o laborado se aumentar\u00e1n dos d\u00edas de descanso hasta llegar 18 d\u00edas.<\/span><\/p>\n<blockquote>\n<p class=\"p1\"><span style=\"font-size: 14pt;\">Es as\u00ed como algunos estudios y an\u00e1lisis han revelado que M\u00e9xico es uno de los pa\u00edses, a nivel mundial, con un menor n\u00famero de vacaciones pagadas al a\u00f1o, pues si realizamos un estudio comparativo del sistema vacacional mexicano, en contraposici\u00f3n con otros sistemas vacacionales a nivel continental, por ejemplo, podemos darnos cuenta que nuestro pa\u00eds se encuentra al final de la lista\u201d<\/span><\/p>\n<\/blockquote>\n<p class=\"p1\"><span style=\"font-size: 18pt;\"><strong>Rubio sostuvo que la Organizaci\u00f3n para la\u00a0Cooperaci\u00f3n y el Desarrollo Econ\u00f3mico (OCDE)\u00a0recomienda otorgar a los trabajadores por lo menos 18 d\u00edas de descanso durante el primer a\u00f1o laborado.<\/strong><\/span><\/p>\n<p class=\"p1\"><span style=\"font-size: 14pt;\">\u201cEsta iniciativa beneficia a las y los trabajadores a llevar un mejor rendimiento laboral y alta productividad\u201d, asever\u00f3 el legislador de Acci\u00f3n Nacional.<\/span><\/p>\n<p>&nbsp;<\/p>\n<p>&nbsp;<\/p>\n<p>&nbsp;<\/p>\n<p>&nbsp;<\/p>\n","protected":false},"excerpt":{"rendered":"<p>CIUDAD DE M\u00c9XICO. Ricardo Rubio, diputado local del Partido Acci\u00f3n Nacional (PAN), present\u00f3 una iniciativa que tiene como finalidad aumentar<\/p>\n","protected":false},"author":4,"featured_media":8047,"comment_status":"closed","ping_status":"closed","sticky":false,"template":"","format":"standard","meta":{"colormag_page_container_layout":"default_layout","colormag_page_sidebar_layout":"default_layout","_jetpack_memberships_contains_paid_content":false,"footnotes":"","jetpack_publicize_message":"","jetpack_publicize_feature_enabled":true,"jetpack_social_post_already_shared":true,"jetpack_social_options":{"image_generator_settings":{"template":"highway","default_image_id":0,"font":"","enabled":false},"version":2}},"categories":[145],"tags":[74,1373,386],"class_list":["post-8046","post","type-post","status-publish","format-standard","has-post-thumbnail","hentry","category-estados","tag-pan","tag-ricardo-rubio","tag-vacaciones"],"jetpack_publicize_connections":[],"jetpack_featured_media_url":"https:\/\/noticiasveracruz.com\/wp-content\/uploads\/2022\/09\/P-VACACIONES-RICARDO-RUBIO-1.png","jetpack_sharing_enabled":true,"publishpress_future_action":{"enabled":false,"date":"2026-05-06 18:27:51","action":"change-status","newStatus":"draft","terms":[],"taxonomy":"category","extraData":[]},"publishpress_future_workflow_manual_trigger":{"enabledWorkflows":[]},"_links":{"self":[{"href":"https:\/\/noticiasveracruz.com\/index.php\/wp-json\/wp\/v2\/posts\/8046","targetHints":{"allow":["GET"]}}],"collection":[{"href":"https:\/\/noticiasveracruz.com\/index.php\/wp-json\/wp\/v2\/posts"}],"about":[{"href":"https:\/\/noticiasveracruz.com\/index.php\/wp-json\/wp\/v2\/types\/post"}],"author":[{"embeddable":true,"href":"https:\/\/noticiasveracruz.com\/index.php\/wp-json\/wp\/v2\/users\/4"}],"replies":[{"embeddable":true,"href":"https:\/\/noticiasveracruz.com\/index.php\/wp-json\/wp\/v2\/comments?post=8046"}],"version-history":[{"count":0,"href":"https:\/\/noticiasveracruz.com\/index.php\/wp-json\/wp\/v2\/posts\/8046\/revisions"}],"wp:featuredmedia":[{"embeddable":true,"href":"https:\/\/noticiasveracruz.com\/index.php\/wp-json\/wp\/v2\/media\/8047"}],"wp:attachment":[{"href":"https:\/\/noticiasveracruz.com\/index.php\/wp-json\/wp\/v2\/media?parent=8046"}],"wp:term":[{"taxonomy":"category","embeddable":true,"href":"https:\/\/noticiasveracruz.com\/index.php\/wp-json\/wp\/v2\/categories?post=8046"},{"taxonomy":"post_tag","embeddable":true,"href":"https:\/\/noticiasveracruz.com\/index.php\/wp-json\/wp\/v2\/tags?post=8046"}],"curies":[{"name":"wp","href":"https:\/\/api.w.org\/{rel}","templated":true}]}}