{"id":8025,"date":"2022-09-14T06:30:02","date_gmt":"2022-09-14T11:30:02","guid":{"rendered":"https:\/\/noticiasveracruz.com\/?p=8025"},"modified":"2022-09-14T07:29:59","modified_gmt":"2022-09-14T12:29:59","slug":"cambio-de-opinion","status":"publish","type":"post","link":"https:\/\/noticiasveracruz.com\/index.php\/2022\/09\/14\/cambio-de-opinion\/","title":{"rendered":"Cambio de opini\u00f3n"},"content":{"rendered":"<p class=\"p1\">\n<p class=\"p1\"><span style=\"font-size: 18pt;\"><strong>Por Aurelio Contreras Moreno<\/strong><\/span><\/p>\n<p class=\"p1\"><span style=\"font-size: 14pt;\">Nunca en la historia del M\u00e9xico contempor\u00e1neo se hab\u00eda observado una obsesi\u00f3n y una sumisi\u00f3n al militarismo como la del r\u00e9gimen de la mal llamada \u201ccuarta transformaci\u00f3n\u201d, que se dice de izquierda, \u201cprogresista\u201d y \u201chumanista\u201d.<\/span><\/p>\n<p class=\"p1\"><span style=\"font-size: 14pt;\">Ni siquiera en el sexenio de Felipe Calder\u00f3n, que sac\u00f3 al ej\u00e9rcito a las calles para legitimarse en el poder, se le concedieron a las fuerzas armadas las canonj\u00edas que han recibido durante el gobierno de Andr\u00e9s Manuel L\u00f3pez Obrador, que les ha entregado una cantidad enorme de poder\u2026 y de dinero. <\/span><\/p>\n<p class=\"p1\"><span style=\"font-size: 14pt;\">Y no se lo ha dado a la tropa, a \u201clos de abajo\u201d \u2013como le gusta expresarse al demagogo-, sino a las c\u00fapulas militares, que antes se manten\u00edan discretas, en un bajo perfil p\u00fablico y no se met\u00edan -al menos abiertamente- en pol\u00edtica, y que hoy est\u00e1n desatadas ante la posibilidad real de que el lopezobradorismo termine de entregarles el pa\u00eds.<\/span><\/p>\n<p class=\"p1\"><span style=\"font-size: 14pt;\">La militarizaci\u00f3n total de las tareas de seguridad p\u00fablica ha sido un deseo largamente mantenido por la clase castrense mexicana, mismo que intent\u00f3 obtener de manera legal desde el sexenio de Enrique Pe\u00f1a Nieto, lo que no logr\u00f3 gracias al rechazo de la sociedad civil y de gran parte de quienes eran oposici\u00f3n entonces y que, hoy en el poder, quieren borrar con la cola lo que hicieron con el pico.<\/span><\/p>\n<p class=\"p1\"><span style=\"font-size: 14pt;\">La presi\u00f3n de los militares sobre la autoridad civil para que se les entregue por completo, formal y permanentemente el control de la Guardia Nacional es muy evidente y no es casualidad que se haya intensificado de cara a la recta final del sexenio, en la v\u00edspera de las elecciones estatales de 2023 y la sucesi\u00f3n presidencial de 2024. <\/span><\/p>\n<p class=\"p1\"><span style=\"font-size: 14pt;\">Por ese tamiz pasan las reformas \u2013inconstitucionales- a las leyes secundarias de la Guardia Nacional aprobadas por la \u201caplanadora\u201d morenista \u2013que no puede negar su rancio y autoritario ADN priista- en el Congreso de la Uni\u00f3n, sin moverles una sola letra, tal cual se las env\u00edan desde Palacio Nacional. Y de igual manera, la iniciativa con la que el PRI \u2013traicionando a sus votantes en las elecciones intermedias del a\u00f1o pasado- le asegura a la Secretar\u00eda de la Defensa Nacional el control de la Guardia Nacional hasta 2029.<\/span><\/p>\n<p class=\"p1\"><span style=\"font-size: 14pt;\">Semejante urgencia solo puede entenderse dentro del contexto pol\u00edtico-sucesorio, como una manera de \u201csellar\u201d el \u201cpacto\u201d con los militares para que \u00e9stos, a su vez, mantengan su \u201clealtad\u201d no al Comandante Supremo de las Fuerzas Armadas, no al pa\u00eds, sino a un r\u00e9gimen que busca la continuidad a toda costa y por lo que se ve, al precio que sea.<\/span><\/p>\n<p class=\"p1\"><span style=\"font-size: 14pt;\">Los s\u00edmbolos y mensajes de los militares son cada vez m\u00e1s agresivos y menos sutiles. Desde la propaganda de la Guardia Nacional advirtiendo a la poblaci\u00f3n que \u201ctus acciones en el mundo virtual pueden tener consecuencia en la vida real\u201d, en referencia a lo que se publica en redes, hasta los discursos oficiales, como el que pronunci\u00f3 el secretario de la Defensa Nacional, Luis Crescencio Sandoval, durante el acto conmemorativo de la defensa del Castillo de Chapultepec y la \u201cgesta\u201d de los \u201cNi\u00f1os H\u00e9roes\u201d durante la invasi\u00f3n norteamericana en 1848.<\/span><\/p>\n<p class=\"p1\"><span style=\"font-size: 14pt;\">El general Sandoval sali\u00f3 a dar uno de los discursos m\u00e1s politizados y amenazantes que haya dado un titular de la Sedena en la historia reciente del pa\u00eds con un mismo objetivo: justificar la militarizaci\u00f3n y advertirles a sus cr\u00edticos.<\/span><\/p>\n<p class=\"p1\"><span style=\"font-size: 14pt;\">\u201cQuienes integramos las instituciones tenemos el compromiso de velar por la uni\u00f3n nacional y debemos discernir de aquellos que con comentarios tendenciosos, generados por sus intereses y ambiciones personales antes que los intereses nacionales, pretenden apartar a las fuerzas armadas de la confianza y respeto que deposita la ciudadan\u00eda en las mujeres y hombres que tienen la delicada misi\u00f3n de servir a su pa\u00eds\u201d, dijo, mientras los representantes civiles de los tres poderes del Estado, aplaud\u00edan. Incluido uno que antes se opon\u00eda a la militarizaci\u00f3n y resulta que \u201ccambi\u00f3 de opini\u00f3n\u201d.<\/span><\/p>\n<p class=\"p1\"><span style=\"font-size: 14pt;\">Sandoval asegur\u00f3 que ante la poblaci\u00f3n \u201csiempre vamos a actuar con apego a la legalidad en cada uno de nuestros actos para garantizar su protecci\u00f3n y defensa ante amenazas que atenten contra su integridad, seguridad y bienestar\u201d. Lo cual no podr\u00eda acreditar ni con su propia conducta. Si no, que le pregunten por la masacre de Allende, Coahuila, en 2011.<\/span><\/p>\n<p class=\"p1\"><span style=\"font-size: 14pt;\">Ning\u00fan r\u00e9gimen militarizado ha respetado nunca los derechos humanos, en ninguna parte del mundo, en \u00e9poca alguna y bajo el sesgo ideol\u00f3gico que se quiera. No est\u00e1 en la formaci\u00f3n castrense, que busca aniquilar al enemigo, no prevenir los delitos. Pero ilusamente \u2013y perversamente muchos-, varios defensores de la militarizaci\u00f3n desde la \u201cizquierda\u201d creen que algo cambia porque ahora gobierna un r\u00e9gimen que dice que no usar\u00eda al ej\u00e9rcito contra el \u201cpueblo\u201d.<\/span><\/p>\n<p class=\"p1\"><span style=\"font-size: 14pt;\">A menos que el pueblo tambi\u00e9n \u201ccambie de opini\u00f3n\u201d en 2024.<\/span><\/p>\n<p>&nbsp;<\/p>\n<p>&nbsp;<\/p>\n<p class=\"p1\"><span style=\"font-size: 18pt;\"><strong>Correo: <a href=\"mailto:aureliocontreras@gmail.com\">aureliocontreras@gmail.com<\/a><\/strong><\/span><\/p>\n<p class=\"p1\"><span style=\"font-size: 18pt;\"><strong>Twitter: <a href=\"http:\/\/www.twitter.com\/yeyocontreras\">@yeyocontreras<\/a><\/strong><\/span><\/p>\n<p>&nbsp;<\/p>\n<p><span style=\"font-size: 18pt; color: #e42d33;\"><em><strong>**Las columnas firmadas en este medio son responsabilidad de quienes las firman**<\/strong><\/em><\/span><\/p>\n<p>&nbsp;<\/p>\n<p>&nbsp;<\/p>\n<p>&nbsp;<\/p>\n","protected":false},"excerpt":{"rendered":"<p>Por Aurelio Contreras Moreno Nunca en la historia del M\u00e9xico contempor\u00e1neo se hab\u00eda observado una obsesi\u00f3n y una sumisi\u00f3n al<\/p>\n","protected":false},"author":4,"featured_media":3578,"comment_status":"closed","ping_status":"closed","sticky":false,"template":"","format":"standard","meta":{"colormag_page_container_layout":"default_layout","colormag_page_sidebar_layout":"default_layout","_jetpack_memberships_contains_paid_content":false,"footnotes":"","jetpack_publicize_message":"","jetpack_publicize_feature_enabled":true,"jetpack_social_post_already_shared":true,"jetpack_social_options":{"image_generator_settings":{"template":"highway","default_image_id":0,"font":"","enabled":false},"version":2}},"categories":[6],"tags":[],"class_list":["post-8025","post","type-post","status-publish","format-standard","has-post-thumbnail","hentry","category-columnistas"],"jetpack_publicize_connections":[],"jetpack_featured_media_url":"https:\/\/noticiasveracruz.com\/wp-content\/uploads\/2022\/04\/P-AURELIO-CONTRERAS.png","jetpack_sharing_enabled":true,"publishpress_future_action":{"enabled":false,"date":"2026-05-05 21:38:33","action":"change-status","newStatus":"draft","terms":[],"taxonomy":"category","extraData":[]},"publishpress_future_workflow_manual_trigger":{"enabledWorkflows":[]},"_links":{"self":[{"href":"https:\/\/noticiasveracruz.com\/index.php\/wp-json\/wp\/v2\/posts\/8025","targetHints":{"allow":["GET"]}}],"collection":[{"href":"https:\/\/noticiasveracruz.com\/index.php\/wp-json\/wp\/v2\/posts"}],"about":[{"href":"https:\/\/noticiasveracruz.com\/index.php\/wp-json\/wp\/v2\/types\/post"}],"author":[{"embeddable":true,"href":"https:\/\/noticiasveracruz.com\/index.php\/wp-json\/wp\/v2\/users\/4"}],"replies":[{"embeddable":true,"href":"https:\/\/noticiasveracruz.com\/index.php\/wp-json\/wp\/v2\/comments?post=8025"}],"version-history":[{"count":0,"href":"https:\/\/noticiasveracruz.com\/index.php\/wp-json\/wp\/v2\/posts\/8025\/revisions"}],"wp:featuredmedia":[{"embeddable":true,"href":"https:\/\/noticiasveracruz.com\/index.php\/wp-json\/wp\/v2\/media\/3578"}],"wp:attachment":[{"href":"https:\/\/noticiasveracruz.com\/index.php\/wp-json\/wp\/v2\/media?parent=8025"}],"wp:term":[{"taxonomy":"category","embeddable":true,"href":"https:\/\/noticiasveracruz.com\/index.php\/wp-json\/wp\/v2\/categories?post=8025"},{"taxonomy":"post_tag","embeddable":true,"href":"https:\/\/noticiasveracruz.com\/index.php\/wp-json\/wp\/v2\/tags?post=8025"}],"curies":[{"name":"wp","href":"https:\/\/api.w.org\/{rel}","templated":true}]}}