{"id":8002,"date":"2022-09-12T20:06:55","date_gmt":"2022-09-13T01:06:55","guid":{"rendered":"https:\/\/noticiasveracruz.com\/?p=8002"},"modified":"2022-09-13T08:37:01","modified_gmt":"2022-09-13T13:37:01","slug":"balacera-en-orizaba-activa-codigo-rojo-detenidos-y-una-persona-abatida-en-la-refriega","status":"publish","type":"post","link":"https:\/\/noticiasveracruz.com\/index.php\/2022\/09\/12\/balacera-en-orizaba-activa-codigo-rojo-detenidos-y-una-persona-abatida-en-la-refriega\/","title":{"rendered":"Balacera en Orizaba activa C\u00f3digo Rojo, detenidos y una persona abatida en la refriega"},"content":{"rendered":"<p class=\"p1\"><span style=\"font-size: 14pt;\"><em><strong>ORIZABA, VERACRUZ.<\/strong> <\/em><strong>Una balacera de m\u00e1s de una hora oblig\u00f3 a pobladores de\u00a0Orizaba<\/strong>, en la regi\u00f3n central monta\u00f1osa de Veracruz, a esconderse pecho tierra, detr\u00e1s de paredes y corriendo al interior de negocios durante la tarde de este lunes.<\/span><\/p>\n<p>&nbsp;<\/p>\n<div style=\"width: 640px;\" class=\"wp-video\"><video class=\"wp-video-shortcode\" id=\"video-8002-1\" width=\"640\" height=\"352\" preload=\"metadata\" controls=\"controls\"><source type=\"video\/mp4\" src=\"https:\/\/politicosaldesnudo.com.mx\/wp-content\/uploads\/2022\/09\/zlzhc6kt1_qEIY51.mp4?_=1\" \/><a href=\"https:\/\/politicosaldesnudo.com.mx\/wp-content\/uploads\/2022\/09\/zlzhc6kt1_qEIY51.mp4\">https:\/\/politicosaldesnudo.com.mx\/wp-content\/uploads\/2022\/09\/zlzhc6kt1_qEIY51.mp4<\/a><\/video><\/div>\n<p>&nbsp;<\/p>\n<p class=\"p1\"><span style=\"font-size: 18pt;\"><strong>Diversos usurarios en redes sociales y medios informaron sobre detonaciones de arma de fuego en el centro de Orizaba, Veracruz. Reportes preliminares se\u00f1alaron que el enfrentamiento tuvo lugar en las calles Sur 15 y Oriente 4.<\/strong><\/span><\/p>\n<p class=\"p1\"><span style=\"font-size: 18pt;\"><strong>La polic\u00eda de Veracruz activ\u00f3 el c\u00f3digo rojo ante una balacera que se registra en el centro de Orizaba. El saldo fue de un presunto criminal abatido y tres m\u00e1s detenidos, uno de los cuales es un l\u00edder de alguna agrupaci\u00f3n delictiva, adelant\u00f3 el gobernador Cuitl\u00e1huac Garc\u00eda Jim\u00e9nez.<\/strong><\/span><\/p>\n<p>&nbsp;<\/p>\n<blockquote class=\"twitter-tweet\" data-width=\"550\" data-dnt=\"true\">\n<p lang=\"es\" dir=\"ltr\">Elementos de la Polic\u00eda Estatal, Fuerza Civil, SEMAR, SEDENA, Guardia Nacional y Polic\u00eda Municipal  mantienen acciones de disuasi\u00f3n y vigilancia en Orizaba. <a href=\"https:\/\/t.co\/Virjoo9TrK\">https:\/\/t.co\/Virjoo9TrK<\/a><\/p>\n<p>&mdash; Cuitl\u00e1huac Garc\u00eda (@CuitlahuacGJ) <a href=\"https:\/\/twitter.com\/CuitlahuacGJ\/status\/1569499911779151872?ref_src=twsrc%5Etfw\">September 13, 2022<\/a><\/p><\/blockquote>\n<p><script async src=\"https:\/\/platform.twitter.com\/widgets.js\" charset=\"utf-8\"><\/script><\/p>\n<p>&nbsp;<\/p>\n<p class=\"p1\"><span style=\"font-size: 14pt;\">Miembros de la Secretar\u00eda de Seguridad P\u00fablica (SSP) de\u00a0Veracruz\u00a0mantuvieron una fuerte\u00a0balacera\u00a0en\u00a0contra de presuntos delincuentes\u00a0en las inmediaciones de una casa de seguridad.<\/span><\/p>\n<p class=\"p1\"><span style=\"font-size: 18pt;\"><strong>Las detonaciones de armas de fuego derivaron de que\u00a0elementos de seguridad encontraron un lugar donde se encontraba un grupo criminal, ah\u00ed los agentes fueron recibidos a balazos.<\/strong><\/span><\/p>\n<p class=\"p1\"><span style=\"font-size: 14pt;\">El alcalde Juan Manuel Diez dijo que en cuanto se le notificaron los hechos pidi\u00f3 que se hiciera un cerco en seis manzanas para resguardar la integridad de los ciudadanos.<\/span><\/p>\n<p class=\"p1\"><span style=\"font-size: 18pt;\"><strong>Agreg\u00f3 que \u00e9l estuvo en el C5 supervisando: \u201ces un hecho extra\u00f1o, pero un hecho al fin, donde se han de haber tirado m\u00e1s de 300 cartuchos porque no paraban; nosotros est\u00e1bamos con los radios dando seguimiento\u201d.<\/strong><\/span><\/p>\n<p class=\"p1\"><span style=\"font-size: 14pt;\">Seg\u00fan testigos, la persecuci\u00f3n se prolong\u00f3 m\u00e1s de dos horas, lapso en el que no dejaron de escucharse disparos ni sirenas de patrullas. Despu\u00e9s de las 19 horas circul\u00f3 otro video en el que un civil, presuntamente un delincuente, se graba cuando dialoga con los polic\u00edas y afirma que se va a entregar.<\/span><\/p>\n<blockquote>\n<p class=\"p1\"><span style=\"font-size: 14pt;\">Menciona a corporaciones ante las cuales se rinde y agrega: \u201cnosotros dijimos que nos \u00edbamos a entregar y mataron a mi camarada\u201d.<\/span><\/p>\n<\/blockquote>\n<p>&nbsp;<\/p>\n<p><img loading=\"lazy\" decoding=\"async\" class=\"aligncenter wp-image-10092 size-large\" src=\"https:\/\/politicosaldesnudo.com.mx\/wp-content\/uploads\/2022\/09\/P-BALACERA-ORIZABA-2-1024x573.png\" alt=\"\" width=\"800\" height=\"448\" \/><\/p>\n<p>&nbsp;<\/p>\n<p class=\"p1\"><span style=\"font-size: 18pt;\"><strong>En la zona de Orizaba-Fort\u00edn de las Flores, a 15 kil\u00f3metros del centro, presuntos criminales prendieron fuego a un tractocami\u00f3n y a una gasolinera, lo cual qued\u00f3 registrado en videos difundidos por lugare\u00f1os.<\/strong><\/span><\/p>\n<p class=\"p1\"><span style=\"font-size: 14pt;\">Por la noche, la SSP inform\u00f3 la detenci\u00f3n de dos personas y una que muri\u00f3 en la refriega. Uno de los arrestados es Faustino N,\u00a0El Tino, identificado como presunto integrante de una banda generadora de violencia en Orizaba.<\/span><\/p>\n","protected":false},"excerpt":{"rendered":"<p>ORIZABA, VERACRUZ. Una balacera de m\u00e1s de una hora oblig\u00f3 a pobladores de\u00a0Orizaba, en la regi\u00f3n central monta\u00f1osa de Veracruz,<\/p>\n","protected":false},"author":4,"featured_media":8003,"comment_status":"closed","ping_status":"closed","sticky":false,"template":"","format":"standard","meta":{"colormag_page_container_layout":"default_layout","colormag_page_sidebar_layout":"default_layout","_jetpack_memberships_contains_paid_content":false,"footnotes":"","jetpack_publicize_message":"","jetpack_publicize_feature_enabled":true,"jetpack_social_post_already_shared":true,"jetpack_social_options":{"image_generator_settings":{"template":"highway","default_image_id":0,"font":"","enabled":false},"version":2}},"categories":[356],"tags":[621,484,73],"class_list":["post-8002","post","type-post","status-publish","format-standard","has-post-thumbnail","hentry","category-veracruz","tag-balacera","tag-orizaba","tag-veracruz"],"jetpack_publicize_connections":[],"jetpack_featured_media_url":"https:\/\/noticiasveracruz.com\/wp-content\/uploads\/2022\/09\/P-BALAVCERA-ORIZABA.png","jetpack_sharing_enabled":true,"publishpress_future_action":{"enabled":false,"date":"2026-05-05 18:40:02","action":"change-status","newStatus":"draft","terms":[],"taxonomy":"category","extraData":[]},"publishpress_future_workflow_manual_trigger":{"enabledWorkflows":[]},"_links":{"self":[{"href":"https:\/\/noticiasveracruz.com\/index.php\/wp-json\/wp\/v2\/posts\/8002","targetHints":{"allow":["GET"]}}],"collection":[{"href":"https:\/\/noticiasveracruz.com\/index.php\/wp-json\/wp\/v2\/posts"}],"about":[{"href":"https:\/\/noticiasveracruz.com\/index.php\/wp-json\/wp\/v2\/types\/post"}],"author":[{"embeddable":true,"href":"https:\/\/noticiasveracruz.com\/index.php\/wp-json\/wp\/v2\/users\/4"}],"replies":[{"embeddable":true,"href":"https:\/\/noticiasveracruz.com\/index.php\/wp-json\/wp\/v2\/comments?post=8002"}],"version-history":[{"count":0,"href":"https:\/\/noticiasveracruz.com\/index.php\/wp-json\/wp\/v2\/posts\/8002\/revisions"}],"wp:featuredmedia":[{"embeddable":true,"href":"https:\/\/noticiasveracruz.com\/index.php\/wp-json\/wp\/v2\/media\/8003"}],"wp:attachment":[{"href":"https:\/\/noticiasveracruz.com\/index.php\/wp-json\/wp\/v2\/media?parent=8002"}],"wp:term":[{"taxonomy":"category","embeddable":true,"href":"https:\/\/noticiasveracruz.com\/index.php\/wp-json\/wp\/v2\/categories?post=8002"},{"taxonomy":"post_tag","embeddable":true,"href":"https:\/\/noticiasveracruz.com\/index.php\/wp-json\/wp\/v2\/tags?post=8002"}],"curies":[{"name":"wp","href":"https:\/\/api.w.org\/{rel}","templated":true}]}}