{"id":7990,"date":"2022-09-13T07:28:00","date_gmt":"2022-09-13T12:28:00","guid":{"rendered":"https:\/\/noticiasveracruz.com\/?p=7990"},"modified":"2022-09-13T07:28:38","modified_gmt":"2022-09-13T12:28:38","slug":"la-alianza-rota","status":"publish","type":"post","link":"https:\/\/noticiasveracruz.com\/index.php\/2022\/09\/13\/la-alianza-rota\/","title":{"rendered":"La alianza rota"},"content":{"rendered":"<p>&nbsp;<\/p>\n<p class=\"p1\"><span style=\"font-size: 18pt;\"><strong>Por Aurelio Contreras Moreno<\/strong><\/span><\/p>\n<p class=\"p1\"><span style=\"font-size: 14pt;\">La estrategia del PRI para salvar el pellejo de su desprestigiado y cobarde dirigente nacional, Alejandro Moreno C\u00e1rdenas, impulsando una iniciativa para mantener a los militares en la Guardia Nacional hasta 2028, estar\u00eda por reventar a la coalici\u00f3n opositora.<\/span><\/p>\n<p class=\"p1\"><span style=\"font-size: 14pt;\">Bravuc\u00f3n, soberbio y al parecer muy seguro de que \u201cya la libr\u00f3\u201d con su traici\u00f3n \u2013seguro eso fue lo que le ofrecieron, impunidad-, Moreno C\u00e1rdenas sali\u00f3 a retar al PAN y al PRD: \u201c\u00bft\u00fa crees que ellos solos van a ganar alguna elecci\u00f3n? Nosotros s\u00ed\u201d, dijo a los reporteros este lunes, m\u00e1s por ret\u00f3rica que con datos reales.<\/span><\/p>\n<p class=\"p1\"><span style=\"font-size: 14pt;\">El tricolor est\u00e1 en picada en todo el pa\u00eds. Su intenci\u00f3n del voto a nivel nacional se encuentra entre 12 y 16 por ciento y bajando. Esto porque la \u201cmarca\u201d PRI produce un rechazo autom\u00e1tico en una gran parte de la poblaci\u00f3n, que irremediablemente la asocia con corrupci\u00f3n y vota en contra del otrora \u201cpartidazo\u201d, como ha quedado demostrado en casi todos los comicios de 2018 a la fecha. <\/span><\/p>\n<p class=\"p1\"><span style=\"font-size: 14pt;\">Este a\u00f1o, el tricolor fue barrido en estados que hist\u00f3ricamente hab\u00eda gobernado, como Hidalgo, o en los que manten\u00eda un fuerte cacicazgo, como Oaxaca. En Quintana Roo hasta estuvo a punto de perder el registro local como partido por la \u00ednfima votaci\u00f3n recibida.<\/span><\/p>\n<p class=\"p1\"><span style=\"font-size: 14pt;\">Y si bien la imagen y posibilidades electorales por separado del PAN y el PRD no son las mejores tampoco, no hay ning\u00fan dato que soporte las balandronadas de Moreno C\u00e1rdenas. Dicho de otra manera, si no hay alianza, van a perder en 2023 las dos entidades que les quedan, Coahuila y el Estado de M\u00e9xico. Incluso en este \u00faltimo, considerado basti\u00f3n priista por excelencia, ninguno de los aspirantes priistas que han levantado la mano por la candidatura es m\u00ednimamente competitivo contra Morena, que ya tiene definida su candidata y, sobre todo, tiene al grupo Atlacomulco a raya con investigaciones penales por presunto enriquecimiento il\u00edcito del ex presidente Enrique Pe\u00f1a Nieto.<\/span><\/p>\n<p class=\"p1\"><span style=\"font-size: 14pt;\">En este momento, los tres partidos se necesitan no solo para sobrevivir, sino para hacerle contrapeso legislativo al r\u00e9gimen morenista que, ir\u00f3nicamente, reconstruye el sistema de partido hegem\u00f3nico usando las mismas armas y hasta a los mismos personajes que le sirvieron al propio PRI en sus a\u00f1os de \u201cgloria\u201d.<\/span><\/p>\n<p class=\"p1\"><span style=\"font-size: 14pt;\">Si la alianza opositora se rompe, como parece indicar que suceder\u00e1 si los diputados federales del PRI mantienen y votan su iniciativa para hacerle el juego a la militarizaci\u00f3n que busca el r\u00e9gimen, nada garantiza que se puedan detener otras atrocidades, como la reforma electoral y su objetivo de convertir al Instituto Nacional Electoral en una oficina de elecciones del gobierno.<\/span><\/p>\n<p class=\"p1\"><span style=\"font-size: 14pt;\">Lo que pierden de vista Moreno C\u00e1rdenas y esos diputados \u2013no todos, hay que decirlo- es que si est\u00e1n ah\u00ed es porque la ciudadan\u00eda vot\u00f3 precisamente para que sirvieran como contenci\u00f3n de los abusos de un r\u00e9gimen cada vez m\u00e1s autoritario, evitando darle la mayor\u00eda calificada en la C\u00e1mara. No para que terminaran de \u201cpati\u00f1os\u201d del lopezobradorismo, usando hasta sus mismas excusas para justificar lo injustificable. <\/span><\/p>\n<p class=\"p1\"><span style=\"font-size: 14pt;\">Dijo este lunes Moreno C\u00e1rdenas que \u201cnosotros no vamos a ser quienes rompan esta coalici\u00f3n; si ellos (PAN y PRD) la quieren romper, que la rompan ellos y le van a tener que dar cuentas al pueblo de M\u00e9xico\u201d.<\/span><\/p>\n<p class=\"p1\"><span style=\"font-size: 14pt;\">Ni para asumir las consecuencias de sus miserias tiene valor \u201cAmlito, el moreno\u201d.<\/span><\/p>\n<p>&nbsp;<\/p>\n<p class=\"p1\"><span style=\"font-size: 18pt; color: #e42d33;\"><strong>PUROS BALAZOS<\/strong><\/span><\/p>\n<p class=\"p1\"><span style=\"font-size: 14pt;\">Las dos horas de terror vividas en Orizaba este lunes por el enfrentamiento entre sicarios y elementos de seguridad dan cuenta de la realidad de Veracruz, por m\u00e1s que el gobierno estatal quiera tapar el sol con un dedo.<\/span><\/p>\n<p>&nbsp;<\/p>\n<p>&nbsp;<\/p>\n<p>&nbsp;<\/p>\n<p class=\"p1\"><span style=\"font-size: 18pt;\"><strong>Correo: <a href=\"mailto:aureliocontreras@gmail.com\">aureliocontreras@gmail.com<\/a><\/strong><\/span><\/p>\n<p class=\"p1\"><span style=\"font-size: 18pt;\"><strong>Twitter: <a href=\"http:\/\/www.twitter.com\/yeyocontreras\">@yeyocontreras<\/a><\/strong><\/span><\/p>\n<p>&nbsp;<\/p>\n<p><span style=\"font-size: 18pt; color: #e42d33;\"><em><strong>**Las columnas firmadas en este medio son responsabilidad de quienes las firman**<\/strong><\/em><\/span><\/p>\n<p>&nbsp;<\/p>\n<p>&nbsp;<\/p>\n<p>&nbsp;<\/p>\n<p>&nbsp;<\/p>\n","protected":false},"excerpt":{"rendered":"<p>&nbsp; Por Aurelio Contreras Moreno La estrategia del PRI para salvar el pellejo de su desprestigiado y cobarde dirigente nacional,<\/p>\n","protected":false},"author":4,"featured_media":3578,"comment_status":"closed","ping_status":"closed","sticky":false,"template":"","format":"standard","meta":{"colormag_page_container_layout":"default_layout","colormag_page_sidebar_layout":"default_layout","_jetpack_memberships_contains_paid_content":false,"footnotes":"","jetpack_publicize_message":"","jetpack_publicize_feature_enabled":true,"jetpack_social_post_already_shared":true,"jetpack_social_options":{"image_generator_settings":{"template":"highway","default_image_id":0,"font":"","enabled":false},"version":2}},"categories":[6],"tags":[],"class_list":["post-7990","post","type-post","status-publish","format-standard","has-post-thumbnail","hentry","category-columnistas"],"jetpack_publicize_connections":[],"jetpack_featured_media_url":"https:\/\/noticiasveracruz.com\/wp-content\/uploads\/2022\/04\/P-AURELIO-CONTRERAS.png","jetpack_sharing_enabled":true,"publishpress_future_action":{"enabled":false,"date":"2026-05-05 19:31:49","action":"change-status","newStatus":"draft","terms":[],"taxonomy":"category","extraData":[]},"publishpress_future_workflow_manual_trigger":{"enabledWorkflows":[]},"_links":{"self":[{"href":"https:\/\/noticiasveracruz.com\/index.php\/wp-json\/wp\/v2\/posts\/7990","targetHints":{"allow":["GET"]}}],"collection":[{"href":"https:\/\/noticiasveracruz.com\/index.php\/wp-json\/wp\/v2\/posts"}],"about":[{"href":"https:\/\/noticiasveracruz.com\/index.php\/wp-json\/wp\/v2\/types\/post"}],"author":[{"embeddable":true,"href":"https:\/\/noticiasveracruz.com\/index.php\/wp-json\/wp\/v2\/users\/4"}],"replies":[{"embeddable":true,"href":"https:\/\/noticiasveracruz.com\/index.php\/wp-json\/wp\/v2\/comments?post=7990"}],"version-history":[{"count":0,"href":"https:\/\/noticiasveracruz.com\/index.php\/wp-json\/wp\/v2\/posts\/7990\/revisions"}],"wp:featuredmedia":[{"embeddable":true,"href":"https:\/\/noticiasveracruz.com\/index.php\/wp-json\/wp\/v2\/media\/3578"}],"wp:attachment":[{"href":"https:\/\/noticiasveracruz.com\/index.php\/wp-json\/wp\/v2\/media?parent=7990"}],"wp:term":[{"taxonomy":"category","embeddable":true,"href":"https:\/\/noticiasveracruz.com\/index.php\/wp-json\/wp\/v2\/categories?post=7990"},{"taxonomy":"post_tag","embeddable":true,"href":"https:\/\/noticiasveracruz.com\/index.php\/wp-json\/wp\/v2\/tags?post=7990"}],"curies":[{"name":"wp","href":"https:\/\/api.w.org\/{rel}","templated":true}]}}