{"id":7987,"date":"2022-09-13T07:24:23","date_gmt":"2022-09-13T12:24:23","guid":{"rendered":"https:\/\/noticiasveracruz.com\/?p=7987"},"modified":"2022-09-13T07:24:52","modified_gmt":"2022-09-13T12:24:52","slug":"politica-inadecuada","status":"publish","type":"post","link":"https:\/\/noticiasveracruz.com\/index.php\/2022\/09\/13\/politica-inadecuada\/","title":{"rendered":"Pol\u00edtica inadecuada"},"content":{"rendered":"<p>&nbsp;<\/p>\n<p class=\"p1\"><span style=\"font-size: 18pt;\"><strong>Por Alberto Woolrich Ort\u00edz<\/strong><\/span><\/p>\n<p class=\"p1\"><span style=\"font-size: 14pt;\">El delito se combate con base en la ley, con sustento en el derecho, con virilidad, con decisi\u00f3n y con inteligencia; no con abrazos y besos a la delincuencia. La ley contiene preceptos, no ocurrencias o improvisaciones; la virilidad, no es virtud exenta de inteligencia; todos sabemos que el combate a los infractores de la ley no es el mismo que se manej\u00f3 en las estad\u00edsticas expresadas en el Cuarto Informe de Gobierno de Andr\u00e9s Manuel L\u00f3pez Obrador.<\/span><\/p>\n<p class=\"p1\"><span style=\"font-size: 14pt;\">La ofensiva en contra de la delincuencia siempre debe de traducirse en eficiencia, la actividad de controvertir a los maleantes, a los facinerosos, a los bandoleros debe ser guiada siempre por las instituciones, con sustento legal, asumiendo en todo tiempo sus riesgos y siempre contando con el respaldo de la Constituci\u00f3n Pol\u00edtica de los Estados Unidos Mexicanos.<\/span><\/p>\n<p class=\"p1\"><span style=\"font-size: 14pt;\">Jam\u00e1s la cruzada que se siga para perseguir a los transgresores de la ley, puede dar cabida a las ocurrencias del Poder Ejecutivo, por mucho menos a la ignorancia. Debe de conocerse la ley para triunfar en esa encomienda.<\/span><\/p>\n<p class=\"p1\"><span style=\"font-size: 14pt;\">M\u00e9xico necesita, primero, contemplar el problema de manera integral, analizando a profundidad las causas y los efectos que producen las conductas de \u00edndole antisocial y no combatirlas con pol\u00edticas ingenuas de \u201cabrazos y besos\u201d, se necesita m\u00e1s que nunca enfrentar esa contrariedad con la ley.<\/span><\/p>\n<p class=\"p1\"><span style=\"font-size: 14pt;\">Jam\u00e1s el Poder Ejecutivo debe de consentir, sufrir y permitir que la delincuencia del poder y\/o narco-pol\u00edtica, sirva de pretexto para trastocar nuestra Soberan\u00eda. <\/span><\/p>\n<p class=\"p1\"><span style=\"font-size: 14pt;\">M\u00e9xico requiere de manera inmediata, una confronta con decisi\u00f3n a ese problema crucial de la delincuencia, la alta incidencia delictiva en todos los confines de la Naci\u00f3n, por cierto, muy por encima de cualquier Pa\u00eds integrante de la Comunidad Internacional, nos obliga a ello. <\/span><\/p>\n<p class=\"p1\"><span style=\"font-size: 14pt;\">Las endebles y cortesanas argumentaciones de \u201cabrazos y besos\u201d est\u00e1n fundadas en ocurrencias y no en la ley y esas palabras no cumplen ni objetivos ni finalidades, resulta obvio que carecen de utilidad. <\/span><\/p>\n<p class=\"p1\"><span style=\"font-size: 14pt;\">El ocurrente pol\u00edtico que con esa forma de pensar de \u201cabrazar y besar\u201d para disminuir los \u00edndices de criminalidad, ofende a la historia y a las v\u00edctimas de aquellos delincuentes, ofende tambi\u00e9n a la democracia de nuestra Naci\u00f3n.<\/span><\/p>\n<p class=\"p1\"><span style=\"font-size: 14pt;\">Actualmente, ni el derecho y sus motivaciones, ni ning\u00fan precepto jur\u00eddico de aplicaci\u00f3n estricta, apoya esa pol\u00edtica de ocurrencia. <\/span><\/p>\n<p class=\"p1\"><span style=\"font-size: 14pt;\">Hay que cambiar el rumbo. Es cuanto. <\/span><\/p>\n<p>&nbsp;<\/p>\n<p>&nbsp;<\/p>\n<p class=\"p1\"><strong><span style=\"font-size: 18pt;\">Lic. Alberto Woolrich Ort\u00edz<\/span><\/strong><\/p>\n<p class=\"p1\"><strong><span style=\"font-size: 18pt;\">Presidente de la Academia de Derecho Penal<\/span><\/strong><\/p>\n<p class=\"p1\"><strong><span style=\"font-size: 18pt;\">del Colegio de Abogados de M\u00e9xico, A.C.<\/span><\/strong><\/p>\n<p>&nbsp;<\/p>\n<p><span style=\"font-size: 18pt; color: #e42d33;\"><em><strong>**Las columnas firmadas en este medio son responsabilidad de quienes las firman**<\/strong><\/em><\/span><\/p>\n<p>&nbsp;<\/p>\n<p>&nbsp;<\/p>\n<p>&nbsp;<\/p>\n<p>&nbsp;<\/p>\n","protected":false},"excerpt":{"rendered":"<p>&nbsp; Por Alberto Woolrich Ort\u00edz El delito se combate con base en la ley, con sustento en el derecho, con<\/p>\n","protected":false},"author":4,"featured_media":3616,"comment_status":"closed","ping_status":"closed","sticky":false,"template":"","format":"standard","meta":{"colormag_page_container_layout":"default_layout","colormag_page_sidebar_layout":"default_layout","_jetpack_memberships_contains_paid_content":false,"footnotes":"","jetpack_publicize_message":"","jetpack_publicize_feature_enabled":true,"jetpack_social_post_already_shared":true,"jetpack_social_options":{"image_generator_settings":{"template":"highway","default_image_id":0,"font":"","enabled":false},"version":2}},"categories":[6],"tags":[],"class_list":["post-7987","post","type-post","status-publish","format-standard","has-post-thumbnail","hentry","category-columnistas"],"jetpack_publicize_connections":[],"jetpack_featured_media_url":"https:\/\/noticiasveracruz.com\/wp-content\/uploads\/2022\/04\/NV-ALBERTO-WOOLRICH-1.png","jetpack_sharing_enabled":true,"publishpress_future_action":{"enabled":false,"date":"2026-05-05 19:14:40","action":"change-status","newStatus":"draft","terms":[],"taxonomy":"category","extraData":[]},"publishpress_future_workflow_manual_trigger":{"enabledWorkflows":[]},"_links":{"self":[{"href":"https:\/\/noticiasveracruz.com\/index.php\/wp-json\/wp\/v2\/posts\/7987","targetHints":{"allow":["GET"]}}],"collection":[{"href":"https:\/\/noticiasveracruz.com\/index.php\/wp-json\/wp\/v2\/posts"}],"about":[{"href":"https:\/\/noticiasveracruz.com\/index.php\/wp-json\/wp\/v2\/types\/post"}],"author":[{"embeddable":true,"href":"https:\/\/noticiasveracruz.com\/index.php\/wp-json\/wp\/v2\/users\/4"}],"replies":[{"embeddable":true,"href":"https:\/\/noticiasveracruz.com\/index.php\/wp-json\/wp\/v2\/comments?post=7987"}],"version-history":[{"count":0,"href":"https:\/\/noticiasveracruz.com\/index.php\/wp-json\/wp\/v2\/posts\/7987\/revisions"}],"wp:featuredmedia":[{"embeddable":true,"href":"https:\/\/noticiasveracruz.com\/index.php\/wp-json\/wp\/v2\/media\/3616"}],"wp:attachment":[{"href":"https:\/\/noticiasveracruz.com\/index.php\/wp-json\/wp\/v2\/media?parent=7987"}],"wp:term":[{"taxonomy":"category","embeddable":true,"href":"https:\/\/noticiasveracruz.com\/index.php\/wp-json\/wp\/v2\/categories?post=7987"},{"taxonomy":"post_tag","embeddable":true,"href":"https:\/\/noticiasveracruz.com\/index.php\/wp-json\/wp\/v2\/tags?post=7987"}],"curies":[{"name":"wp","href":"https:\/\/api.w.org\/{rel}","templated":true}]}}