{"id":7948,"date":"2022-09-12T00:42:48","date_gmt":"2022-09-12T05:42:48","guid":{"rendered":"https:\/\/noticiasveracruz.com\/?p=7948"},"modified":"2022-09-12T00:42:48","modified_gmt":"2022-09-12T05:42:48","slug":"economia-social-y-solidaria","status":"publish","type":"post","link":"https:\/\/noticiasveracruz.com\/index.php\/2022\/09\/12\/economia-social-y-solidaria\/","title":{"rendered":"Econom\u00eda social y solidaria"},"content":{"rendered":"<p class=\"p1\">\n<p class=\"p1\"><span style=\"font-size: 18pt;\"><b>Por Ignacio Nava D\u00edaz<\/b><\/span><\/p>\n<p class=\"p1\"><span style=\"font-size: 14pt;\">El Tecnol\u00f3gico Nacional de M\u00e9xico campus Tl\u00e1huac III fue sede del encuentro de actores de la Econom\u00eda Social y Solidaria de la Regi\u00f3n CdMx-Zona Metropolitana.<\/span><\/p>\n<p class=\"p1\"><span style=\"font-size: 14pt;\">En el marco de la gira nacional y mesas territoriales de trabajo de los nodos de impulso a la econom\u00eda nacional y solidaria, organizado por la Secretar\u00eda de Educaci\u00f3n P\u00fablica (SEP), la Secretaria del Bienestar (SB), el Instituto Nacional de la Econom\u00eda Social (INAES), los Nodos de impulso a la Econom\u00eda Social y Solidar\u00eda (Nodess), la Asociaci\u00f3n Nacional de Universidades e Instituciones de Educaci\u00f3n Superior (Anuies) y Tecnol\u00f3gico Nacional de M\u00e9xico (TecNM), el Campus Tl\u00e1huac lll del Sistema TecNM fue sede de diversas actividades desarrolladas del 6 al 8 de septiembre del presente a\u00f1o.<\/span><\/p>\n<p class=\"p1\"><span style=\"font-size: 14pt;\">Dentro del conjunto de acciones llevadas a cabo, en las cuales participaron estudiantes, acad\u00e9micos y actores de la econom\u00eda social y solidaria, adem\u00e1s de autoridades de los distintos \u00f3rdenes de gobierno, se encontraron; el\u00a0taller para prenodess, la presentaci\u00f3n del libro\u00a0\u201cLa pol\u00edtica y el poder para el bien social; por una sociedad digna, justa y humana\u201d\u00a0del autor Mario Mungu\u00eda, as\u00ed como el desarrollo del\u00a0foro econom\u00eda social y solidaria\u00a0donde se cont\u00f3 con la intervenci\u00f3n de autoridades administrativas, acad\u00e9micos y representantes de la econom\u00eda social y solidaria de la regi\u00f3n CdMx-Zona Metropolitana constituida por las entidades federativas; CdMx), Edomex, Hidalgo, Morelos y Tlaxcala.<\/span><\/p>\n<p class=\"p1\"><span style=\"font-size: 14pt;\">Dentro de los principales objetivos perseguidos con el desarrollo de estas mesas de trabajo se encuentran;\u00a0continuar fortaleciendo los trabajos de los Nodess, dar a conocer los avances que se han logrado como resultado de la interacci\u00f3n de las instituciones de gobierno, universidades y actores de la econom\u00eda social, y fomentar la cultura del emprendimiento asociativo.<\/span><\/p>\n<p class=\"p1\"><span style=\"font-size: 14pt;\">Cabe se\u00f1alar que, dentro del campus Tl\u00e1huac III, se aprovech\u00f3 el evento para inaugurar el gimnasio-auditorio que llevar\u00e1 por nombre \u201cAriosto Otero\u201d en honor al maestro muralista contempor\u00e1neo cuyo trabajo rebasa los 40 a\u00f1os de trayectoria, con un legado tanto a nivel nacional como internacional.<\/span><\/p>\n<p class=\"p1\"><span style=\"font-size: 14pt;\">Como parte de las autoridades que asistieron al evento se cont\u00f3 con la presencia de directivos del Instituto Nacional de la Econom\u00eda Social, de la Subsecretar\u00eda de Educaci\u00f3n Superior de la SEP, de la Secretar\u00eda de Desarrollo Econ\u00f3mico y la Secretar\u00eda de Educaci\u00f3n de la CdMx, el Maestro Ram\u00f3n Jim\u00e9nez L\u00f3pez, Director General del Tecnol\u00f3gico Nacional de M\u00e9xico, as\u00ed como representaci\u00f3n de la coordinaci\u00f3n de Proyectos Especiales y Vinculaci\u00f3n Social de la SEP, la direcci\u00f3n general de Telecomm, la Licenciada Katia J. \u00c1guila Plancarte Directora de Emprendimiento en la Subsecretaria de Educaci\u00f3n Superior, y representantes de la Universidad Aut\u00f3noma Metropolitana, del Instituto Rosario Castellanos, del Instituto Polit\u00e9cnico Nacional, de la Universidad Polit\u00e9cnica de Tlaxcala y acad\u00e9micos de la UNAM y el Tecnol\u00f3gico de Monterrey, entre otros.<\/span><\/p>\n<p class=\"p1\"><span style=\"font-size: 14pt;\">Sin duda, la econom\u00eda social y solidaria es necesaria para el desarrollo econ\u00f3mico local y regional con justicia social, y el crecimiento de estas pr\u00e1cticas sociales tambi\u00e9n tendr\u00e1 un impacto positivo en la econom\u00eda nacional.<\/span><\/p>\n<p>&nbsp;<\/p>\n<p><span style=\"font-size: 18pt; color: #e42d33;\"><em><strong>**Las columnas firmadas en este medio son responsabilidad de quienes las firman**<\/strong><\/em><\/span><\/p>\n<p>&nbsp;<\/p>\n<p>&nbsp;<\/p>\n<p>&nbsp;<\/p>\n","protected":false},"excerpt":{"rendered":"<p>Por Ignacio Nava D\u00edaz El Tecnol\u00f3gico Nacional de M\u00e9xico campus Tl\u00e1huac III fue sede del encuentro de actores de la<\/p>\n","protected":false},"author":4,"featured_media":7281,"comment_status":"closed","ping_status":"closed","sticky":false,"template":"","format":"standard","meta":{"colormag_page_container_layout":"default_layout","colormag_page_sidebar_layout":"default_layout","_jetpack_memberships_contains_paid_content":false,"footnotes":"","jetpack_publicize_message":"","jetpack_publicize_feature_enabled":true,"jetpack_social_post_already_shared":true,"jetpack_social_options":{"image_generator_settings":{"template":"highway","default_image_id":0,"font":"","enabled":false},"version":2}},"categories":[6],"tags":[],"class_list":["post-7948","post","type-post","status-publish","format-standard","has-post-thumbnail","hentry","category-columnistas"],"jetpack_publicize_connections":[],"jetpack_featured_media_url":"https:\/\/noticiasveracruz.com\/wp-content\/uploads\/2022\/08\/P-IGNACIO-NAVA-NV.png","jetpack_sharing_enabled":true,"publishpress_future_action":{"enabled":false,"date":"2026-05-06 18:13:02","action":"change-status","newStatus":"draft","terms":[],"taxonomy":"category","extraData":[]},"publishpress_future_workflow_manual_trigger":{"enabledWorkflows":[]},"_links":{"self":[{"href":"https:\/\/noticiasveracruz.com\/index.php\/wp-json\/wp\/v2\/posts\/7948","targetHints":{"allow":["GET"]}}],"collection":[{"href":"https:\/\/noticiasveracruz.com\/index.php\/wp-json\/wp\/v2\/posts"}],"about":[{"href":"https:\/\/noticiasveracruz.com\/index.php\/wp-json\/wp\/v2\/types\/post"}],"author":[{"embeddable":true,"href":"https:\/\/noticiasveracruz.com\/index.php\/wp-json\/wp\/v2\/users\/4"}],"replies":[{"embeddable":true,"href":"https:\/\/noticiasveracruz.com\/index.php\/wp-json\/wp\/v2\/comments?post=7948"}],"version-history":[{"count":0,"href":"https:\/\/noticiasveracruz.com\/index.php\/wp-json\/wp\/v2\/posts\/7948\/revisions"}],"wp:featuredmedia":[{"embeddable":true,"href":"https:\/\/noticiasveracruz.com\/index.php\/wp-json\/wp\/v2\/media\/7281"}],"wp:attachment":[{"href":"https:\/\/noticiasveracruz.com\/index.php\/wp-json\/wp\/v2\/media?parent=7948"}],"wp:term":[{"taxonomy":"category","embeddable":true,"href":"https:\/\/noticiasveracruz.com\/index.php\/wp-json\/wp\/v2\/categories?post=7948"},{"taxonomy":"post_tag","embeddable":true,"href":"https:\/\/noticiasveracruz.com\/index.php\/wp-json\/wp\/v2\/tags?post=7948"}],"curies":[{"name":"wp","href":"https:\/\/api.w.org\/{rel}","templated":true}]}}