{"id":7944,"date":"2022-09-12T00:38:08","date_gmt":"2022-09-12T05:38:08","guid":{"rendered":"https:\/\/noticiasveracruz.com\/?p=7944"},"modified":"2022-09-12T00:38:08","modified_gmt":"2022-09-12T05:38:08","slug":"el-poder-por-el-poder-y-el-derecho","status":"publish","type":"post","link":"https:\/\/noticiasveracruz.com\/index.php\/2022\/09\/12\/el-poder-por-el-poder-y-el-derecho\/","title":{"rendered":"El poder por el poder y el derecho\u00a0"},"content":{"rendered":"<p class=\"p1\">\n<p class=\"p1\"><span style=\"font-size: 18pt;\"><b>Por Ra\u00fal L\u00f3pez G\u00f3mez<\/b><\/span><\/p>\n<p class=\"p1\"><span style=\"font-size: 14pt;\">Los desencuentros y desacuerdos entre el senador Ricardo Monreal y el presidente Andr\u00e9s Manuel L\u00f3pez Obrador, son parte de una nueva cultura democr\u00e1tica en el pa\u00eds de libertad.<\/span><\/p>\n<p class=\"p1\"><span style=\"font-size: 14pt;\">En el fondo AMLO, le reconoce al senador zacatecano la fuerza de su car\u00e1cter y de dignidad.<\/span><\/p>\n<p class=\"p1\"><span style=\"font-size: 14pt;\">En esta ocasi\u00f3n, una abstenci\u00f3n de Monreal en la votaci\u00f3n para del tema del control del ej\u00e9rcito para la Guardia Nacional, fue parte de un debate medi\u00e1tico entre dos pol\u00edticos de altura, sin llegar a las ofensas como parte del discurso. <\/span><\/p>\n<p class=\"p1\"><span style=\"font-size: 14pt;\">El presidente AMLO, en la conferencia ma\u00f1anera del viernes, se le vio con el rostro descompuesto, por la osad\u00eda del senador Monreal, de su abstenci\u00f3n y el zacatecano, anduvo contento visitando librer\u00edas.<\/span><\/p>\n<p class=\"p1\"><span style=\"font-size: 14pt;\">Dos palabras quedaron en el aire que se deben de analizar de los dos pol\u00edticos, dichas en sus peroratas.<\/span><\/p>\n<p class=\"p1\"><span style=\"font-size: 14pt;\">AMLO, uso el descalificativo de conservadurismo para Monreal, y este el de ingratitud para el tabasque\u00f1o.<\/span><\/p>\n<p class=\"p1\"><span style=\"font-size: 14pt;\">Al final, se descargan emociones y la realidad de ambos, seres humanos tozudos de car\u00e1cter y firmes en sus convicciones.<\/span><\/p>\n<p class=\"p1\"><span style=\"font-size: 14pt;\">El presidente AMLO, no le reconoce al senador Monreal, la cuota aportada a la Cuarta Transformaci\u00f3n de los avances legislativos aprobados en el senado, durante los cuatro primeros a\u00f1os de cambios estructurales.<\/span><\/p>\n<p class=\"p1\"><span style=\"font-size: 14pt;\">Ricardo Monreal, por su formaci\u00f3n de abogado y de doctor de derecho y de orgulloso maestro de la UNAM, no cede a continuismos del pasado, que tanto cost\u00f3 quitar.<\/span><\/p>\n<p class=\"p1\"><span style=\"font-size: 14pt;\">Tampoco, v\u00e1lida el desconocimiento de la Ley, la falta de respeto a la Constituci\u00f3n y a los poderes soberanos, ante la imposici\u00f3n de las ideas por encima del marco legal.<\/span><\/p>\n<p class=\"p1\"><span style=\"font-size: 14pt;\">Monreal, defiende al Poder Judicial y al Poder Legislativo, que se esfuerzan en resistir embates,<span class=\"Apple-converted-space\">\u00a0 <\/span>y de<span class=\"Apple-converted-space\">\u00a0 <\/span>ceder ante el titular del Poder Ejecutivo, por temor y vulnerabilidad al principio de la divisi\u00f3n de poderes.<\/span><\/p>\n<p class=\"p1\"><span style=\"font-size: 14pt;\">La militarizaci\u00f3n de las instituciones es el tema de debate a causa de un gobierno civil, impotente a resolver el rubro de la inseguridad, \u201cherencia del pasado\u201d.<\/span><\/p>\n<p class=\"p1\"><span style=\"font-size: 14pt;\">Hay ejemplos hist\u00f3ricos en el pa\u00eds de estas tr\u00e1gicas situaciones en diversas \u00e9pocas, sobre todo en la \u00e9poca reciente con EPN y los 43 j\u00f3venes estudiantes normalistas, visto ahora como un crimen de Estado.<\/span><\/p>\n<p class=\"p1\"><span style=\"font-size: 14pt;\">Que sea la historia la que decida y juzgue al final el destino del pa\u00eds. Y de ambos personajes luchadores sociales en desacuerdo.<\/span><\/p>\n<p class=\"p1\"><span style=\"font-size: 14pt;\">En el fondo, nadie quiere el retorno de los tiempos de Felipe Calder\u00f3n y de Genaro Garc\u00eda Luna, y retorne ese estilo de gobernar.<\/span><\/p>\n<p class=\"p1\"><span style=\"font-size: 14pt;\">Ahora, el PRI de Alito, aporta su cuota, pidiendo que el ej\u00e9rcito siga ejerciendo funciones de polic\u00eda en las calles hasta el 2028.<\/span><\/p>\n<p class=\"p1\"><span style=\"font-size: 14pt;\">Monreal, tiene 25 a\u00f1os de amistad y de alianza pol\u00edtica con AMLO, y es fundador de Morena.<\/span><\/p>\n<p class=\"p1\"><span style=\"font-size: 14pt;\">Ojal\u00e1 y pueda resistir a los embates del poder en su contra, que intentan quitarle por decreto, brillo y prestigio profesional de abogado constitucionalista.<\/span><\/p>\n<p class=\"p1\"><span style=\"font-size: 14pt;\">Con el entonces presidente Miguel de la Madrid, aquel 19 de septiembre de 1985,<span class=\"Apple-converted-space\">\u00a0 <\/span>ante la contingencia por el sismo de la ciudad de M\u00e9xico , el ej\u00e9rcito s\u00f3lo ejerci\u00f3 labores de vigilancia para mantener el orden<span class=\"Apple-converted-space\">\u00a0 <\/span>P\u00fablico ante la emergencia. <\/span><\/p>\n<p class=\"p1\"><span style=\"font-size: 14pt;\">Ahora, las funciones de seguridad nacional, crecen en administraci\u00f3n p\u00fablica, seguridad p\u00fablica y todas las que se les encomienden.<\/span><\/p>\n<p class=\"p1\"><span style=\"font-size: 14pt;\">Todo por la supuesta debilidad, inconsistencia y falta de honestidad o eficiencia de las instituciones civiles, en duda y bajo la lupa.<\/span><\/p>\n<p class=\"p1\"><span style=\"font-size: 14pt;\">El soldado en la historia del pa\u00eds como defensor de la patria, realiza mayores funciones espec\u00edficas de responsabilidad y por eso ahora se les agradece y respeta siempre en asumir otras misiones m\u00e1s a su nivel de competencia. As\u00ed las cosas.<\/span><\/p>\n<p>&nbsp;<\/p>\n<p><span style=\"font-size: 18pt; color: #e42d33;\"><em><strong>**Las columnas firmadas en este medio son responsabilidad de quienes las firman**<\/strong><\/em><\/span><\/p>\n<p>&nbsp;<\/p>\n<p>&nbsp;<\/p>\n<p>&nbsp;<\/p>\n<p>&nbsp;<\/p>\n","protected":false},"excerpt":{"rendered":"<p>Por Ra\u00fal L\u00f3pez G\u00f3mez Los desencuentros y desacuerdos entre el senador Ricardo Monreal y el presidente Andr\u00e9s Manuel L\u00f3pez Obrador,<\/p>\n","protected":false},"author":4,"featured_media":3560,"comment_status":"closed","ping_status":"closed","sticky":false,"template":"","format":"standard","meta":{"colormag_page_container_layout":"default_layout","colormag_page_sidebar_layout":"default_layout","_jetpack_memberships_contains_paid_content":false,"footnotes":"","jetpack_publicize_message":"","jetpack_publicize_feature_enabled":true,"jetpack_social_post_already_shared":true,"jetpack_social_options":{"image_generator_settings":{"template":"highway","default_image_id":0,"font":"","enabled":false},"version":2}},"categories":[6],"tags":[],"class_list":["post-7944","post","type-post","status-publish","format-standard","has-post-thumbnail","hentry","category-columnistas"],"jetpack_publicize_connections":[],"jetpack_featured_media_url":"https:\/\/noticiasveracruz.com\/wp-content\/uploads\/2022\/04\/NV-RAU\u0301L-LO\u0301PEZ.png","jetpack_sharing_enabled":true,"publishpress_future_action":{"enabled":false,"date":"2026-05-08 02:20:14","action":"change-status","newStatus":"draft","terms":[],"taxonomy":"category","extraData":[]},"publishpress_future_workflow_manual_trigger":{"enabledWorkflows":[]},"_links":{"self":[{"href":"https:\/\/noticiasveracruz.com\/index.php\/wp-json\/wp\/v2\/posts\/7944","targetHints":{"allow":["GET"]}}],"collection":[{"href":"https:\/\/noticiasveracruz.com\/index.php\/wp-json\/wp\/v2\/posts"}],"about":[{"href":"https:\/\/noticiasveracruz.com\/index.php\/wp-json\/wp\/v2\/types\/post"}],"author":[{"embeddable":true,"href":"https:\/\/noticiasveracruz.com\/index.php\/wp-json\/wp\/v2\/users\/4"}],"replies":[{"embeddable":true,"href":"https:\/\/noticiasveracruz.com\/index.php\/wp-json\/wp\/v2\/comments?post=7944"}],"version-history":[{"count":0,"href":"https:\/\/noticiasveracruz.com\/index.php\/wp-json\/wp\/v2\/posts\/7944\/revisions"}],"wp:featuredmedia":[{"embeddable":true,"href":"https:\/\/noticiasveracruz.com\/index.php\/wp-json\/wp\/v2\/media\/3560"}],"wp:attachment":[{"href":"https:\/\/noticiasveracruz.com\/index.php\/wp-json\/wp\/v2\/media?parent=7944"}],"wp:term":[{"taxonomy":"category","embeddable":true,"href":"https:\/\/noticiasveracruz.com\/index.php\/wp-json\/wp\/v2\/categories?post=7944"},{"taxonomy":"post_tag","embeddable":true,"href":"https:\/\/noticiasveracruz.com\/index.php\/wp-json\/wp\/v2\/tags?post=7944"}],"curies":[{"name":"wp","href":"https:\/\/api.w.org\/{rel}","templated":true}]}}