{"id":7933,"date":"2022-09-12T00:05:27","date_gmt":"2022-09-12T05:05:27","guid":{"rendered":"https:\/\/noticiasveracruz.com\/?p=7933"},"modified":"2022-09-12T00:00:06","modified_gmt":"2022-09-12T05:00:06","slug":"el-largo-acercamiento-de-la-bancada-del-pri-al-gobierno","status":"publish","type":"post","link":"https:\/\/noticiasveracruz.com\/index.php\/2022\/09\/12\/el-largo-acercamiento-de-la-bancada-del-pri-al-gobierno\/","title":{"rendered":"El largo acercamiento de la bancada del PRI al Gobierno"},"content":{"rendered":"<p class=\"p3\">\n<p class=\"p3\">\n<p class=\"p3\"><span style=\"font-size: 18pt;\"><b>Por Jos\u00e9 Ure\u00f1a<\/b><\/span><\/p>\n<p class=\"p3\"><span style=\"font-size: 14pt;\">En el poder siempre lo han visto muy cercano. Cuando la Reforma El\u00e9ctrica, Rub\u00e9n Moreira fue seducido para usar su coordinaci\u00f3n en la seducci\u00f3n de la bancada priista en San L\u00e1zaro.<\/span><\/p>\n<p class=\"p3\"><span style=\"font-size: 14pt;\">\u00c9l estaba de acuerdo con ella.<\/span><\/p>\n<p class=\"p3\"><span style=\"font-size: 14pt;\">Inclusive en las reuniones previas internas instruy\u00f3 a los diputados del Partido Revolucionario Institucional (PRI) a mantener la civilidad.<\/span><\/p>\n<p class=\"p3\"><span style=\"font-size: 14pt;\">Propon\u00eda entrar al debate del tema con las huestes encomendadas a Ignacio Mier con el se\u00f1uelo de incorporar algunos planteamientos de la oposici\u00f3n.<\/span><\/p>\n<p class=\"p3\"><span style=\"font-size: 14pt;\">Esto cre\u00f3 confusi\u00f3n porque desde octubre de 2021, cuando anunci\u00f3 la Asamblea Nacional, Alejandro Moreno, Alito, reuni\u00f3 a delegados y dirigentes estatales y les defini\u00f3:<\/span><\/p>\n<p class=\"p3\"><span style=\"font-size: 14pt;\">-Vamos en contra de la reforma el\u00e9ctrica. No habr\u00e1 negociaci\u00f3n y trataremos de llevar el debate y la votaci\u00f3n hasta despu\u00e9s de las elecciones de junio pr\u00f3ximo.<\/span><\/p>\n<p class=\"p3\"><span style=\"font-size: 14pt;\">Lo publicamos en aquella fecha y cumpli\u00f3, pero a sus espaldas Rub\u00e9n Moreira se reun\u00eda con representantes gubernamentales y les daba esperanza.<\/span><\/p>\n<p>&nbsp;<\/p>\n<p class=\"p3\"><span style=\"font-size: 18pt; color: #e42d33;\"><b>BLOQUE DE CONTENCI\u00d3N<\/b><\/span><\/p>\n<p class=\"p3\"><span style=\"font-size: 14pt;\">Las dudas aumentaban conforme se forzaba la aprobaci\u00f3n.<\/span><\/p>\n<p class=\"p3\"><span style=\"font-size: 14pt;\">El coordinador habl\u00f3 individualmente con varios de sus coordinados, quienes le son afines, para pedirles su apoyo a la reforma el\u00e9ctrica en la sesi\u00f3n del pleno.<\/span><\/p>\n<p class=\"p3\"><span style=\"font-size: 14pt;\">Seg\u00fan informes de representantes gubernamentales al coordinador Ignacio Mier y al presidente Sergio Guti\u00e9rrez Luna, ten\u00edan casi 30 votos priistas.<\/span><\/p>\n<p class=\"p3\"><span style=\"font-size: 14pt;\">-Nos faltan unos 26 m\u00e1s para alcanzar la mayor\u00eda calificada -celebraban la v\u00edspera.<\/span><\/p>\n<p class=\"p3\"><span style=\"font-size: 14pt;\">Pero las cosas cambiaron s\u00fabitamente.<\/span><\/p>\n<p class=\"p3\"><span style=\"font-size: 14pt;\">El d\u00eda de la sesi\u00f3n Alejandro Moreno asumi\u00f3 el liderazgo ante el PAN, PRD y MC, subi\u00f3 a tribuna rodeado por todas esas fracciones y anunci\u00f3 la negativa.<\/span><\/p>\n<p class=\"p3\"><span style=\"font-size: 14pt;\">Moreira fue el principal sorprendido y basta ver las fotos de ese momento para darse cuenta de su contrariedad.<\/span><\/p>\n<p class=\"p3\"><span style=\"font-size: 14pt;\">Hoy una de las suyas, Yolanda de la Torre, ha sido usada para, v\u00eda la Guardia Nacional (GN), entregar Seguridad P\u00fablica al Ej\u00e9rcito allende el sexenio, hasta 2028.<\/span><\/p>\n<p class=\"p3\"><span style=\"font-size: 14pt;\">Lo dem\u00e1s, las enormes secuelas, est\u00e1 dicho.<\/span><\/p>\n<p>&nbsp;<\/p>\n<p class=\"p3\"><span style=\"font-size: 18pt; color: #e42d33;\"><b>EFECTOS CON MONREAL<\/b><\/span><\/p>\n<p class=\"p3\"><span style=\"font-size: 14pt;\">1.- No como damnificado pero los efectos llegar\u00e1n a Ricardo Monreal.<\/span><\/p>\n<p class=\"p3\"><span style=\"font-size: 14pt;\">Puede significar mayor presi\u00f3n porque el llamado bloque de contenci\u00f3n se limita al Senado, el cuerpo legislativo donde \u00e9l es jefe del control pol\u00edtico.<\/span><\/p>\n<p class=\"p3\"><span style=\"font-size: 14pt;\">El priista Miguel \u00c1ngel Osorio Chong se ha convertido en la pr\u00e1ctica en l\u00edder del grupo conformado por PRI, PAN, PRD, MC y del Grupo Plural.<\/span><\/p>\n<p class=\"p3\"><span style=\"font-size: 14pt;\">Su misi\u00f3n es contener el transitorio para convertir en transexenal el control de la Guardia Nacional por el Ej\u00e9rcito, hasta avanzado el pr\u00f3ximo sexenio.<\/span><\/p>\n<p class=\"p3\"><span style=\"font-size: 14pt;\">Pero queda la duda del comportamiento futuro de la bancada coordinada por Rub\u00e9n Moreira en San L\u00e1zaro para las reformas constitucionales perge\u00f1adas en Palacio Nacional.<\/span><\/p>\n<p class=\"p3\"><span style=\"font-size: 14pt;\">Un caso: si su entrega al Gobierno es total, respaldar\u00e1 la reforma pol\u00edtica para anular virtualmente al INE -hacerlo incondicional es lo mismo- y debilitar al Tribunal Electoral.<\/span><\/p>\n<p class=\"p3\"><span style=\"font-size: 14pt;\">Y 2.- O fue programado al mayor nivel, o el retiro de Jorge Arganis en la SICT se dio en un momento con posibilidades de cambio en el gabinete.<\/span><\/p>\n<p class=\"p3\"><span style=\"font-size: 14pt;\">Este viernes rendir\u00e1 su \u00faltimo informe Carlos Joaqu\u00edn y estar\u00e1 lista su incorporaci\u00f3n al Gobierno federal como lo ha anunciado el Presidente.<\/span><\/p>\n<p class=\"p3\"><span style=\"font-size: 14pt;\">Es una pista.<\/span><\/p>\n<p>&nbsp;<\/p>\n<p>&nbsp;<\/p>\n<p><span style=\"font-size: 18pt; color: #e42d33;\"><em><strong>**Las columnas firmadas en este medio son responsabilidad de quienes las firman**<\/strong><\/em><\/span><\/p>\n<p>&nbsp;<\/p>\n<p>&nbsp;<\/p>\n<p>&nbsp;<\/p>\n<p>&nbsp;<\/p>\n","protected":false},"excerpt":{"rendered":"<p>Por Jos\u00e9 Ure\u00f1a En el poder siempre lo han visto muy cercano. Cuando la Reforma El\u00e9ctrica, Rub\u00e9n Moreira fue seducido<\/p>\n","protected":false},"author":4,"featured_media":3258,"comment_status":"closed","ping_status":"closed","sticky":false,"template":"","format":"standard","meta":{"colormag_page_container_layout":"default_layout","colormag_page_sidebar_layout":"default_layout","_jetpack_memberships_contains_paid_content":false,"footnotes":"","jetpack_publicize_message":"","jetpack_publicize_feature_enabled":true,"jetpack_social_post_already_shared":true,"jetpack_social_options":{"image_generator_settings":{"template":"highway","default_image_id":0,"font":"","enabled":false},"version":2}},"categories":[6],"tags":[],"class_list":["post-7933","post","type-post","status-publish","format-standard","has-post-thumbnail","hentry","category-columnistas"],"jetpack_publicize_connections":[],"jetpack_featured_media_url":"https:\/\/noticiasveracruz.com\/wp-content\/uploads\/2022\/04\/JOSE\u0301-UREN\u0303A.png","jetpack_sharing_enabled":true,"publishpress_future_action":{"enabled":false,"date":"2026-05-04 22:43:29","action":"change-status","newStatus":"draft","terms":[],"taxonomy":"category","extraData":[]},"publishpress_future_workflow_manual_trigger":{"enabledWorkflows":[]},"_links":{"self":[{"href":"https:\/\/noticiasveracruz.com\/index.php\/wp-json\/wp\/v2\/posts\/7933","targetHints":{"allow":["GET"]}}],"collection":[{"href":"https:\/\/noticiasveracruz.com\/index.php\/wp-json\/wp\/v2\/posts"}],"about":[{"href":"https:\/\/noticiasveracruz.com\/index.php\/wp-json\/wp\/v2\/types\/post"}],"author":[{"embeddable":true,"href":"https:\/\/noticiasveracruz.com\/index.php\/wp-json\/wp\/v2\/users\/4"}],"replies":[{"embeddable":true,"href":"https:\/\/noticiasveracruz.com\/index.php\/wp-json\/wp\/v2\/comments?post=7933"}],"version-history":[{"count":0,"href":"https:\/\/noticiasveracruz.com\/index.php\/wp-json\/wp\/v2\/posts\/7933\/revisions"}],"wp:featuredmedia":[{"embeddable":true,"href":"https:\/\/noticiasveracruz.com\/index.php\/wp-json\/wp\/v2\/media\/3258"}],"wp:attachment":[{"href":"https:\/\/noticiasveracruz.com\/index.php\/wp-json\/wp\/v2\/media?parent=7933"}],"wp:term":[{"taxonomy":"category","embeddable":true,"href":"https:\/\/noticiasveracruz.com\/index.php\/wp-json\/wp\/v2\/categories?post=7933"},{"taxonomy":"post_tag","embeddable":true,"href":"https:\/\/noticiasveracruz.com\/index.php\/wp-json\/wp\/v2\/tags?post=7933"}],"curies":[{"name":"wp","href":"https:\/\/api.w.org\/{rel}","templated":true}]}}