{"id":7931,"date":"2022-09-12T00:00:19","date_gmt":"2022-09-12T05:00:19","guid":{"rendered":"https:\/\/noticiasveracruz.com\/?p=7931"},"modified":"2022-09-11T23:50:59","modified_gmt":"2022-09-12T04:50:59","slug":"la-cloaca-del-financiamiento-ilegal-de-morena","status":"publish","type":"post","link":"https:\/\/noticiasveracruz.com\/index.php\/2022\/09\/12\/la-cloaca-del-financiamiento-ilegal-de-morena\/","title":{"rendered":"La cloaca del financiamiento ilegal de Morena\u00a0"},"content":{"rendered":"<p class=\"p1\">\n<p class=\"p1\"><span style=\"font-size: 18pt;\"><b>Por Aurelio Contreras Moreno<\/b><\/span><\/p>\n<p class=\"p1\"><span style=\"font-size: 14pt;\">Un tema que convenientemente se hab\u00eda dejado en el archivo del olvido y que fue retomado por Porfirio Mu\u00f1oz Ledo para demostrar la existencia de corrupci\u00f3n en la dirigencia nacional de Morena, hizo carambola en Veracruz.<\/span><\/p>\n<p class=\"p1\"><span style=\"font-size: 14pt;\">En una entrevista con el periodista Claudio Ochoa Huerta, Mu\u00f1oz Ledo le mostr\u00f3 los documentos de una investigaci\u00f3n sobre presunto financiamiento ilegal de Morena con recursos p\u00fablicos y en la cual salieron a relucir los nombres de varios pol\u00edticos de la autoproclamada \u201ccuarta transformaci\u00f3n\u201d del estado de Veracruz.<\/span><\/p>\n<p class=\"p1\"><span style=\"font-size: 14pt;\">Dicha investigaci\u00f3n, seg\u00fan refiere el periodista en una columna publicada el pasado viernes en El Universal, \u201crecoge los presuntos m\u00e9todos de financiamiento de Mario Delgado desde que lleg\u00f3 a la dirigencia del partido\u201d y menciona que \u201cen todas las hojas aparec\u00eda como principal operador Ricardo Peralta, subsecretario de Gobernaci\u00f3n en la \u00e9poca de Olga S\u00e1nchez Cordero al frente de esa oficina; luego Roc\u00edo Nahle, secretaria de Energ\u00eda, y tambi\u00e9n Cuitl\u00e1huac Garc\u00eda, gobernador de Veracruz\u201d. <\/span><\/p>\n<p class=\"p1\"><span style=\"font-size: 14pt;\">De acuerdo con la investigaci\u00f3n \u2013apunta Ochoa Huerta en su columna a partir de los documentos que le mostr\u00f3 Mu\u00f1oz Ledo-, el dirigente nacional de Morena Mario Delgado \u201ctendr\u00eda, al menos, dos or\u00edgenes de financiamiento, orquestados por Peralta: <\/span><\/p>\n<p class=\"p1\"><span style=\"font-size: 14pt;\">\u201c1.- Las aduanas. El documento denuncia que cuando Ricardo Peralta fue subsecretario de Segob vendi\u00f3 la operaci\u00f3n de distintas aduanas del pa\u00eds, desde uno hasta cinco millones de d\u00f3lares. Eso dej\u00f3 la ventana abierta para el ingreso ilegal de mercanc\u00edas, sin pago de aranceles al gobierno, pero s\u00ed a alguien m\u00e1s. El operador identificado en la investigaci\u00f3n es Filiberto Trinidad, conocido de Ricardo Peralta desde la universidad. <\/span><\/p>\n<p class=\"p1\"><span style=\"font-size: 14pt;\">\u201c2.- El huachicoleo. El documento denuncia que, a trav\u00e9s de las aduanas de Tuxpan, Progreso, Nuevo Laredo, Matamoros, Tijuana y Mexicali, Peralta trafic\u00f3 hidrocarburos l\u00edquidos \u2018en negro\u2019, es decir, sin pagar arancel. Seg\u00fan el esquema, el operador de esta maniobra est\u00e1 identificado como Alfredo Trevi\u00f1o, quien ser\u00eda primo hermano de Ernesto P\u00e9rez Astorga, exsecretario de Econom\u00eda (sic) en el gobierno de Cuitl\u00e1huac Garc\u00eda y senador suplente que tom\u00f3 el lugar de Ricardo Ahued cuando este sustituy\u00f3 a Peralta en las aduanas. As\u00ed se mantuvo el control. Alfredo Trevi\u00f1o tambi\u00e9n est\u00e1 ligado a Roc\u00edo Nahle en la investigaci\u00f3n, aunque sin mayor detalle\u201d, puntualiza el periodista, siempre en alusi\u00f3n a los documentos que le mostr\u00f3 Mu\u00f1oz Ledo.<\/span><\/p>\n<p class=\"p1\"><span style=\"font-size: 14pt;\">Esta informaci\u00f3n al parecer estar\u00eda ligada a una investigaci\u00f3n abierta por el Servicio de Administraci\u00f3n Tributaria (SAT) y la Unidad de Inteligencia Financiera de la Secretar\u00eda de Hacienda y Cr\u00e9dito P\u00fablico (SHCP) en 2020 en contra de los directores de las\u00a0Aduanas de Puerto Progreso en Yucat\u00e1n, Abel C\u00e1rdenas Lara, y de Tuxpan en Veracruz, Guillermo C\u00e9sar Calder\u00f3n,\u00a0y que en su momento se manej\u00f3 como una de las causas por las que renunci\u00f3 a la Direcci\u00f3n General de Aduanas Ricardo Ahued, quien habr\u00eda salido \u201cpor piernas\u201d ante la posibilidad de quedar \u201cembarrado\u201d en actos verdaderamente graves no solo de corrupci\u00f3n, sino hasta de crimen organizado.<\/span><\/p>\n<p class=\"p1\"><span style=\"font-size: 14pt;\">Mu\u00f1oz Ledo, quien tiene un retorcido \u201ccolmillo\u201d y sabe muy bien lo que hace y dice, deber\u00eda hacer p\u00fablica la informaci\u00f3n para saber hasta d\u00f3nde llega la responsabilidad de todos los pol\u00edticos aludidos, pues no es un secreto el uso patrimonialista e ilegal que, por ejemplo, se hace en Veracruz de los recursos p\u00fablicos para la promoci\u00f3n pol\u00edtica personal, para el financiamiento de campa\u00f1as y para el pago de los operadores de las mismas.<\/span><\/p>\n<p class=\"p1\"><span style=\"font-size: 14pt;\">Esto solo vendr\u00eda a explicar el tama\u00f1o del hedor que sale de esa cloaca.<\/span><\/p>\n<p>&nbsp;<\/p>\n<p>&nbsp;<\/p>\n<p class=\"p1\"><span style=\"font-size: 18pt;\"><strong>Correo: <a href=\"mailto:aureliocontreras@gmail.com\">aureliocontreras@gmail.com<\/a><\/strong><\/span><\/p>\n<p class=\"p1\"><span style=\"font-size: 18pt;\"><strong>Twitter: <a href=\"http:\/\/www.twitter.com\/yeyocontreras\">@yeyocontreras<\/a><\/strong><\/span><\/p>\n<p>&nbsp;<\/p>\n<p><span style=\"font-size: 18pt; color: #e42d33;\"><em><strong>**Las columnas firmadas en este medio son responsabilidad de quienes las firman**<\/strong><\/em><\/span><\/p>\n<p>&nbsp;<\/p>\n<p>&nbsp;<\/p>\n<p>&nbsp;<\/p>\n<p>&nbsp;<\/p>\n<p>&nbsp;<\/p>\n","protected":false},"excerpt":{"rendered":"<p>Por Aurelio Contreras Moreno Un tema que convenientemente se hab\u00eda dejado en el archivo del olvido y que fue retomado<\/p>\n","protected":false},"author":4,"featured_media":3578,"comment_status":"closed","ping_status":"closed","sticky":false,"template":"","format":"standard","meta":{"colormag_page_container_layout":"default_layout","colormag_page_sidebar_layout":"default_layout","_jetpack_memberships_contains_paid_content":false,"footnotes":"","jetpack_publicize_message":"","jetpack_publicize_feature_enabled":true,"jetpack_social_post_already_shared":true,"jetpack_social_options":{"image_generator_settings":{"template":"highway","default_image_id":0,"font":"","enabled":false},"version":2}},"categories":[6],"tags":[],"class_list":["post-7931","post","type-post","status-publish","format-standard","has-post-thumbnail","hentry","category-columnistas"],"jetpack_publicize_connections":[],"jetpack_featured_media_url":"https:\/\/noticiasveracruz.com\/wp-content\/uploads\/2022\/04\/P-AURELIO-CONTRERAS.png","jetpack_sharing_enabled":true,"publishpress_future_action":{"enabled":false,"date":"2026-05-04 21:37:36","action":"change-status","newStatus":"draft","terms":[],"taxonomy":"category","extraData":[]},"publishpress_future_workflow_manual_trigger":{"enabledWorkflows":[]},"_links":{"self":[{"href":"https:\/\/noticiasveracruz.com\/index.php\/wp-json\/wp\/v2\/posts\/7931","targetHints":{"allow":["GET"]}}],"collection":[{"href":"https:\/\/noticiasveracruz.com\/index.php\/wp-json\/wp\/v2\/posts"}],"about":[{"href":"https:\/\/noticiasveracruz.com\/index.php\/wp-json\/wp\/v2\/types\/post"}],"author":[{"embeddable":true,"href":"https:\/\/noticiasveracruz.com\/index.php\/wp-json\/wp\/v2\/users\/4"}],"replies":[{"embeddable":true,"href":"https:\/\/noticiasveracruz.com\/index.php\/wp-json\/wp\/v2\/comments?post=7931"}],"version-history":[{"count":0,"href":"https:\/\/noticiasveracruz.com\/index.php\/wp-json\/wp\/v2\/posts\/7931\/revisions"}],"wp:featuredmedia":[{"embeddable":true,"href":"https:\/\/noticiasveracruz.com\/index.php\/wp-json\/wp\/v2\/media\/3578"}],"wp:attachment":[{"href":"https:\/\/noticiasveracruz.com\/index.php\/wp-json\/wp\/v2\/media?parent=7931"}],"wp:term":[{"taxonomy":"category","embeddable":true,"href":"https:\/\/noticiasveracruz.com\/index.php\/wp-json\/wp\/v2\/categories?post=7931"},{"taxonomy":"post_tag","embeddable":true,"href":"https:\/\/noticiasveracruz.com\/index.php\/wp-json\/wp\/v2\/tags?post=7931"}],"curies":[{"name":"wp","href":"https:\/\/api.w.org\/{rel}","templated":true}]}}