{"id":7923,"date":"2022-09-10T12:00:35","date_gmt":"2022-09-10T17:00:35","guid":{"rendered":"https:\/\/noticiasveracruz.com\/?p=7923"},"modified":"2022-09-10T12:00:35","modified_gmt":"2022-09-10T17:00:35","slug":"gobierno-de-tuxpan-apoya-a-jovenes-emprendedores","status":"publish","type":"post","link":"https:\/\/noticiasveracruz.com\/index.php\/2022\/09\/10\/gobierno-de-tuxpan-apoya-a-jovenes-emprendedores\/","title":{"rendered":"Gobierno de Tuxpan apoya a j\u00f3venes emprendedores"},"content":{"rendered":"<p class=\"p1\">\n<p class=\"p1\"><span style=\"font-size: 14pt;\"><em><strong>TUXPAN, VERACRUZ.<\/strong> <\/em>Con gran \u00e9xito se realiza la <span style=\"color: #e42d33;\"><strong>Primera Edici\u00f3n de la \u201cExpo Joven Emprendedor\u201d<\/strong><\/span>, que ofrece un espacio a las y los j\u00f3venes para que puedan desarrollar su esp\u00edritu emprendedor e impulsar la cultura empresarial.<\/span><\/p>\n<p class=\"p1\"><span style=\"font-size: 14pt;\">En la Plaza C\u00edvica municipal se instalaron stands, donde los expositores exhibieron los productos y servicios que actualmente venden a trav\u00e9s de internet o con entregas a domicilio. <\/span><\/p>\n<p class=\"p1\"><span style=\"font-size: 18pt;\"><strong>El alcalde Jos\u00e9 Manuel Pozos\u00a0 resalt\u00f3 que la presencia de la gran mayor\u00eda del cabildo demuestra el compromiso que el Gobierno Municipal tiene para apoyar a los j\u00f3venes tuxpe\u00f1os.<\/strong><\/span><\/p>\n<p>&nbsp;<\/p>\n<p><img loading=\"lazy\" decoding=\"async\" class=\"aligncenter wp-image-9994 size-large\" src=\"https:\/\/politicosaldesnudo.com.mx\/wp-content\/uploads\/2022\/09\/P-EMPRENDEDORES-TUXPAN-1-1024x573.png\" alt=\"\" width=\"800\" height=\"448\" \/><\/p>\n<p>&nbsp;<\/p>\n<blockquote>\n<p class=\"p1\"><span style=\"font-size: 14pt;\">Tenemos mucha fe en los j\u00f3venes, queremos j\u00f3venes empresarios que est\u00e9n decididos a transformar el municipio\u201d<\/span><\/p>\n<\/blockquote>\n<p class=\"p1\"><span style=\"font-size: 18pt;\"><strong>Destac\u00f3 que esta \u201cExpo\u201c, sin duda muestra el resultado del trabajo duro, de la constancia y del enorme deseo de trascender como peque\u00f1os empresarios.<\/strong><\/span><\/p>\n<p class=\"p1\"><span style=\"font-size: 14pt;\">Jos\u00e9 Manuel Pozos felicit\u00f3 y reconoci\u00f3 a quienes ya se atrevieron a iniciar sus negocios, generando empleos y derrama econ\u00f3mica en el municipio.<\/span><\/p>\n<blockquote>\n<p class=\"p1\"><span style=\"font-size: 14pt;\">Hoy nuestra Plaza C\u00edvica es un gran escaparate para que nuestros so\u00f1adores puedan mostrar sus emprendimientos en los giros productivos, comercial o de servicios\u201d<\/span><\/p>\n<\/blockquote>\n<p>&nbsp;<\/p>\n<p><img loading=\"lazy\" decoding=\"async\" class=\"aligncenter wp-image-9996 size-large\" src=\"https:\/\/politicosaldesnudo.com.mx\/wp-content\/uploads\/2022\/09\/P-EMPRENDEDORES-TUXPAN-3-1024x573.png\" alt=\"\" width=\"800\" height=\"448\" \/><\/p>\n<p>&nbsp;<\/p>\n<p class=\"p1\"><span style=\"font-size: 18pt;\"><strong>As\u00ed el alcalde de Tuxpan Jos\u00e9 Manuel Pozos felicit\u00f3 a la directora de Juventud, por este gran evento que \u201ces una incubadora de negocios y un espacio para la realizaci\u00f3n empresarial de nuestros j\u00f3venes\u201d.<\/strong><\/span><\/p>\n<p class=\"p1\"><span style=\"font-size: 14pt;\">Las autoridades municipales hicieron la invitaci\u00f3n a la poblaci\u00f3n para que visiten esta Expo Joven Emprendedor, y apoyen a la juventud tuxpe\u00f1a a continuar encauzando sus energ\u00edas en actividades productivas. <\/span><\/p>\n<p>&nbsp;<\/p>\n<p><img loading=\"lazy\" decoding=\"async\" class=\"aligncenter wp-image-9998 size-large\" src=\"https:\/\/politicosaldesnudo.com.mx\/wp-content\/uploads\/2022\/09\/P-EMPRENDEDORES-TUXPAN-5-1024x573.png\" alt=\"\" width=\"800\" height=\"448\" \/><\/p>\n<p>&nbsp;<\/p>\n<p class=\"p1\"><span style=\"font-size: 14pt;\">La inauguraci\u00f3n estuvo presidida por el alcalde Jos\u00e9 Manuel Pozos Castro; las regidoras y regidores Anah\u00ed Aguilar L\u00f3pez, comisionada en Impulso a la Juventud; Luis Demetrio L\u00f3pez Mar\u00edn, comisionado en Recreaci\u00f3n; Amado Guti\u00e9rrez Lima, Mar\u00eda del Pilar Mart\u00ednez Matesanz, Maryanela Monroy Flores, Juan G\u00f3mez, Lucero Res\u00e9ndis Ambrocio, Axel Bernal Herrera; y la directora de Juventud y Recreaci\u00f3n municipal, Karla Mart\u00ednez.<\/span><\/p>\n<p>&nbsp;<\/p>\n<p><img loading=\"lazy\" decoding=\"async\" class=\"aligncenter wp-image-9999 size-large\" src=\"https:\/\/politicosaldesnudo.com.mx\/wp-content\/uploads\/2022\/09\/P-EMPRENDEDORES-TUXPAN-7-1024x573.png\" alt=\"\" width=\"800\" height=\"448\" \/><\/p>\n<p>&nbsp;<\/p>\n<p class=\"p1\"><span style=\"font-size: 18pt;\"><strong>Los integrantes del Cabildo tuxpe\u00f1o entregaron reconocimientos a los expositores por su participaci\u00f3n, y realizaron un recorrido por los diferentes stands.<\/strong><\/span><\/p>\n<p>&nbsp;<\/p>\n<p>&nbsp;<\/p>\n<p>&nbsp;<\/p>\n<p>&nbsp;<\/p>\n","protected":false},"excerpt":{"rendered":"<p>TUXPAN, VERACRUZ. Con gran \u00e9xito se realiza la Primera Edici\u00f3n de la \u201cExpo Joven Emprendedor\u201d, que ofrece un espacio a<\/p>\n","protected":false},"author":4,"featured_media":7927,"comment_status":"closed","ping_status":"closed","sticky":false,"template":"","format":"standard","meta":{"colormag_page_container_layout":"default_layout","colormag_page_sidebar_layout":"default_layout","_jetpack_memberships_contains_paid_content":false,"footnotes":"","jetpack_publicize_message":"","jetpack_publicize_feature_enabled":true,"jetpack_social_post_already_shared":true,"jetpack_social_options":{"image_generator_settings":{"template":"highway","default_image_id":0,"font":"","enabled":false},"version":2}},"categories":[356],"tags":[1365,701,72,73],"class_list":["post-7923","post","type-post","status-publish","format-standard","has-post-thumbnail","hentry","category-veracruz","tag-expo-joven-emprendedor","tag-jose-manuel-pozos","tag-tuxpan","tag-veracruz"],"jetpack_publicize_connections":[],"jetpack_featured_media_url":"https:\/\/noticiasveracruz.com\/wp-content\/uploads\/2022\/09\/P-EMPRENDEDORES-TUXPAN-4.png","jetpack_sharing_enabled":true,"publishpress_future_action":{"enabled":false,"date":"2026-05-04 21:29:42","action":"change-status","newStatus":"draft","terms":[],"taxonomy":"category","extraData":[]},"publishpress_future_workflow_manual_trigger":{"enabledWorkflows":[]},"_links":{"self":[{"href":"https:\/\/noticiasveracruz.com\/index.php\/wp-json\/wp\/v2\/posts\/7923","targetHints":{"allow":["GET"]}}],"collection":[{"href":"https:\/\/noticiasveracruz.com\/index.php\/wp-json\/wp\/v2\/posts"}],"about":[{"href":"https:\/\/noticiasveracruz.com\/index.php\/wp-json\/wp\/v2\/types\/post"}],"author":[{"embeddable":true,"href":"https:\/\/noticiasveracruz.com\/index.php\/wp-json\/wp\/v2\/users\/4"}],"replies":[{"embeddable":true,"href":"https:\/\/noticiasveracruz.com\/index.php\/wp-json\/wp\/v2\/comments?post=7923"}],"version-history":[{"count":0,"href":"https:\/\/noticiasveracruz.com\/index.php\/wp-json\/wp\/v2\/posts\/7923\/revisions"}],"wp:featuredmedia":[{"embeddable":true,"href":"https:\/\/noticiasveracruz.com\/index.php\/wp-json\/wp\/v2\/media\/7927"}],"wp:attachment":[{"href":"https:\/\/noticiasveracruz.com\/index.php\/wp-json\/wp\/v2\/media?parent=7923"}],"wp:term":[{"taxonomy":"category","embeddable":true,"href":"https:\/\/noticiasveracruz.com\/index.php\/wp-json\/wp\/v2\/categories?post=7923"},{"taxonomy":"post_tag","embeddable":true,"href":"https:\/\/noticiasveracruz.com\/index.php\/wp-json\/wp\/v2\/tags?post=7923"}],"curies":[{"name":"wp","href":"https:\/\/api.w.org\/{rel}","templated":true}]}}