{"id":7912,"date":"2022-09-10T08:21:30","date_gmt":"2022-09-10T13:21:30","guid":{"rendered":"https:\/\/noticiasveracruz.com\/?p=7912"},"modified":"2022-09-10T08:22:10","modified_gmt":"2022-09-10T13:22:10","slug":"entre-pompa-y-tradicion-carlos-iii-es-proclamado-rey-del-reino-unido","status":"publish","type":"post","link":"https:\/\/noticiasveracruz.com\/index.php\/2022\/09\/10\/entre-pompa-y-tradicion-carlos-iii-es-proclamado-rey-del-reino-unido\/","title":{"rendered":"Entre pompa y tradici\u00f3n, Carlos III es proclamado rey del Reino Unido"},"content":{"rendered":"<p class=\"p1\"><span style=\"font-size: 14pt;\"><em><strong>LONDRES, INGLATERRA.<\/strong> <\/em>Dos d\u00edas despu\u00e9s de que la muerte de su madre lo elev\u00f3 al trono, el rey Carlos III fue proclamado oficialmente monarca de Gran Breta\u00f1a este s\u00e1bado en una ceremonia llena de pompa impregnada de tradici\u00f3n antigua y simbolismo pol\u00edtico y, por primera vez, transmitida en vivo en l\u00ednea y al aire.<\/span><\/p>\n<p class=\"p1\"><span style=\"font-size: 18pt;\"><strong>Charles, quien pas\u00f3 siete d\u00e9cadas como heredero aparente, autom\u00e1ticamente se convirti\u00f3 en rey cuando su madre, la reina Isabel II, muri\u00f3 el jueves.\u00a0Pero la ceremonia de ascenso fue un paso constitucional y ceremonial clave para presentar al nuevo monarca en el pa\u00eds, una reliquia de una \u00e9poca anterior a las comunicaciones masivas.<\/strong><\/span><\/p>\n<p>&nbsp;<\/p>\n<p><img loading=\"lazy\" decoding=\"async\" class=\"aligncenter wp-image-9982 size-large\" src=\"https:\/\/politicosaldesnudo.com.mx\/wp-content\/uploads\/2022\/09\/P-REYCARLOS-1-1024x573.png\" alt=\"\" width=\"800\" height=\"448\" \/><\/p>\n<p>&nbsp;<\/p>\n<p class=\"p1\"><span style=\"font-size: 14pt;\">Decenas de altos pol\u00edticos brit\u00e1nicos del pasado y del presente, incluida la nueva Primera Ministra Liz Truss y cinco de sus predecesores, se reunieron en los ornamentados apartamentos estatales del Palacio de St. James para la reuni\u00f3n del Consejo de Adhesi\u00f3n.<\/span><\/p>\n<p class=\"p1\"><span style=\"font-size: 14pt;\">Se encontraron sin Carlos, confirmando oficialmente su t\u00edtulo, Rey Carlos III.\u00a0Luego, el rey se uni\u00f3 a ellos, prometiendo seguir el \u201cejemplo inspirador\u201d de su madre al asumir los deberes del monarca.<\/span><\/p>\n<p>&nbsp;<\/p>\n<p><img loading=\"lazy\" decoding=\"async\" class=\"aligncenter wp-image-9984 size-large\" src=\"https:\/\/politicosaldesnudo.com.mx\/wp-content\/uploads\/2022\/09\/P-REYCARLOS-4-1024x573.png\" alt=\"\" width=\"800\" height=\"448\" \/><\/p>\n<p>&nbsp;<\/p>\n<blockquote>\n<p class=\"p1\"><span style=\"font-size: 14pt;\">Soy profundamente consciente de esta gran herencia y de los deberes y las pesadas responsabilidades de la soberan\u00eda que ahora me han pasado\u201d<\/span><\/p>\n<\/blockquote>\n<p class=\"p1\"><span style=\"font-size: 14pt;\">Hablando de su dolor personal, dijo: \u201cS\u00e9 cu\u00e1n profundamente usted y toda la naci\u00f3n, y creo que puedo decir que todo el mundo, se solidariza conmigo en esta p\u00e9rdida irreparable que todos hemos sufrido\u201d.<\/span><\/p>\n<p>&nbsp;<\/p>\n<p class=\"p1\"><span style=\"font-size: 18pt; color: #e42d33;\"><strong>EL D\u00cdA DE LA REYNA ISABEL<\/strong><\/span><\/p>\n<p class=\"p1\"><span style=\"font-size: 18pt;\"><strong>El nuevo rey aprob\u00f3 formalmente una serie de \u00f3rdenes, incluida una que declara el d\u00eda del funeral de su madre como feriado p\u00fablico.\u00a0No se ha anunciado la fecha del funeral de estado, pero se espera que sea alrededor del 19 de septiembre.<\/strong><\/span><\/p>\n<p>&nbsp;<\/p>\n<p><img loading=\"lazy\" decoding=\"async\" class=\"aligncenter wp-image-9987 size-large\" src=\"https:\/\/politicosaldesnudo.com.mx\/wp-content\/uploads\/2022\/09\/P-REYCARLOS-7-1024x573.png\" alt=\"\" width=\"800\" height=\"448\" \/><\/p>\n<p>&nbsp;<\/p>\n<p class=\"p1\"><span style=\"font-size: 14pt;\">Esta es la primera vez que se lleva a cabo la ceremonia de adhesi\u00f3n desde 1952, cuando la Reina Isabel II asumi\u00f3 el trono.<\/span><\/p>\n<p class=\"p1\"><span style=\"font-size: 18pt;\"><strong>Charles estuvo acompa\u00f1ado en la ceremonia por su esposa Camilla, la reina consorte y su hijo mayor, el pr\u00edncipe William.\u00a0William ahora es el heredero al trono y ahora es conocido por el t\u00edtulo que Charles ostent\u00f3 durante mucho tiempo, Pr\u00edncipe de Gales.<\/strong><\/span><\/p>\n<p class=\"p1\"><span style=\"font-size: 14pt;\">La ceremonia termin\u00f3 con un funcionario real proclamando p\u00fablicamente monarca al rey Carlos III desde un balc\u00f3n del palacio.\u00a0En siglos pasados, esta habr\u00eda sido la primera confirmaci\u00f3n oficial que el p\u00fablico ten\u00eda de su nuevo soberano.<\/span><\/p>\n<p class=\"p1\"><span style=\"font-size: 18pt;\"><strong>Para muchos brit\u00e1nicos, su fallecimiento, aunque largamente esperado, es una experiencia desestabilizadora.\u00a0Llega en un momento en que muchos brit\u00e1nicos se enfrentan a\u00a0una crisis energ\u00e9tica\u00a0, el\u00a0costo de vida en alza\u00a0, las incertidumbres de la\u00a0guerra en Ucrania\u00a0y las consecuencias del Brexit.<\/strong><\/span><\/p>\n<p>&nbsp;<\/p>\n<p class=\"p1\"><span style=\"font-size: 18pt; color: #e42d33;\"><strong>JURAN LEALTAD<\/strong><\/span><\/p>\n<p class=\"p1\"><span style=\"font-size: 18pt;\"><strong>La primera ministra Liz Truss y altos miembros de su gobierno prestaron juramento de lealtad al rey Carlos III en la C\u00e1mara de los Comunes.<\/strong><\/span><\/p>\n<p>&nbsp;<\/p>\n<p><img loading=\"lazy\" decoding=\"async\" class=\"aligncenter wp-image-9985 size-large\" src=\"https:\/\/politicosaldesnudo.com.mx\/wp-content\/uploads\/2022\/09\/P-REYCARLOS-5-1024x573.png\" alt=\"\" width=\"800\" height=\"448\" \/><\/p>\n<p>&nbsp;<\/p>\n<p class=\"p1\"><span style=\"font-size: 14pt;\">La presidenta de la C\u00e1mara de los Comunes, Lindsay Hoyle, fue la primera en prometer que \u00abser\u00e1 fiel a Su Majestad el Rey Carlos, sus herederos y sucesores\u00bb, seguida por los legisladores con m\u00e1s a\u00f1os de servicio y el primer ministro.<\/span><\/p>\n<p class=\"p1\"><span style=\"font-size: 14pt;\">Todos los legisladores juran lealtad al monarca despu\u00e9s de ser elegidos.\u00a0Hacer un nuevo voto cuando cambia el monarca no es un requisito legal, pero los 650 legisladores tendr\u00e1n la oportunidad de volver a tomar el juramento en los pr\u00f3ximos d\u00edas si as\u00ed lo desean.<\/span><\/p>\n<p>&nbsp;<\/p>\n<p><img loading=\"lazy\" decoding=\"async\" class=\"aligncenter wp-image-9986 size-large\" src=\"https:\/\/politicosaldesnudo.com.mx\/wp-content\/uploads\/2022\/09\/P-REYCARLOS-6-1024x573.png\" alt=\"\" width=\"800\" height=\"448\" \/><\/p>\n<p>&nbsp;<\/p>\n<p class=\"p1\"><span style=\"font-size: 18pt;\"><strong>Los asuntos parlamentarios normales se suspendieron durante un per\u00edodo de luto por la reina.\u00a0La C\u00e1mara de los Comunes est\u00e1 celebrando una rara sesi\u00f3n de s\u00e1bado para que los legisladores puedan rendir homenaje al difunto monarca.<\/strong><\/span><\/p>\n<p>&nbsp;<\/p>\n<p><span style=\"font-size: 18pt; color: #e42d33;\"><strong>CAMBIA LA L\u00cdNEA DE SUCESI\u00d3N\u00a0<\/strong><\/span><\/p>\n<p>&nbsp;<\/p>\n<p><img loading=\"lazy\" decoding=\"async\" class=\"aligncenter wp-image-9988 size-full\" src=\"https:\/\/politicosaldesnudo.com.mx\/wp-content\/uploads\/2022\/09\/1000-8.jpeg\" alt=\"\" width=\"1000\" height=\"574\" \/><\/p>\n<p>&nbsp;<\/p>\n<p>&nbsp;<\/p>\n<p>&nbsp;<\/p>\n<p>&nbsp;<\/p>\n<p>&nbsp;<\/p>\n<p>&nbsp;<\/p>\n","protected":false},"excerpt":{"rendered":"<p>LONDRES, INGLATERRA. Dos d\u00edas despu\u00e9s de que la muerte de su madre lo elev\u00f3 al trono, el rey Carlos III<\/p>\n","protected":false},"author":4,"featured_media":7914,"comment_status":"closed","ping_status":"closed","sticky":false,"template":"","format":"standard","meta":{"colormag_page_container_layout":"default_layout","colormag_page_sidebar_layout":"default_layout","_jetpack_memberships_contains_paid_content":false,"footnotes":"","jetpack_publicize_message":"","jetpack_publicize_feature_enabled":true,"jetpack_social_post_already_shared":true,"jetpack_social_options":{"image_generator_settings":{"template":"highway","default_image_id":0,"font":"","enabled":false},"version":2}},"categories":[355],"tags":[563,1336,1364],"class_list":["post-7912","post","type-post","status-publish","format-standard","has-post-thumbnail","hentry","category-internacional","tag-inglaterra","tag-liz-truss","tag-rey-carlos-iii"],"jetpack_publicize_connections":[],"jetpack_featured_media_url":"https:\/\/noticiasveracruz.com\/wp-content\/uploads\/2022\/09\/P-REYCARLOS-2.png","jetpack_sharing_enabled":true,"publishpress_future_action":{"enabled":false,"date":"2026-05-04 18:47:00","action":"change-status","newStatus":"draft","terms":[],"taxonomy":"category","extraData":[]},"publishpress_future_workflow_manual_trigger":{"enabledWorkflows":[]},"_links":{"self":[{"href":"https:\/\/noticiasveracruz.com\/index.php\/wp-json\/wp\/v2\/posts\/7912","targetHints":{"allow":["GET"]}}],"collection":[{"href":"https:\/\/noticiasveracruz.com\/index.php\/wp-json\/wp\/v2\/posts"}],"about":[{"href":"https:\/\/noticiasveracruz.com\/index.php\/wp-json\/wp\/v2\/types\/post"}],"author":[{"embeddable":true,"href":"https:\/\/noticiasveracruz.com\/index.php\/wp-json\/wp\/v2\/users\/4"}],"replies":[{"embeddable":true,"href":"https:\/\/noticiasveracruz.com\/index.php\/wp-json\/wp\/v2\/comments?post=7912"}],"version-history":[{"count":0,"href":"https:\/\/noticiasveracruz.com\/index.php\/wp-json\/wp\/v2\/posts\/7912\/revisions"}],"wp:featuredmedia":[{"embeddable":true,"href":"https:\/\/noticiasveracruz.com\/index.php\/wp-json\/wp\/v2\/media\/7914"}],"wp:attachment":[{"href":"https:\/\/noticiasveracruz.com\/index.php\/wp-json\/wp\/v2\/media?parent=7912"}],"wp:term":[{"taxonomy":"category","embeddable":true,"href":"https:\/\/noticiasveracruz.com\/index.php\/wp-json\/wp\/v2\/categories?post=7912"},{"taxonomy":"post_tag","embeddable":true,"href":"https:\/\/noticiasveracruz.com\/index.php\/wp-json\/wp\/v2\/tags?post=7912"}],"curies":[{"name":"wp","href":"https:\/\/api.w.org\/{rel}","templated":true}]}}