{"id":7905,"date":"2022-09-09T15:47:05","date_gmt":"2022-09-09T20:47:05","guid":{"rendered":"https:\/\/noticiasveracruz.com\/?p=7905"},"modified":"2022-09-10T08:01:32","modified_gmt":"2022-09-10T13:01:32","slug":"sectur-capacita-a-prestadores-de-servicios-de-tuxpan","status":"publish","type":"post","link":"https:\/\/noticiasveracruz.com\/index.php\/2022\/09\/09\/sectur-capacita-a-prestadores-de-servicios-de-tuxpan\/","title":{"rendered":"Sectur capacita a prestadores de servicios de Tuxpan"},"content":{"rendered":"<p>&nbsp;<\/p>\n<p class=\"p1\"><span style=\"font-size: 14pt;\"><em><strong>TUXPAN, VERACRUZ.<\/strong><\/em> <strong>La Secretar\u00eda de Turismo y Cultura del Estado de Veracruz<\/strong> imparti\u00f3 la <strong>capacitaci\u00f3n en Liderazgo en el Sector Tur\u00edstico<\/strong>, Registro Nacional de Turismo (RNT) y Sistema de Clasificaci\u00f3n Hotelera (SCH).<\/span><\/p>\n<p class=\"p1\"><span style=\"font-size: 14pt;\">El evento estuvo encabezado por el alcalde Jos\u00e9 Manuel Pozos Castro; Omar Castro Pardo, director de Servicios Tur\u00edsticos de Sectur; Fernando Cruz, capacitador de Sectur; el regidor Juan G\u00f3mez Garc\u00eda, comisionado en Comercio; la regidora Maryanela Monroy Flores; y Francisco Villanueva M\u00e9ndez, director de Turismo Municipal.<\/span><\/p>\n<p>&nbsp;<\/p>\n<p><img loading=\"lazy\" decoding=\"async\" class=\"aligncenter wp-image-9978 size-large\" src=\"https:\/\/politicosaldesnudo.com.mx\/wp-content\/uploads\/2022\/09\/P-SECTUR-CAPACITACIO\u0301N-TUXPAN3-1024x573.png\" alt=\"\" width=\"800\" height=\"448\" \/><\/p>\n<p>&nbsp;<\/p>\n<p class=\"p1\"><span style=\"font-size: 18pt;\"><strong>El alcalde Jos\u00e9 Manuel Pozos felicit\u00f3 a los prestadores de servicios que asistieron a este curso, y reconoci\u00f3 su trabajo y compromiso por Tuxpan al prepararse para ser cada vez mejores y brindar una verdadera experiencia de calidad en el servicio.<\/strong><\/span><\/p>\n<blockquote>\n<p class=\"p1\"><span style=\"font-size: 14pt;\">Aqu\u00ed se est\u00e1n formando verdaderos agentes de cambio, porque habr\u00e1n de adquirir habilidades y competencias que ser\u00e1n esenciales para el crecimiento de sus empresas o negocios\u201d<\/span><\/p>\n<\/blockquote>\n<p class=\"p1\"><span style=\"font-size: 18pt;\"><strong>Exhort\u00f3 a los participantes a sacar el mayor provecho a esta capacitaci\u00f3n, para que sean m\u00e1s competitivos y, con su apoyo, se logre consolidar a Tuxpan como un destino tur\u00edstico nacional e internacional. <\/strong><\/span><\/p>\n<p>&nbsp;<\/p>\n<p><img loading=\"lazy\" decoding=\"async\" class=\"aligncenter wp-image-9976 size-large\" src=\"https:\/\/politicosaldesnudo.com.mx\/wp-content\/uploads\/2022\/09\/P-SECTUR-CAPACITACIO\u0301N-TUXPAN1-1024x573.png\" alt=\"\" width=\"800\" height=\"448\" \/><\/p>\n<p>&nbsp;<\/p>\n<p class=\"p1\"><span style=\"font-size: 14pt;\">Jos\u00e9 Manuel Pozos agradeci\u00f3 al gobernador Cuitl\u00e1huac Garc\u00eda Jim\u00e9nez por el gran impulso en materia tur\u00edstica que le est\u00e1 dando al desarrollo de Tuxpan; a trav\u00e9s de las acciones que ha implementado Iv\u00e1n Mart\u00ednez Olvera, secretario de Turismo.<\/span><\/p>\n<p class=\"p1\"><span style=\"font-size: 14pt;\">En este curso participaron representantes de las C\u00e1maras empresariales Isela L\u00f3pez S\u00e1nchez, presidenta de la Asociaci\u00f3n de Hoteles y Moteles de Tuxpan y la Huasteca A.C.; Eduardo Antonio Ortega Vega, presidente de la Canaco; Ricardo Luis Zarate Vicencio, presidente del Corredor Gastron\u00f3mico de La Mata; Jaime Ovando Torres, presidente de Canacintra.<\/span><\/p>\n<p class=\"p1\"><span style=\"font-size: 14pt;\">Asimismo, prestadores de servicios, funcionarios municipales, estudiantes de nivel superior, y personal de Tr\u00e1nsito Municipal.<\/span><\/p>\n<p>&nbsp;<\/p>\n<p><img loading=\"lazy\" decoding=\"async\" class=\"aligncenter wp-image-9979 size-large\" src=\"https:\/\/politicosaldesnudo.com.mx\/wp-content\/uploads\/2022\/09\/P-SECTUR-CAPACITACIO\u0301N-TUXPAN4-1024x573.png\" alt=\"\" width=\"800\" height=\"448\" \/><\/p>\n","protected":false},"excerpt":{"rendered":"<p>&nbsp; TUXPAN, VERACRUZ. La Secretar\u00eda de Turismo y Cultura del Estado de Veracruz imparti\u00f3 la capacitaci\u00f3n en Liderazgo en el<\/p>\n","protected":false},"author":4,"featured_media":7907,"comment_status":"closed","ping_status":"closed","sticky":false,"template":"","format":"standard","meta":{"colormag_page_container_layout":"default_layout","colormag_page_sidebar_layout":"default_layout","_jetpack_memberships_contains_paid_content":false,"footnotes":"","jetpack_publicize_message":"","jetpack_publicize_feature_enabled":true,"jetpack_social_post_already_shared":true,"jetpack_social_options":{"image_generator_settings":{"template":"highway","default_image_id":0,"font":"","enabled":false},"version":2}},"categories":[356],"tags":[1043,185,205,72,73],"class_list":["post-7905","post","type-post","status-publish","format-standard","has-post-thumbnail","hentry","category-veracruz","tag-capacitacion","tag-sectur","tag-turismo","tag-tuxpan","tag-veracruz"],"jetpack_publicize_connections":[],"jetpack_featured_media_url":"https:\/\/noticiasveracruz.com\/wp-content\/uploads\/2022\/09\/P-SECTUR-CAPACITACIO\u0301N-TUXPAN2.png","jetpack_sharing_enabled":true,"publishpress_future_action":{"enabled":false,"date":"2026-05-04 20:18:03","action":"change-status","newStatus":"draft","terms":[],"taxonomy":"category","extraData":[]},"publishpress_future_workflow_manual_trigger":{"enabledWorkflows":[]},"_links":{"self":[{"href":"https:\/\/noticiasveracruz.com\/index.php\/wp-json\/wp\/v2\/posts\/7905","targetHints":{"allow":["GET"]}}],"collection":[{"href":"https:\/\/noticiasveracruz.com\/index.php\/wp-json\/wp\/v2\/posts"}],"about":[{"href":"https:\/\/noticiasveracruz.com\/index.php\/wp-json\/wp\/v2\/types\/post"}],"author":[{"embeddable":true,"href":"https:\/\/noticiasveracruz.com\/index.php\/wp-json\/wp\/v2\/users\/4"}],"replies":[{"embeddable":true,"href":"https:\/\/noticiasveracruz.com\/index.php\/wp-json\/wp\/v2\/comments?post=7905"}],"version-history":[{"count":0,"href":"https:\/\/noticiasveracruz.com\/index.php\/wp-json\/wp\/v2\/posts\/7905\/revisions"}],"wp:featuredmedia":[{"embeddable":true,"href":"https:\/\/noticiasveracruz.com\/index.php\/wp-json\/wp\/v2\/media\/7907"}],"wp:attachment":[{"href":"https:\/\/noticiasveracruz.com\/index.php\/wp-json\/wp\/v2\/media?parent=7905"}],"wp:term":[{"taxonomy":"category","embeddable":true,"href":"https:\/\/noticiasveracruz.com\/index.php\/wp-json\/wp\/v2\/categories?post=7905"},{"taxonomy":"post_tag","embeddable":true,"href":"https:\/\/noticiasveracruz.com\/index.php\/wp-json\/wp\/v2\/tags?post=7905"}],"curies":[{"name":"wp","href":"https:\/\/api.w.org\/{rel}","templated":true}]}}