{"id":7897,"date":"2022-09-09T11:14:10","date_gmt":"2022-09-09T16:14:10","guid":{"rendered":"https:\/\/noticiasveracruz.com\/?p=7897"},"modified":"2022-09-09T11:14:10","modified_gmt":"2022-09-09T16:14:10","slug":"yo-estuve-a-bordo-del-britania","status":"publish","type":"post","link":"https:\/\/noticiasveracruz.com\/index.php\/2022\/09\/09\/yo-estuve-a-bordo-del-britania\/","title":{"rendered":"Yo estuve a bordo del Britania"},"content":{"rendered":"<p class=\"p1\">\n<p class=\"p1\"><span style=\"font-size: 18pt;\"><strong>&lt;&lt; La residencia oficial de la Reina Isabel II en sus viajes al extranjero &gt;&gt;<\/strong><\/span><\/p>\n<p class=\"p1\"><span style=\"font-size: 18pt;\"><strong>&lt;&lt;\u00a0La rese\u00f1a se public\u00f3 en la primera plana de El Dictamen &gt;&gt;<\/strong><\/span><\/p>\n<p class=\"p1\"><span style=\"font-size: 18pt;\"><strong>&lt;&lt; Una exclusiva que ning\u00fan otro medio pudo cubrir &gt;&gt;<\/strong><\/span><\/p>\n<p>&nbsp;<\/p>\n<p class=\"p1\"><span style=\"font-size: 18pt;\"><strong>Por Miguel \u00c1ngel Cristiani Gonz\u00e1lez<\/strong><\/span><\/p>\n<p class=\"p1\"><span style=\"font-size: 14pt;\">Una de las experiencias inolvidables como periodista, fue la que me toc\u00f3 vivir en el a\u00f1o d 1975, reci\u00e9n egresado de la Facultad de Periodismo en el puerto de Veracruz, cuando tuvimos la oportunidad de estar a bordo del buque insignia de la marina brit\u00e1nica el barco Britania, residencia oficial de la Reina Isabel II en sus viajes al extranjero.<\/span><\/p>\n<p class=\"p1\"><span style=\"font-size: 14pt;\">El d\u00eda antes de la visita a Veracruz de la reina Isabel II acompa\u00f1ada de su esposo el pr\u00edncipe Felipe, acompa\u00f1ando a nuestro querido maestro Alfonso Valencia R\u00edos al muelle del malec\u00f3n para dar cobertura para el peri\u00f3dico El Dictamen, Silvio Lagos Mart\u00ednez entonces secretario de Turismo estaba checando la lista de los invitados a subir al buque y le invit\u00f3 al maestro a subir para entrevistar a los secretarios de estado y empresarios que acud\u00edan, pero como ten\u00eda m\u00e1s actividades que cubrir, le dijo que la fot\u00f3grafa Soledad Ricartes y yo \u00e9ramos los acreditados para subir.<\/span><\/p>\n<p>&nbsp;<\/p>\n<p><img loading=\"lazy\" decoding=\"async\" class=\"aligncenter wp-image-9964\" src=\"https:\/\/politicosaldesnudo.com.mx\/wp-content\/uploads\/2022\/09\/image001.jpg\" alt=\"\" width=\"500\" height=\"666\" \/><\/p>\n<p>&nbsp;<\/p>\n<p class=\"p1\"><span style=\"font-size: 14pt;\">Pero al llegar a la borda hab\u00eda un segundo filtro de invitados, en donde cuando vieron que Soledad Ricarte llevaba su c\u00e1mara, la regresaron porque no estaba permitida la presencia de periodistas a bordo del barco. Entonces nosotros nos colamos por atr\u00e1s de la fila y pudimos pasar a la cubierta con el resto de los asistentes.<\/span><\/p>\n<p class=\"p1\"><span style=\"font-size: 14pt;\">Ah\u00ed nos repartieron un folleto donde explicaba las normas y reglas que ten\u00edan que seguirse a bordo del Britania, entre otras, la de que no se permit\u00eda la presencia de reporteros, pero que si era abordado por alguno, pod\u00eda hacerlo saber a un oficial para retirarlo.<\/span><\/p>\n<p class=\"p1\"><span style=\"font-size: 14pt;\">A bordo del Britania, navegamos mar adentro a unos cuantos kil\u00f3metros, en donde se hizo una demostraci\u00f3n de las medidas de seguridad de la embarcaci\u00f3n, consistente en tender un cable hacia otro barco que tambi\u00e9n acompa\u00f1aba al buque, para trasladar a alguna persona. Era impresionante ver a un marino sujetado a un chaleco, cruzar con una charola en la mano, llevando una copa con agua sin derramar, estando los dos nav\u00edos en movimiento. El capit\u00e1n pregunt\u00f3 si alguno de los invitados quer\u00eda hacer el traslado a la otra embarcaci\u00f3n y el entonces secretario de Hacienda, Jos\u00e9 L\u00f3pez Portillo dijo que el lo har\u00eda, pero seguramente cuando se enteraron que era miembro del gabinete presidencial, le dijeron que mejor en otra ocasi\u00f3n.<\/span><\/p>\n<p class=\"p1\"><span style=\"font-size: 14pt;\">De regreso de la exhibici\u00f3n, nos dieron un recorrido por todo el barco, inclusive pasamos por el camarote de la reina Isabel que ten\u00eda la puerta abierta para que pudi\u00e9ramos ver los detalles, como el escritorio donde pod\u00eda escribir alg\u00fan mensaje.<\/span><\/p>\n<p class=\"p1\"><span style=\"font-size: 14pt;\">Al llegar al comedor, nos invitaron a comer, todav\u00eda conservo el papel con el men\u00fa que nos dieron y fue la \u00fanica vez que he comido con cubiertos de plata y con el escudo real de la casa brit\u00e1nica.<\/span><\/p>\n<p class=\"p1\"><span style=\"font-size: 14pt;\">Antes de bajar del barco, el capit\u00e1n del Britania nos entreg\u00f3 a cada uno de los pasajeros un cuadro tallado en madera con el logo del barco.<\/span><\/p>\n<p class=\"p1\"><span style=\"font-size: 14pt;\">Fuimos el \u00fanico medio de comunicaci\u00f3n veracruzano y nacional que tuvimos la oportunidad de ser testigos de ese acontecimiento, que form\u00f3 parte de la historia de la visita de la Reina Isabel II y el pr\u00edncipe Felipe a nuestro pa\u00eds.<\/span><\/p>\n<p class=\"p1\"><span style=\"font-size: 14pt;\">Regresamos a la redacci\u00f3n de El Dictamen por la tarde, para redactar la rese\u00f1a del barco, en donde al d\u00eda siguiente, ya en petit comit\u00e9, el entonces presidente Luis Echeverr\u00eda ser\u00eda el invitado de honor a una cena con la reina y sus acompa\u00f1antes.<\/span><\/p>\n<p>&nbsp;<\/p>\n<p><img loading=\"lazy\" decoding=\"async\" class=\"aligncenter wp-image-9965\" src=\"https:\/\/politicosaldesnudo.com.mx\/wp-content\/uploads\/2022\/09\/image002.jpg\" alt=\"\" width=\"500\" height=\"701\" \/><\/p>\n<p>&nbsp;<\/p>\n<p>&nbsp;<\/p>\n<p class=\"p1\"><span style=\"font-size: 14pt;\">Pudimos narrar todos los detalles del barco Britania, que en ese tiempo era el buque insignia de la armada que acompa\u00f1aba a la reina en todos sus viajes por el mundo, ya que en ocasiones la monarca brit\u00e1nica iba a bordo en alguna traves\u00eda.<\/span><\/p>\n<p class=\"p1\"><span style=\"font-size: 14pt;\">La nota se public\u00f3 al d\u00eda siguiente, en la primera plana del Decano de la Prensa Nacional, bajo el t\u00edtulo de \u201cRecepci\u00f3n al Presidente y su esposa en el Britania\u201d fue la segunda en importancia luego de la de ocho columnas, que era precisamente la de la llegada de la reina Isabel al puerto de Veracruz el s\u00e1bado 1 de marzo de 1975.<\/span><\/p>\n<p class=\"p1\"><span style=\"font-size: 14pt;\">Esa fue una de las muchas experiencias que me toc\u00f3 vivir como aprendiz de reportero, con mi querido y siempre recordado maestro Alfonso Valencia Rios, jefe de informaci\u00f3n del Decano de la Prensa Nacional, quien en la edici\u00f3n del d\u00eda siguiente aparece en una foto cuando es presentado a la reina por el alcalde de Veracruz, Juan Maldonado Pereda.<\/span><\/p>\n<p class=\"p1\"><span style=\"font-size: 14pt;\">Todo esto lo volv\u00ed a recordar, ahora que se dio a conocer la noticia de la muerte de la reina brit\u00e1nica.<\/span><\/p>\n<p>&nbsp;<\/p>\n<p>&nbsp;<\/p>\n<p class=\"p2\"><span style=\"font-size: 18pt;\"><strong>Cont\u00e1ctanos en nuestras redes sociales:<\/strong><\/span><\/p>\n<p class=\"p2\"><span style=\"font-size: 18pt;\"><strong><a href=\"https:\/\/www.canva.com\/design\/DAEN5B9DWgs\/ZCHd2Z8KueYjlg_d59Op3A\/view\">https:\/\/www.canva.com\/design\/DAEN5B9DWgs\/ZCHd2Z8KueYjlg_d59Op3A\/view<\/a><\/strong><\/span><\/p>\n<p>&nbsp;<\/p>\n<p><span style=\"font-size: 18pt; color: #e42d33;\"><em><strong>**Las columnas firmadas en este medio son responsabilidad de quienes las firman**<\/strong><\/em><\/span><\/p>\n<p>&nbsp;<\/p>\n<p>&nbsp;<\/p>\n<p>&nbsp;<\/p>\n<p>&nbsp;<\/p>\n","protected":false},"excerpt":{"rendered":"<p>&lt;&lt; La residencia oficial de la Reina Isabel II en sus viajes al extranjero &gt;&gt; &lt;&lt;\u00a0La rese\u00f1a se public\u00f3 en<\/p>\n","protected":false},"author":4,"featured_media":3280,"comment_status":"closed","ping_status":"closed","sticky":false,"template":"","format":"standard","meta":{"colormag_page_container_layout":"default_layout","colormag_page_sidebar_layout":"default_layout","_jetpack_memberships_contains_paid_content":false,"footnotes":"","jetpack_publicize_message":"","jetpack_publicize_feature_enabled":true,"jetpack_social_post_already_shared":true,"jetpack_social_options":{"image_generator_settings":{"template":"highway","default_image_id":0,"font":"","enabled":false},"version":2}},"categories":[6],"tags":[],"class_list":["post-7897","post","type-post","status-publish","format-standard","has-post-thumbnail","hentry","category-columnistas"],"jetpack_publicize_connections":[],"jetpack_featured_media_url":"https:\/\/noticiasveracruz.com\/wp-content\/uploads\/2022\/04\/NV-MIGUEL-A\u0301NGEL-CRISTIANI.png","jetpack_sharing_enabled":true,"publishpress_future_action":{"enabled":false,"date":"2026-05-08 01:01:39","action":"change-status","newStatus":"draft","terms":[],"taxonomy":"category","extraData":[]},"publishpress_future_workflow_manual_trigger":{"enabledWorkflows":[]},"_links":{"self":[{"href":"https:\/\/noticiasveracruz.com\/index.php\/wp-json\/wp\/v2\/posts\/7897","targetHints":{"allow":["GET"]}}],"collection":[{"href":"https:\/\/noticiasveracruz.com\/index.php\/wp-json\/wp\/v2\/posts"}],"about":[{"href":"https:\/\/noticiasveracruz.com\/index.php\/wp-json\/wp\/v2\/types\/post"}],"author":[{"embeddable":true,"href":"https:\/\/noticiasveracruz.com\/index.php\/wp-json\/wp\/v2\/users\/4"}],"replies":[{"embeddable":true,"href":"https:\/\/noticiasveracruz.com\/index.php\/wp-json\/wp\/v2\/comments?post=7897"}],"version-history":[{"count":0,"href":"https:\/\/noticiasveracruz.com\/index.php\/wp-json\/wp\/v2\/posts\/7897\/revisions"}],"wp:featuredmedia":[{"embeddable":true,"href":"https:\/\/noticiasveracruz.com\/index.php\/wp-json\/wp\/v2\/media\/3280"}],"wp:attachment":[{"href":"https:\/\/noticiasveracruz.com\/index.php\/wp-json\/wp\/v2\/media?parent=7897"}],"wp:term":[{"taxonomy":"category","embeddable":true,"href":"https:\/\/noticiasveracruz.com\/index.php\/wp-json\/wp\/v2\/categories?post=7897"},{"taxonomy":"post_tag","embeddable":true,"href":"https:\/\/noticiasveracruz.com\/index.php\/wp-json\/wp\/v2\/tags?post=7897"}],"curies":[{"name":"wp","href":"https:\/\/api.w.org\/{rel}","templated":true}]}}