{"id":7890,"date":"2022-09-09T10:49:47","date_gmt":"2022-09-09T15:49:47","guid":{"rendered":"https:\/\/noticiasveracruz.com\/?p=7890"},"modified":"2022-09-09T10:50:30","modified_gmt":"2022-09-09T15:50:30","slug":"este-fin-de-semana-kay-perdera-fuerza-ahora-es-tormenta-tropical","status":"publish","type":"post","link":"https:\/\/noticiasveracruz.com\/index.php\/2022\/09\/09\/este-fin-de-semana-kay-perdera-fuerza-ahora-es-tormenta-tropical\/","title":{"rendered":"Este fin de semana Kay perder\u00e1 fuerza, ahora es tormenta tropical"},"content":{"rendered":"<p class=\"p1\"><span style=\"font-size: 14pt;\"><em><strong>LA PAZ, BAJA CALIFORNIA.<\/strong> <\/em>La<strong> tormenta tropical\u00a0Kay<\/strong> descarg\u00f3 fuertes lluvias sobre una zona poco poblada de la pen\u00ednsula de Baja California,\u00a0y segu\u00eda debilit\u00e1ndose en su regreso al mar.\u00a0<strong>Se espera que deje precipitaciones en el extremo sur de California durante el fin de semana.<\/strong><\/span><\/p>\n<p class=\"p1\"><span style=\"font-size: 18pt;\"><strong>El v\u00f3rtice de Kay toc\u00f3 tierra el jueves por la tarde, cuando a\u00fan era un hurac\u00e1n, cerca de la localidad de Bah\u00eda Asunci\u00f3n, en\u00a0Baja California Sur. Pero por la noche se hab\u00eda degradado a tormenta tropical, con unos vientos m\u00e1ximos sostenidos de 110 kil\u00f3metros por hora (70 millas por hora).<\/strong><\/span><\/p>\n<p>&nbsp;<\/p>\n<p class=\"p1\"><span style=\"font-size: 18pt; color: #e42d33;\"><strong>M\u00c1S LLUVIA\u00a0<\/strong><\/span><\/p>\n<p class=\"p1\"><span style=\"font-size: 14pt;\">El meteoro regres\u00f3 entonces a aguas abiertas, m\u00e1s fr\u00edas, y se prev\u00e9 que siga perdiendo fuerza. El jueves en la noche, su v\u00f3rtice estaba a unos 65 kms (40 millas) al norte de Punta Eugenia y avanzaba en direcci\u00f3n norte-noroeste a 22 km\/h (14 mph).<\/span><\/p>\n<p class=\"p1\"><span style=\"font-size: 18pt;\"><strong>El Centro Nacional de Huracanes de Estados Unidos (NHC, por sus siglas en ingl\u00e9s) en Miami indic\u00f3 que\u00a0hab\u00eda una posibilidad de que las bandas exteriores del meteoro pudieran descargar intensas lluvias y causar inundaciones repentinas a partes del sur de California y el suroeste de Arizona el viernes por la noche y el s\u00e1bado.<\/strong><\/span><\/p>\n<p>&nbsp;<\/p>\n<p><img loading=\"lazy\" decoding=\"async\" class=\"wp-image-9956 size-large aligncenter\" src=\"https:\/\/politicosaldesnudo.com.mx\/wp-content\/uploads\/2022\/09\/P-TORMENTA-KAY2-1024x573.png\" alt=\"\" width=\"800\" height=\"448\" \/><\/p>\n<p>&nbsp;<\/p>\n<p class=\"p1\"><span style=\"font-size: 14pt;\">Ivory Small, meteor\u00f3logo del Servicio Meteorol\u00f3gico Nacional en San Diego, dijo que se espera que Kay afecte el \u00e1rea del condado San Diego con algo de menos fuerza que la de una tormenta tropical. Aunque su v\u00f3rtice permanecer\u00eda adentro en el mar, los vientos ser\u00edan lo suficientemente fuertes para derribar ramas de \u00e1rboles, a\u00f1adi\u00f3.<\/span><\/p>\n<p class=\"p1\"><span style=\"font-size: 18pt;\"><strong>El gobierno de Baja California Sur inform\u00f3 que\u00a0m\u00e1s de mil 600 personas se hab\u00edan refugiado en albergues antes de la llegada del meteoro. Algunos arroyos se estaban desbordando ya y se cerraron algunas carreteras,\u00a0apuntaron las autoridades.<\/strong><\/span><\/p>\n<p class=\"p1\"><span style=\"font-size: 14pt;\">Los deslaves habr\u00edan bloqueado el paso en algunas carreteras de la pen\u00ednsula, pero no se reportaron heridos.<\/span><\/p>\n<p class=\"p1\"><span style=\"font-size: 18pt;\"><strong>Por otra parte, el hurac\u00e1n Earl estaba en alta mar en el Oc\u00e9ano Atl\u00e1ntico pas\u00f3 por el sureste de Bermuda el jueves por la noche tras debilitarse a categor\u00eda 3.<\/strong><\/span><\/p>\n<p>&nbsp;<\/p>\n<p class=\"p1\"><span style=\"font-size: 18pt; color: #e42d33;\"><strong>EN SONORA ALTO OLAJE<\/strong><\/span><\/p>\n<p class=\"p1\"><span style=\"font-size: 14pt;\">Por efectos del hurac\u00e1n Kay, en Bah\u00eda de Kino, se registr\u00f3\u00a0aumento de marea y alto oleaje, que ha inundado casas, calles y ha destruido el muelle tur\u00edstico. La Coordinaci\u00f3n Estatal de Protecci\u00f3n Civil (CEPC) ha recomendado a la poblaci\u00f3n extremar precauciones y estar atenta a la informaci\u00f3n oficial. Record\u00f3 que los puertos fueron cerrados desde el pasado mi\u00e9rcoles de manera preventiva ante esta situaci\u00f3n.<\/span><\/p>\n<blockquote class=\"twitter-tweet\" data-width=\"550\" data-dnt=\"true\">\n<p lang=\"es\" dir=\"ltr\">SITUACI\u00d3N ACTUAL EN BAH\u00cdA DE KINO<br \/>Bomberos de Hermosillo en constante comunicaci\u00f3n y coordinaci\u00f3n con Protecci\u00f3n Civil Sonora brinda videos donde se puede presenciar la situaci\u00f3n real en Bah\u00eda de Kino, se le pide a la ciudadan\u00eda atender las recomendaciones e informaci\u00f3n oficial. <a href=\"https:\/\/t.co\/nVtgIYVd00\">pic.twitter.com\/nVtgIYVd00<\/a><\/p>\n<p>&mdash; Protecci\u00f3n Civil Sonora (@cepcsonora) <a href=\"https:\/\/twitter.com\/cepcsonora\/status\/1568015699645431810?ref_src=twsrc%5Etfw\">September 8, 2022<\/a><\/p><\/blockquote>\n<p><script async src=\"https:\/\/platform.twitter.com\/widgets.js\" charset=\"utf-8\"><\/script><\/p>\n<p class=\"p1\"><span style=\"font-size: 18pt;\"><strong>Desde la una de la tarde pobladores reportaban en videos c\u00f3mo el mar iba anegando las calles y llegando a las viviendas. El Departamento de Bomberos de Hermosillo y Protecci\u00f3n Civil Municipal han difundido videos de la situaci\u00f3n real en Bah\u00eda de Kino.<\/strong><\/span><\/p>\n<p class=\"p1\"><span style=\"font-size: 14pt;\">Adem\u00e1s, inform\u00f3 que con el objetivo de reforzar a los elementos de Bah\u00eda de Kino, y poder salvo guardar a la ciudadan\u00eda del lugar, se enviaron elementos de Rescate Acu\u00e1tico y Tecnolog\u00edas aplicadas a Emergencias a la costa y playa de Hermosillo.<\/span><\/p>\n<p>&nbsp;<\/p>\n","protected":false},"excerpt":{"rendered":"<p>LA PAZ, BAJA CALIFORNIA. La tormenta tropical\u00a0Kay descarg\u00f3 fuertes lluvias sobre una zona poco poblada de la pen\u00ednsula de Baja<\/p>\n","protected":false},"author":4,"featured_media":7891,"comment_status":"closed","ping_status":"closed","sticky":false,"template":"","format":"standard","meta":{"colormag_page_container_layout":"default_layout","colormag_page_sidebar_layout":"default_layout","_jetpack_memberships_contains_paid_content":false,"footnotes":"","jetpack_publicize_message":"","jetpack_publicize_feature_enabled":true,"jetpack_social_post_already_shared":true,"jetpack_social_options":{"image_generator_settings":{"template":"highway","default_image_id":0,"font":"","enabled":false},"version":2}},"categories":[145],"tags":[844,31,1362],"class_list":["post-7890","post","type-post","status-publish","format-standard","has-post-thumbnail","hentry","category-estados","tag-lluvias","tag-mexico","tag-tormenta-kay"],"jetpack_publicize_connections":[],"jetpack_featured_media_url":"https:\/\/noticiasveracruz.com\/wp-content\/uploads\/2022\/09\/P-TORMENTA-KAY.png","jetpack_sharing_enabled":true,"publishpress_future_action":{"enabled":false,"date":"2026-05-05 19:31:09","action":"change-status","newStatus":"draft","terms":[],"taxonomy":"category","extraData":[]},"publishpress_future_workflow_manual_trigger":{"enabledWorkflows":[]},"_links":{"self":[{"href":"https:\/\/noticiasveracruz.com\/index.php\/wp-json\/wp\/v2\/posts\/7890","targetHints":{"allow":["GET"]}}],"collection":[{"href":"https:\/\/noticiasveracruz.com\/index.php\/wp-json\/wp\/v2\/posts"}],"about":[{"href":"https:\/\/noticiasveracruz.com\/index.php\/wp-json\/wp\/v2\/types\/post"}],"author":[{"embeddable":true,"href":"https:\/\/noticiasveracruz.com\/index.php\/wp-json\/wp\/v2\/users\/4"}],"replies":[{"embeddable":true,"href":"https:\/\/noticiasveracruz.com\/index.php\/wp-json\/wp\/v2\/comments?post=7890"}],"version-history":[{"count":0,"href":"https:\/\/noticiasveracruz.com\/index.php\/wp-json\/wp\/v2\/posts\/7890\/revisions"}],"wp:featuredmedia":[{"embeddable":true,"href":"https:\/\/noticiasveracruz.com\/index.php\/wp-json\/wp\/v2\/media\/7891"}],"wp:attachment":[{"href":"https:\/\/noticiasveracruz.com\/index.php\/wp-json\/wp\/v2\/media?parent=7890"}],"wp:term":[{"taxonomy":"category","embeddable":true,"href":"https:\/\/noticiasveracruz.com\/index.php\/wp-json\/wp\/v2\/categories?post=7890"},{"taxonomy":"post_tag","embeddable":true,"href":"https:\/\/noticiasveracruz.com\/index.php\/wp-json\/wp\/v2\/tags?post=7890"}],"curies":[{"name":"wp","href":"https:\/\/api.w.org\/{rel}","templated":true}]}}