{"id":78813,"date":"2026-05-21T00:08:02","date_gmt":"2026-05-21T06:08:02","guid":{"rendered":"https:\/\/noticiasveracruz.com\/?p=78813"},"modified":"2026-05-20T22:54:57","modified_gmt":"2026-05-21T04:54:57","slug":"violencia-sexual-ya-no-prescribira-en-tamaulipas-buscan-proteger-a-victimas-desde-la-infancia","status":"publish","type":"post","link":"https:\/\/noticiasveracruz.com\/index.php\/2026\/05\/21\/violencia-sexual-ya-no-prescribira-en-tamaulipas-buscan-proteger-a-victimas-desde-la-infancia\/","title":{"rendered":"Violencia sexual ya no prescribir\u00e1 en Tamaulipas; buscan proteger a v\u00edctimas desde la infancia"},"content":{"rendered":"<p class=\"nota-justify\">El Congreso de Tamaulipas aprob\u00f3 este mi\u00e9rcoles reformas al C\u00f3digo Civil del estado con el objetivo de que no prescriban los delitos por violencia sexual.<\/p>\n<p class=\"nota-justify\">El dictamen, derivado de una iniciativa promovida por la fracci\u00f3n de Morena, tiene como fin garantizar la reparaci\u00f3n del da\u00f1o cometido durante la infancia, adolescencia y la juventud sin l\u00edmite de tiempo para las denuncias.<\/p>\n<p class=\"nota-justify\">En ese sentido, \u201clas v\u00edctimas deben contar con el tiempo necesario para comprender, asimilar y expresar lo ocurrido sin estar sujetas a plazos que limiten su acceso a la justicia\u201d, refiere la iniciativa.<\/p>\n<p class=\"nota-justify\">La modificaci\u00f3n se sustenta en criterios de la Suprema Corte de Justicia de la Naci\u00f3n, quien reconoce que imponer plazos en estos casos puede generar revictimizaci\u00f3n y obstaculizar el derecho a una reparaci\u00f3n integral.<\/p>\n<p class=\"nota-justify\">La acci\u00f3n legislativa fortalece la protecci\u00f3n de ni\u00f1as, ni\u00f1os y adolescentes priorizando su derecho a la justicia y a una vida libre de violencia, y fue aprobada por unanimidad de votos del Pleno Legislativo.<\/p>\n","protected":false},"excerpt":{"rendered":"<p>El Congreso de Tamaulipas aprob\u00f3 este mi\u00e9rcoles reformas al C\u00f3digo Civil del estado con el objetivo de que no prescriban los delitos por violencia sexual. El dictamen, derivado de una iniciativa promovida por la fracci\u00f3n de Morena, tiene como fin garantizar la reparaci\u00f3n del da\u00f1o cometido durante la infancia, adolescencia y la juventud sin l\u00edmite [&hellip;]<\/p>\n","protected":false},"author":4,"featured_media":78814,"comment_status":"closed","ping_status":"closed","sticky":false,"template":"","format":"standard","meta":{"_jetpack_newsletter_access":"","_jetpack_dont_email_post_to_subs":false,"_jetpack_newsletter_tier_id":0,"_jetpack_memberships_contains_paywalled_content":false,"_jetpack_feature_clip_id":0,"_jetpack_memberships_contains_paid_content":false,"footnotes":"","jetpack_publicize_message":"","jetpack_publicize_feature_enabled":true,"jetpack_social_post_already_shared":true,"jetpack_social_options":{"image_generator_settings":{"template":"highway","default_image_id":0,"font":"","enabled":false},"version":2},"jetpack_post_was_ever_published":false},"categories":[145],"tags":[],"class_list":["post-78813","post","type-post","status-publish","format-standard","has-post-thumbnail","hentry","category-estados"],"jetpack_publicize_connections":[],"jetpack_sharing_enabled":true,"publishpress_future_action":{"enabled":false,"date":"2026-09-07 10:56:59","action":"change-status","newStatus":"draft","terms":[],"taxonomy":"category","extraData":[]},"publishpress_future_workflow_manual_trigger":{"enabledWorkflows":[]},"jetpack_featured_media_url":"https:\/\/noticiasveracruz.com\/wp-content\/uploads\/2026\/05\/VISEX.jpg","_links":{"self":[{"href":"https:\/\/noticiasveracruz.com\/index.php\/wp-json\/wp\/v2\/posts\/78813","targetHints":{"allow":["GET"]}}],"collection":[{"href":"https:\/\/noticiasveracruz.com\/index.php\/wp-json\/wp\/v2\/posts"}],"about":[{"href":"https:\/\/noticiasveracruz.com\/index.php\/wp-json\/wp\/v2\/types\/post"}],"author":[{"embeddable":true,"href":"https:\/\/noticiasveracruz.com\/index.php\/wp-json\/wp\/v2\/users\/4"}],"replies":[{"embeddable":true,"href":"https:\/\/noticiasveracruz.com\/index.php\/wp-json\/wp\/v2\/comments?post=78813"}],"version-history":[{"count":1,"href":"https:\/\/noticiasveracruz.com\/index.php\/wp-json\/wp\/v2\/posts\/78813\/revisions"}],"predecessor-version":[{"id":78815,"href":"https:\/\/noticiasveracruz.com\/index.php\/wp-json\/wp\/v2\/posts\/78813\/revisions\/78815"}],"wp:featuredmedia":[{"embeddable":true,"href":"https:\/\/noticiasveracruz.com\/index.php\/wp-json\/wp\/v2\/media\/78814"}],"wp:attachment":[{"href":"https:\/\/noticiasveracruz.com\/index.php\/wp-json\/wp\/v2\/media?parent=78813"}],"wp:term":[{"taxonomy":"category","embeddable":true,"href":"https:\/\/noticiasveracruz.com\/index.php\/wp-json\/wp\/v2\/categories?post=78813"},{"taxonomy":"post_tag","embeddable":true,"href":"https:\/\/noticiasveracruz.com\/index.php\/wp-json\/wp\/v2\/tags?post=78813"}],"curies":[{"name":"wp","href":"https:\/\/api.w.org\/{rel}","templated":true}]}}