{"id":78581,"date":"2026-05-18T00:32:06","date_gmt":"2026-05-18T06:32:06","guid":{"rendered":"https:\/\/noticiasveracruz.com\/?p=78581"},"modified":"2026-05-18T00:32:06","modified_gmt":"2026-05-18T06:32:06","slug":"pvem-se-fortalece-rumbo-a-2027","status":"publish","type":"post","link":"https:\/\/noticiasveracruz.com\/index.php\/2026\/05\/18\/pvem-se-fortalece-rumbo-a-2027\/","title":{"rendered":"PVEM se fortalece rumbo a 2027"},"content":{"rendered":"<p>El Partido Verde Ecologista de M\u00e9xico (PVEM) contin\u00faa fortaleciendo su estructura territorial en todo el pa\u00eds y se prepara para enfrentar con mayor solidez el proceso electoral de 2027, asegur\u00f3 Roberto Rubio Montejo, Coordinador de la Tercera Circunscripci\u00f3n del PVEM, durante su visita al municipio de C\u00f3rdoba.<\/p>\n<p>Acompa\u00f1ado del dirigente estatal del PVEM en Veracruz, Edgar Herrera Lendechy, as\u00ed como de liderazgos municipales y militantes, Rubio Montejo se\u00f1al\u00f3 que el recorrido nacional impulsado por el partido tiene como objetivo enviar un mensaje de crecimiento, organizaci\u00f3n y fortalecimiento pol\u00edtico.<\/p>\n<p>\u201cEstamos recorriendo el pa\u00eds para decirle a la militancia y a la ciudadan\u00eda que el Partido Verde sigue creciendo, sigue caminando y sigue fortaleci\u00e9ndose con estructuras s\u00f3lidas\u201d, expres\u00f3.<\/p>\n<p>Durante el encuentro, en el que se tom\u00f3 protesta a coordinadores federales y comit\u00e9s municipales, destac\u00f3 que el PVEM atraviesa uno de sus mejores momentos a nivel nacional, al consolidarse como la segunda fuerza pol\u00edtica en 17 estados del pa\u00eds.<\/p>\n<p>Asimismo, subray\u00f3 que el partido se prepara territorialmente para competir con fuerza en las pr\u00f3ximas elecciones, sin descartar alianzas, pero dejando claro que buscar\u00e1n mayor participaci\u00f3n de sus propios cuadros y perfiles.<\/p>\n<p>\u201cQueremos que hombres y mujeres del Verde tengan la oportunidad de contender en igualdad de condiciones. Tenemos perfiles preparados y cercanos a la gente\u201d, afirm\u00f3.<\/p>\n<p>Rubio Montejo adelant\u00f3 que el PVEM impulsar\u00e1 filtros m\u00e1s estrictos para quienes aspiren a una candidatura, priorizando perfiles transparentes, con arraigo social y buena reputaci\u00f3n p\u00fablica.<\/p>\n<p>\u201cLos candidatos deber\u00e1n tener las manos limpias, ser cercanos a la gente y estar bien vistos por la sociedad\u201d, puntualiz\u00f3.<\/p>\n<p>En ese sentido, destac\u00f3 que el partido abrir\u00e1 espacios a nuevas generaciones, mujeres, empresarios y ciudadanos con liderazgo social, como parte de una renovaci\u00f3n pol\u00edtica que busca fortalecer la representaci\u00f3n del Verde en todo el pa\u00eds.<\/p>\n<p>Respecto a Veracruz, reconoci\u00f3 el trabajo realizado por la dirigencia estatal encabezada por Edgar Herrera Lendechy, a quien calific\u00f3 como un dirigente \u201cjoven, aguerrido e incansable\u201d, al se\u00f1alar que el crecimiento del PVEM en la entidad ha sido significativo en los \u00faltimos a\u00f1os.<\/p>\n<p>Finalmente, Roberto Rubio Montejo afirm\u00f3 que el Partido Verde mantiene una visi\u00f3n ambiciosa rumbo a 2027 y 2030, con la meta de seguir creciendo electoralmente y consolidarse como una de las principales fuerzas pol\u00edticas del pa\u00eds.<\/p>\n","protected":false},"excerpt":{"rendered":"<p>El Partido Verde Ecologista de M\u00e9xico (PVEM) contin\u00faa fortaleciendo su estructura territorial en todo el pa\u00eds y se prepara para enfrentar con mayor solidez el proceso electoral de 2027, asegur\u00f3 Roberto Rubio Montejo, Coordinador de la Tercera Circunscripci\u00f3n del PVEM, durante su visita al municipio de C\u00f3rdoba. Acompa\u00f1ado del dirigente estatal del PVEM en Veracruz, [&hellip;]<\/p>\n","protected":false},"author":4,"featured_media":78582,"comment_status":"closed","ping_status":"closed","sticky":false,"template":"","format":"standard","meta":{"_jetpack_newsletter_access":"","_jetpack_dont_email_post_to_subs":false,"_jetpack_newsletter_tier_id":0,"_jetpack_memberships_contains_paywalled_content":false,"_jetpack_feature_clip_id":0,"_jetpack_memberships_contains_paid_content":false,"footnotes":"","jetpack_publicize_message":"","jetpack_publicize_feature_enabled":true,"jetpack_social_post_already_shared":true,"jetpack_social_options":{"image_generator_settings":{"template":"highway","default_image_id":0,"font":"","enabled":false},"version":2},"jetpack_post_was_ever_published":false},"categories":[356],"tags":[],"class_list":["post-78581","post","type-post","status-publish","format-standard","has-post-thumbnail","hentry","category-veracruz"],"jetpack_publicize_connections":[],"jetpack_sharing_enabled":true,"publishpress_future_action":{"enabled":false,"date":"2026-09-07 15:58:18","action":"change-status","newStatus":"draft","terms":[],"taxonomy":"category","extraData":[]},"publishpress_future_workflow_manual_trigger":{"enabledWorkflows":[]},"jetpack_featured_media_url":"https:\/\/noticiasveracruz.com\/wp-content\/uploads\/2026\/05\/WhatsApp-Image-2026-05-17-at-19.31.01.jpeg","_links":{"self":[{"href":"https:\/\/noticiasveracruz.com\/index.php\/wp-json\/wp\/v2\/posts\/78581","targetHints":{"allow":["GET"]}}],"collection":[{"href":"https:\/\/noticiasveracruz.com\/index.php\/wp-json\/wp\/v2\/posts"}],"about":[{"href":"https:\/\/noticiasveracruz.com\/index.php\/wp-json\/wp\/v2\/types\/post"}],"author":[{"embeddable":true,"href":"https:\/\/noticiasveracruz.com\/index.php\/wp-json\/wp\/v2\/users\/4"}],"replies":[{"embeddable":true,"href":"https:\/\/noticiasveracruz.com\/index.php\/wp-json\/wp\/v2\/comments?post=78581"}],"version-history":[{"count":1,"href":"https:\/\/noticiasveracruz.com\/index.php\/wp-json\/wp\/v2\/posts\/78581\/revisions"}],"predecessor-version":[{"id":78583,"href":"https:\/\/noticiasveracruz.com\/index.php\/wp-json\/wp\/v2\/posts\/78581\/revisions\/78583"}],"wp:featuredmedia":[{"embeddable":true,"href":"https:\/\/noticiasveracruz.com\/index.php\/wp-json\/wp\/v2\/media\/78582"}],"wp:attachment":[{"href":"https:\/\/noticiasveracruz.com\/index.php\/wp-json\/wp\/v2\/media?parent=78581"}],"wp:term":[{"taxonomy":"category","embeddable":true,"href":"https:\/\/noticiasveracruz.com\/index.php\/wp-json\/wp\/v2\/categories?post=78581"},{"taxonomy":"post_tag","embeddable":true,"href":"https:\/\/noticiasveracruz.com\/index.php\/wp-json\/wp\/v2\/tags?post=78581"}],"curies":[{"name":"wp","href":"https:\/\/api.w.org\/{rel}","templated":true}]}}