{"id":78400,"date":"2026-05-14T00:03:44","date_gmt":"2026-05-14T06:03:44","guid":{"rendered":"https:\/\/noticiasveracruz.com\/?p=78400"},"modified":"2026-05-13T19:11:06","modified_gmt":"2026-05-14T01:11:06","slug":"en-abandono-30-de-los-inmuebles-del-centro-historico","status":"publish","type":"post","link":"https:\/\/noticiasveracruz.com\/index.php\/2026\/05\/14\/en-abandono-30-de-los-inmuebles-del-centro-historico\/","title":{"rendered":"En abandono, 30% de los inmuebles del Centro Hist\u00f3rico"},"content":{"rendered":"<p>Un 30 por ciento de los inmuebles ubicados en el Centro Hist\u00f3rico de la ciudad de Veracruz se encuentran en situaci\u00f3n de abandono.<\/p>\n<p>En entrevista celebrada al concluir la reuni\u00f3n que sostuvo con socios del Consejo Coordinador Empresarial de Veracruz y Boca del R\u00edo, la alcaldesa Rosa Mar\u00eda Hern\u00e1ndez Espejo dijo que se tratar\u00e1 de convencer a los due\u00f1os de los inmuebles abandonados para que les den mantenimiento e incluso que los reabran para reactivar econ\u00f3micamente esa zona de la ciudad de Veracruz.<\/p>\n<p>\u00abPedimos apoyo para convencer a los due\u00f1os de los edificios que est\u00e1n abandonados hoy a a que les den mantenimiento despu\u00e9s de que remozados y que se comprometan a invertir o a atraer inversionistas que renten, que abran esos edificios para poder rescatar nuestro Centro Hist\u00f3rico\u00bb, expres\u00f3.<\/p>\n<p>La presidenta municipal advirti\u00f3 que los edificios abandonados representan un riesgo para los peatones, de ah\u00ed la necesidad de que se les d\u00e9 mantenimiento.<\/p>\n<p>Adem\u00e1s, la alcaldesa no descart\u00f3 que haya inmuebles abandonados que sean invadidos por terceros.<\/p>\n<p>\u00abEse es otro problema (la invasi\u00f3n) que con los due\u00f1os estamos atacando\u00bb, agreg\u00f3<\/p>\n<p>En ese sentido, Rosa Mar\u00eda Hern\u00e1ndez Espejo asegur\u00f3 que la administraci\u00f3n municipal ofrece incentivos a los due\u00f1os para que rehabiliten los edificios abandonados<\/p>\n<p>\u00abTodos los incentivos a los que quieran invertir en el Centro Hist\u00f3rico, les vamos a ofrecer todos los incentivos en permisos, c\u00e9dulas catastrales, de licencias, todas las facilidades\u00bb, insisti\u00f3.<\/p>\n<p>Hern\u00e1ndez Espejo record\u00f3 que el gobierno estatal tiene proyectado rehabilitar el Centro Hist\u00f3rico de la ciudad en varias etapas, pero estim\u00f3 que se iniciar\u00e1n a pintar los edificios de la avenida Independencia en aproximadamente un mes.<\/p>\n<p>Adem\u00e1s, la presidenta municipal resalt\u00f3 que ya se inici\u00f3 con la recuperaci\u00f3n de la plazuela de la Campana y los callejones de La Lagunilla y J. J. Herrera.<\/p>\n","protected":false},"excerpt":{"rendered":"<p>Un 30 por ciento de los inmuebles ubicados en el Centro Hist\u00f3rico de la ciudad de Veracruz se encuentran en situaci\u00f3n de abandono. En entrevista celebrada al concluir la reuni\u00f3n que sostuvo con socios del Consejo Coordinador Empresarial de Veracruz y Boca del R\u00edo, la alcaldesa Rosa Mar\u00eda Hern\u00e1ndez Espejo dijo que se tratar\u00e1 de [&hellip;]<\/p>\n","protected":false},"author":4,"featured_media":78401,"comment_status":"closed","ping_status":"closed","sticky":false,"template":"","format":"standard","meta":{"_jetpack_newsletter_access":"","_jetpack_dont_email_post_to_subs":false,"_jetpack_newsletter_tier_id":0,"_jetpack_memberships_contains_paywalled_content":false,"_jetpack_feature_clip_id":0,"_jetpack_memberships_contains_paid_content":false,"footnotes":"","jetpack_publicize_message":"","jetpack_publicize_feature_enabled":true,"jetpack_social_post_already_shared":true,"jetpack_social_options":{"image_generator_settings":{"template":"highway","default_image_id":0,"font":"","enabled":false},"version":2},"jetpack_post_was_ever_published":false},"categories":[356],"tags":[],"class_list":["post-78400","post","type-post","status-publish","format-standard","has-post-thumbnail","hentry","category-veracruz"],"jetpack_publicize_connections":[],"jetpack_sharing_enabled":true,"publishpress_future_action":{"enabled":false,"date":"2026-09-07 19:45:55","action":"change-status","newStatus":"draft","terms":[],"taxonomy":"category","extraData":[]},"publishpress_future_workflow_manual_trigger":{"enabledWorkflows":[]},"jetpack_featured_media_url":"https:\/\/noticiasveracruz.com\/wp-content\/uploads\/2026\/05\/ABAN.jpg","_links":{"self":[{"href":"https:\/\/noticiasveracruz.com\/index.php\/wp-json\/wp\/v2\/posts\/78400","targetHints":{"allow":["GET"]}}],"collection":[{"href":"https:\/\/noticiasveracruz.com\/index.php\/wp-json\/wp\/v2\/posts"}],"about":[{"href":"https:\/\/noticiasveracruz.com\/index.php\/wp-json\/wp\/v2\/types\/post"}],"author":[{"embeddable":true,"href":"https:\/\/noticiasveracruz.com\/index.php\/wp-json\/wp\/v2\/users\/4"}],"replies":[{"embeddable":true,"href":"https:\/\/noticiasveracruz.com\/index.php\/wp-json\/wp\/v2\/comments?post=78400"}],"version-history":[{"count":1,"href":"https:\/\/noticiasveracruz.com\/index.php\/wp-json\/wp\/v2\/posts\/78400\/revisions"}],"predecessor-version":[{"id":78402,"href":"https:\/\/noticiasveracruz.com\/index.php\/wp-json\/wp\/v2\/posts\/78400\/revisions\/78402"}],"wp:featuredmedia":[{"embeddable":true,"href":"https:\/\/noticiasveracruz.com\/index.php\/wp-json\/wp\/v2\/media\/78401"}],"wp:attachment":[{"href":"https:\/\/noticiasveracruz.com\/index.php\/wp-json\/wp\/v2\/media?parent=78400"}],"wp:term":[{"taxonomy":"category","embeddable":true,"href":"https:\/\/noticiasveracruz.com\/index.php\/wp-json\/wp\/v2\/categories?post=78400"},{"taxonomy":"post_tag","embeddable":true,"href":"https:\/\/noticiasveracruz.com\/index.php\/wp-json\/wp\/v2\/tags?post=78400"}],"curies":[{"name":"wp","href":"https:\/\/api.w.org\/{rel}","templated":true}]}}