{"id":78226,"date":"2026-05-11T00:12:10","date_gmt":"2026-05-11T06:12:10","guid":{"rendered":"https:\/\/noticiasveracruz.com\/?p=78226"},"modified":"2026-05-10T23:45:47","modified_gmt":"2026-05-11T05:45:47","slug":"apple-e-intel-llegan-a-un-acuerdo-preliminar-para-la-fabricacion-de-chips-reporta-wsj","status":"publish","type":"post","link":"https:\/\/noticiasveracruz.com\/index.php\/2026\/05\/11\/apple-e-intel-llegan-a-un-acuerdo-preliminar-para-la-fabricacion-de-chips-reporta-wsj\/","title":{"rendered":"Apple e Intel llegan a un acuerdo preliminar para la fabricaci\u00f3n de chips, reporta &#8216;WSJ&#8217;"},"content":{"rendered":"<div id=\"article-content-tts\" class=\"nota-contenido mb-5\">\n<div id=\"content_nitf\">\n<p class=\"nota-justify\">Apple e Intel han alcanzado un acuerdo preliminar para que la segunda fabrique algunos de los chips que equipan los dispositivos del fabricante del iPhone, inform\u00f3 el viernes el diario\u00a0<i>The Wall Street Journal<\/i>, citando a personas familiarizadas con el asunto.<\/p>\n<p class=\"nota-justify\">Las empresas llevaban m\u00e1s de un a\u00f1o manteniendo intensas negociaciones y han cerrado un acuerdo formal en los \u00faltimos meses, indica el reporte.<\/p>\n<p class=\"nota-justify\">Esta posible medida podr\u00eda suponer un gran triunfo para Intel, que ha estado tratando de revitalizar su negocio de fabricaci\u00f3n de chips y convertirse en un actor importante en la floreciente industria.<\/p>\n<p class=\"nota-justify\">El mes pasado, Intel tambi\u00e9n se asoci\u00f3 con Tesla y SpaceX, de Elon Musk, para fabricar procesadores para su proyecto Terafab, con el fin de impulsar las ambiciones del multimillonario en materia de inteligencia artificial y rob\u00f3tica.<\/p>\n<p class=\"nota-justify\">Seg\u00fan el informe, no est\u00e1 claro para qu\u00e9 productos de Apple fabricar\u00eda Intel los chips. Las empresas no respondieron de inmediato a una solicitud de comentarios de Reuters.<\/p>\n<p class=\"nota-justify\">A principios de esta semana, Bloomberg News inform\u00f3 de que Apple hab\u00eda mantenido conversaciones exploratorias sobre el uso de Intel y Samsung para producir los procesadores principales de sus dispositivos.<\/p>\n<\/div>\n<\/div>\n<div class=\"notas-relacionadas\"><\/div>\n<div class=\"nota-tags\"><\/div>\n","protected":false},"excerpt":{"rendered":"<p>Apple e Intel han alcanzado un acuerdo preliminar para que la segunda fabrique algunos de los chips que equipan los dispositivos del fabricante del iPhone, inform\u00f3 el viernes el diario\u00a0The Wall Street Journal, citando a personas familiarizadas con el asunto. Las empresas llevaban m\u00e1s de un a\u00f1o manteniendo intensas negociaciones y han cerrado un acuerdo [&hellip;]<\/p>\n","protected":false},"author":4,"featured_media":78227,"comment_status":"closed","ping_status":"closed","sticky":false,"template":"","format":"standard","meta":{"_jetpack_newsletter_access":"","_jetpack_dont_email_post_to_subs":false,"_jetpack_newsletter_tier_id":0,"_jetpack_memberships_contains_paywalled_content":false,"_jetpack_feature_clip_id":0,"_jetpack_memberships_contains_paid_content":false,"footnotes":"","jetpack_publicize_message":"","jetpack_publicize_feature_enabled":true,"jetpack_social_post_already_shared":true,"jetpack_social_options":{"image_generator_settings":{"template":"highway","default_image_id":0,"font":"","enabled":false},"version":2},"jetpack_post_was_ever_published":false},"categories":[1947],"tags":[],"class_list":["post-78226","post","type-post","status-publish","format-standard","has-post-thumbnail","hentry","category-economia"],"jetpack_publicize_connections":[],"jetpack_sharing_enabled":true,"publishpress_future_action":{"enabled":false,"date":"2026-09-07 23:53:13","action":"change-status","newStatus":"draft","terms":[],"taxonomy":"category","extraData":[]},"publishpress_future_workflow_manual_trigger":{"enabledWorkflows":[]},"jetpack_featured_media_url":"https:\/\/noticiasveracruz.com\/wp-content\/uploads\/2026\/05\/chi.jpg","_links":{"self":[{"href":"https:\/\/noticiasveracruz.com\/index.php\/wp-json\/wp\/v2\/posts\/78226","targetHints":{"allow":["GET"]}}],"collection":[{"href":"https:\/\/noticiasveracruz.com\/index.php\/wp-json\/wp\/v2\/posts"}],"about":[{"href":"https:\/\/noticiasveracruz.com\/index.php\/wp-json\/wp\/v2\/types\/post"}],"author":[{"embeddable":true,"href":"https:\/\/noticiasveracruz.com\/index.php\/wp-json\/wp\/v2\/users\/4"}],"replies":[{"embeddable":true,"href":"https:\/\/noticiasveracruz.com\/index.php\/wp-json\/wp\/v2\/comments?post=78226"}],"version-history":[{"count":1,"href":"https:\/\/noticiasveracruz.com\/index.php\/wp-json\/wp\/v2\/posts\/78226\/revisions"}],"predecessor-version":[{"id":78228,"href":"https:\/\/noticiasveracruz.com\/index.php\/wp-json\/wp\/v2\/posts\/78226\/revisions\/78228"}],"wp:featuredmedia":[{"embeddable":true,"href":"https:\/\/noticiasveracruz.com\/index.php\/wp-json\/wp\/v2\/media\/78227"}],"wp:attachment":[{"href":"https:\/\/noticiasveracruz.com\/index.php\/wp-json\/wp\/v2\/media?parent=78226"}],"wp:term":[{"taxonomy":"category","embeddable":true,"href":"https:\/\/noticiasveracruz.com\/index.php\/wp-json\/wp\/v2\/categories?post=78226"},{"taxonomy":"post_tag","embeddable":true,"href":"https:\/\/noticiasveracruz.com\/index.php\/wp-json\/wp\/v2\/tags?post=78226"}],"curies":[{"name":"wp","href":"https:\/\/api.w.org\/{rel}","templated":true}]}}