{"id":7822,"date":"2022-09-07T19:35:05","date_gmt":"2022-09-08T00:35:05","guid":{"rendered":"https:\/\/noticiasveracruz.com\/?p=7822"},"modified":"2022-09-07T19:40:44","modified_gmt":"2022-09-08T00:40:44","slug":"preve-reunion-con-maseca-y-minsa-presidente-busca-solucionar-aumento-de-la-tortilla","status":"publish","type":"post","link":"https:\/\/noticiasveracruz.com\/index.php\/2022\/09\/07\/preve-reunion-con-maseca-y-minsa-presidente-busca-solucionar-aumento-de-la-tortilla\/","title":{"rendered":"AMLO anuncia reuni\u00f3n con Maseca y Minsa, busca solucionar aumento de la tortilla"},"content":{"rendered":"<p class=\"p1\"><span style=\"font-size: 14pt;\"><em><strong>CIUDAD DE M\u00c9XICO.<\/strong><\/em> El presidente<strong> Andr\u00e9s Manuel L\u00f3pez Obrador<\/strong> afirm\u00f3 que el Gobierno de M\u00e9xico reforzar\u00e1 el\u00a0Paquete contra la inflaci\u00f3n y la carest\u00eda (PACIC)\u00a0<strong>para contener los precios de alimentos b\u00e1sicos, como la tortilla.<\/strong><\/span><\/p>\n<blockquote>\n<p class=\"p1\"><span style=\"font-size: 14pt;\">Mi preocupaci\u00f3n principal es el aumento en el precio de la tortilla (\u2026) y vamos a reforzar el plan antiinflacionario\u201d<\/span><\/p>\n<\/blockquote>\n<p class=\"p1\"><span style=\"font-size: 18pt;\"><strong>Andr\u00e9s Manuel L\u00f3pez Obrador explic\u00f3 que <span style=\"color: #e42d33;\">dos empresas (Maseca y Minsa) concentran el 90 por ciento del mercado de la harina de ma\u00edz en M\u00e9xico<\/span>, por lo que dialogar\u00e1 con sus directivos en busca de soluciones.<\/strong><\/span><\/p>\n<p class=\"p1\"><span style=\"font-size: 14pt;\">Tambi\u00e9n se hablar\u00e1 con productores y distribuidores de alimentos a fin de proteger la situaci\u00f3n econ\u00f3mica y social del pueblo ante el contexto internacional adverso.<\/span><\/p>\n<blockquote>\n<p class=\"p1\"><span style=\"font-size: 14pt;\">Escuchar cu\u00e1l es la justificaci\u00f3n, porque no se puede que, en una \u00e9poca de crisis, de inflaci\u00f3n, de carest\u00eda, se obtengan ganancias extraordinarias. Por lo general, tiene que haber negocios con ganancias razonables, todo el tiempo, porque hay inversi\u00f3n, hay riesgos y porque nosotros apoyamos una econom\u00eda mixta, no es el estatismo\u201d<\/span><\/p>\n<\/blockquote>\n<p>&nbsp;<\/p>\n<p><img loading=\"lazy\" decoding=\"async\" class=\"aligncenter wp-image-9864 size-large\" src=\"https:\/\/politicosaldesnudo.com.mx\/wp-content\/uploads\/2022\/09\/P-TORTILLA2-1024x573.png\" alt=\"\" width=\"800\" height=\"448\" \/><\/p>\n<p>&nbsp;<\/p>\n<p class=\"p1\"><span style=\"font-size: 14pt;\">El Gobierno de la Cuarta Transformaci\u00f3n vigila, a trav\u00e9s de la\u00a0Procuradur\u00eda Federal del Consumidor (Profeco)\u00a0que no haya abusos en los precios de la canasta b\u00e1sica y controla la inflaci\u00f3n a trav\u00e9s del subsidio a los combustibles y el impulso a la autosuficiencia alimentaria en el pa\u00eds.<\/span><\/p>\n<blockquote>\n<p class=\"p1\"><span style=\"font-size: 14pt;\">Si no hubi\u00e9semos tomado la decisi\u00f3n de subsidiar la gasolina y el diesel (\u2026) tendr\u00edamos la inflaci\u00f3n en 14 por ciento y le hubiese pegado much\u00edsimo al ingreso popular porque todos sabemos que si sube el precio de la gasolina y del diesel se va todo para arriba\u201d<\/span><\/p>\n<\/blockquote>\n<p class=\"p1\"><span style=\"font-size: 14pt;\">En el Sal\u00f3n de la Tesorer\u00eda de Palacio Nacional, el mandatario reiter\u00f3 que la federaci\u00f3n no aumentar\u00e1 impuestos debido a la eficiente administraci\u00f3n del presupuesto.<\/span><\/p>\n<blockquote>\n<p class=\"p1\"><span style=\"font-size: 14pt;\">Tenemos el compromiso de no aumentar los impuestos porque estamos haciendo un gobierno austero, sin corrupci\u00f3n, para que nos alcance el presupuesto, no aumentar el precio de las gasolinas, no endeudar al pa\u00eds y vamos bien\u201d<\/span><\/p>\n<\/blockquote>\n<p>&nbsp;<\/p>\n<p>&nbsp;<\/p>\n<p>&nbsp;<\/p>\n<p>&nbsp;<\/p>\n","protected":false},"excerpt":{"rendered":"<p>CIUDAD DE M\u00c9XICO. El presidente Andr\u00e9s Manuel L\u00f3pez Obrador afirm\u00f3 que el Gobierno de M\u00e9xico reforzar\u00e1 el\u00a0Paquete contra la inflaci\u00f3n<\/p>\n","protected":false},"author":4,"featured_media":7823,"comment_status":"closed","ping_status":"closed","sticky":false,"template":"","format":"standard","meta":{"colormag_page_container_layout":"default_layout","colormag_page_sidebar_layout":"default_layout","_jetpack_memberships_contains_paid_content":false,"footnotes":"","jetpack_publicize_message":"","jetpack_publicize_feature_enabled":true,"jetpack_social_post_already_shared":false,"jetpack_social_options":{"image_generator_settings":{"template":"highway","default_image_id":0,"font":"","enabled":false},"version":2}},"categories":[4],"tags":[65,1349],"class_list":["post-7822","post","type-post","status-publish","format-standard","has-post-thumbnail","hentry","category-nacional","tag-andres-manuel-lopez-obrador","tag-tortilla"],"jetpack_publicize_connections":[],"jetpack_featured_media_url":"https:\/\/noticiasveracruz.com\/wp-content\/uploads\/2022\/09\/P-TORTILLA1.png","jetpack_sharing_enabled":true,"publishpress_future_action":{"enabled":false,"date":"2026-05-08 04:49:10","action":"change-status","newStatus":"draft","terms":[],"taxonomy":"category","extraData":[]},"publishpress_future_workflow_manual_trigger":{"enabledWorkflows":[]},"_links":{"self":[{"href":"https:\/\/noticiasveracruz.com\/index.php\/wp-json\/wp\/v2\/posts\/7822","targetHints":{"allow":["GET"]}}],"collection":[{"href":"https:\/\/noticiasveracruz.com\/index.php\/wp-json\/wp\/v2\/posts"}],"about":[{"href":"https:\/\/noticiasveracruz.com\/index.php\/wp-json\/wp\/v2\/types\/post"}],"author":[{"embeddable":true,"href":"https:\/\/noticiasveracruz.com\/index.php\/wp-json\/wp\/v2\/users\/4"}],"replies":[{"embeddable":true,"href":"https:\/\/noticiasveracruz.com\/index.php\/wp-json\/wp\/v2\/comments?post=7822"}],"version-history":[{"count":0,"href":"https:\/\/noticiasveracruz.com\/index.php\/wp-json\/wp\/v2\/posts\/7822\/revisions"}],"wp:featuredmedia":[{"embeddable":true,"href":"https:\/\/noticiasveracruz.com\/index.php\/wp-json\/wp\/v2\/media\/7823"}],"wp:attachment":[{"href":"https:\/\/noticiasveracruz.com\/index.php\/wp-json\/wp\/v2\/media?parent=7822"}],"wp:term":[{"taxonomy":"category","embeddable":true,"href":"https:\/\/noticiasveracruz.com\/index.php\/wp-json\/wp\/v2\/categories?post=7822"},{"taxonomy":"post_tag","embeddable":true,"href":"https:\/\/noticiasveracruz.com\/index.php\/wp-json\/wp\/v2\/tags?post=7822"}],"curies":[{"name":"wp","href":"https:\/\/api.w.org\/{rel}","templated":true}]}}