{"id":7815,"date":"2022-09-07T09:05:36","date_gmt":"2022-09-07T14:05:36","guid":{"rendered":"https:\/\/noticiasveracruz.com\/?p=7815"},"modified":"2022-09-07T09:06:55","modified_gmt":"2022-09-07T14:06:55","slug":"vence-en-octubre-en-tuxpan-plazo-para-solicitar-la-cartilla-militar","status":"publish","type":"post","link":"https:\/\/noticiasveracruz.com\/index.php\/2022\/09\/07\/vence-en-octubre-en-tuxpan-plazo-para-solicitar-la-cartilla-militar\/","title":{"rendered":"En Tuxpan, vence en octubre plazo para solicitar la Cartilla Militar"},"content":{"rendered":"<p class=\"p1\"><span style=\"font-size: 14pt;\"><em><strong>TUXPAN, VERACRUZ.<\/strong><\/em> El <strong>pr\u00f3ximo viernes 14 de octubre vence el plazo de inscripci\u00f3n para solicitar la Cartilla de Servicio Militar Nacional<\/strong> para j\u00f3venes de la clase 2004 y remisos. <\/span><\/p>\n<p class=\"p1\"><span style=\"font-size: 18pt;\"><strong>La cartilla del Servicio Militar Nacional es un documento oficial probatorio de identidad, y es requisito obligatorio para la poblaci\u00f3n masculina a partir de los 18 a\u00f1os.<\/strong><\/span><\/p>\n<p>&nbsp;<\/p>\n<p><img loading=\"lazy\" decoding=\"async\" class=\"aligncenter wp-image-9852 size-large\" src=\"https:\/\/politicosaldesnudo.com.mx\/wp-content\/uploads\/2022\/09\/P-CARTILLA-TUXPAN2-1024x573.png\" alt=\"\" width=\"800\" height=\"448\" \/><\/p>\n<p>&nbsp;<\/p>\n<p class=\"p1\"><span style=\"font-size: 18pt;\"><strong>El Ayuntamiento de Tuxpan exhorta a los<span style=\"color: #e42d33;\"> interesados a acudir a la Junta Municipal de Reclutamiento<\/span>, ubicada en la Secretar\u00eda del Ayuntamiento, en horario de 9:00 a 13:00 horas con la siguiente documentaci\u00f3n:<\/strong><\/span><\/p>\n<p class=\"p1\"><span style=\"font-size: 14pt;\"><span style=\"color: #e42d33;\"><strong>\u2022 COPIA CERTIFICADA DE ACTA DE NACIMIENTO<\/strong><\/span> reciente, actualizada en Registro Civil (No se aceptan actas descargadas de Internet).<\/span><\/p>\n<p class=\"p1\"><span style=\"font-size: 14pt;\"><span style=\"color: #e42d33;\"><strong>\u2022 CUATRO FOTOGRAF\u00cdAS TAMA\u00d1O CREDENCIAL<\/strong><\/span> autoadheribles sin retoque de 35 x 45 mm, con las siguientes caracter\u00edsticas: fondo blanco, en papel mate, cabello corto, del nacimiento normal del cabello al borde inferior de la barbilla debe medir 21 mm, de frente, a color o blanco y negro, camisa o playera blanca lisa, sin gorra, sin sombrero, sin lentes, sin bigote, sin barba, patilla normal bien recortada; sin aretes, sin piercing, sin perforaciones, y sin cualquier accesorio que altere o modifique la fisionom\u00eda del interesado. <\/span><\/p>\n<p class=\"p1\"><span style=\"font-size: 14pt;\"><span style=\"color: #e42d33;\"><strong>\u2022 COMPROBANTE DE ESTUDIOS<\/strong><\/span> del \u00faltimo grado que est\u00e1 cursando o que curs\u00f3 (puede ser boleta, constancia de estudios o certificado).<\/span><\/p>\n<p class=\"p1\"><span style=\"font-size: 14pt;\"><span style=\"color: #e42d33;\"><strong>\u2022 INE:<\/strong> <\/span>Credencial de elector o comprobante de que est\u00e1 en tr\u00e1mite. (Si no cuenta con ella porque no la puede solicitar hasta meses despu\u00e9s, presentar copia de la INE de alguno de sus padres con el domicilio actual y correcto de esta ciudad).<\/span><\/p>\n<p class=\"p1\"><span style=\"font-size: 14pt;\"><span style=\"color: #e42d33;\"><strong>\u2022 COMPROBANTE DE DOMICILIO<\/strong> <\/span>reciente: recibo de luz, agua, tel\u00e9fono o pago de predial. (Si vive en comunidad presentar constancia de residencia expedida por el Agente Municipal, debidamente firmada y sellada en hoja membretada).<\/span><\/p>\n<p class=\"p1\"><span style=\"font-size: 14pt;\"><span style=\"color: #e42d33;\"><strong>\u2022 CURP<\/strong> <\/span>(En formato nuevo).<\/span><\/p>\n<p class=\"p1\"><span style=\"font-size: 14pt;\">\u2022 U\u00f1a del pulgar derecho recortada para la toma de la huella.<\/span><\/p>\n<p class=\"p1\"><span style=\"font-size: 14pt;\">El tr\u00e1mite es completamente gratuito.<\/span><\/p>\n<p>&nbsp;<\/p>\n<p>&nbsp;<\/p>\n<p>&nbsp;<\/p>\n<p>&nbsp;<\/p>\n","protected":false},"excerpt":{"rendered":"<p>TUXPAN, VERACRUZ. El pr\u00f3ximo viernes 14 de octubre vence el plazo de inscripci\u00f3n para solicitar la Cartilla de Servicio Militar<\/p>\n","protected":false},"author":4,"featured_media":7807,"comment_status":"closed","ping_status":"closed","sticky":false,"template":"","format":"standard","meta":{"colormag_page_container_layout":"default_layout","colormag_page_sidebar_layout":"default_layout","_jetpack_memberships_contains_paid_content":false,"footnotes":"","jetpack_publicize_message":"","jetpack_publicize_feature_enabled":true,"jetpack_social_post_already_shared":false,"jetpack_social_options":{"image_generator_settings":{"template":"highway","default_image_id":0,"font":"","enabled":false},"version":2}},"categories":[356],"tags":[1348,72,73],"class_list":["post-7815","post","type-post","status-publish","format-standard","has-post-thumbnail","hentry","category-veracruz","tag-cartilla-militar","tag-tuxpan","tag-veracruz"],"jetpack_publicize_connections":[],"jetpack_featured_media_url":"https:\/\/noticiasveracruz.com\/wp-content\/uploads\/2022\/09\/P-CARTILLA-TUXPAN1.png","jetpack_sharing_enabled":true,"publishpress_future_action":{"enabled":false,"date":"2026-05-08 05:41:11","action":"change-status","newStatus":"draft","terms":[],"taxonomy":"category","extraData":[]},"publishpress_future_workflow_manual_trigger":{"enabledWorkflows":[]},"_links":{"self":[{"href":"https:\/\/noticiasveracruz.com\/index.php\/wp-json\/wp\/v2\/posts\/7815","targetHints":{"allow":["GET"]}}],"collection":[{"href":"https:\/\/noticiasveracruz.com\/index.php\/wp-json\/wp\/v2\/posts"}],"about":[{"href":"https:\/\/noticiasveracruz.com\/index.php\/wp-json\/wp\/v2\/types\/post"}],"author":[{"embeddable":true,"href":"https:\/\/noticiasveracruz.com\/index.php\/wp-json\/wp\/v2\/users\/4"}],"replies":[{"embeddable":true,"href":"https:\/\/noticiasveracruz.com\/index.php\/wp-json\/wp\/v2\/comments?post=7815"}],"version-history":[{"count":0,"href":"https:\/\/noticiasveracruz.com\/index.php\/wp-json\/wp\/v2\/posts\/7815\/revisions"}],"wp:featuredmedia":[{"embeddable":true,"href":"https:\/\/noticiasveracruz.com\/index.php\/wp-json\/wp\/v2\/media\/7807"}],"wp:attachment":[{"href":"https:\/\/noticiasveracruz.com\/index.php\/wp-json\/wp\/v2\/media?parent=7815"}],"wp:term":[{"taxonomy":"category","embeddable":true,"href":"https:\/\/noticiasveracruz.com\/index.php\/wp-json\/wp\/v2\/categories?post=7815"},{"taxonomy":"post_tag","embeddable":true,"href":"https:\/\/noticiasveracruz.com\/index.php\/wp-json\/wp\/v2\/tags?post=7815"}],"curies":[{"name":"wp","href":"https:\/\/api.w.org\/{rel}","templated":true}]}}