{"id":78149,"date":"2026-05-09T00:12:13","date_gmt":"2026-05-09T06:12:13","guid":{"rendered":"https:\/\/noticiasveracruz.com\/?p=78149"},"modified":"2026-05-08T21:27:58","modified_gmt":"2026-05-09T03:27:58","slug":"marcelo-santos-asume-la-direccion-general-de-afore-banamex","status":"publish","type":"post","link":"https:\/\/noticiasveracruz.com\/index.php\/2026\/05\/09\/marcelo-santos-asume-la-direccion-general-de-afore-banamex\/","title":{"rendered":"Marcelo Santos asume la direcci\u00f3n general de Afore Banamex"},"content":{"rendered":"<p class=\"nota-justify\">Banamex anunci\u00f3 el nombramiento de Marcelo Santos como nuevo director general de Afore Banamex, miembro del Grupo Financiero Banamex.<\/p>\n<p class=\"nota-justify\">En una breve comunicaci\u00f3n, la instituci\u00f3n bancaria se\u00f1al\u00f3 que el Consejo de Administraci\u00f3n de la Afore ratific\u00f3 la designaci\u00f3n.<\/p>\n<div class=\"teads-adCall\"><\/div>\n<p class=\"nota-justify\">Banamex se\u00f1al\u00f3 que, con m\u00e1s de 25 a\u00f1os de experiencia en el sector financiero, Santos ha trabajado en instituciones l\u00edderes como Citi y Banamex. Su trayectoria incluye roles clave en el Grupo Financiero Banamex, donde se desempe\u00f1\u00f3 como consejero y miembro de diversos comit\u00e9s de Afore Banamex, adem\u00e1s de director corporativo de Finanzas, gestionando complejos desaf\u00edos financieros y de mercado.<\/p>\n<p class=\"nota-justify\">Entre sus logros m\u00e1s destacados, Santos fue responsable de la preparaci\u00f3n y avance de la estrategia y ejecuci\u00f3n de la pr\u00f3xima Oferta P\u00fablica Inicial (OPI) de Banamex, y fungi\u00f3 como consejero del Grupo Financiero Banamex. Consider\u00f3 que esta experiencia ser\u00e1 fundamental para el futuro de Afore Banamex.<\/p>\n<p class=\"nota-justify\">Apunt\u00f3 que en su nuevo cargo, Santos dirigir\u00e1 la estrategia de la Afore para fortalecer su liderazgo e incrementar su participaci\u00f3n de mercado. Acot\u00f3 que la instituci\u00f3n financiera ha logrado importantes avances en los \u00faltimos a\u00f1os al generar sinergias entre Afore Banamex, Seguros y Pensiones Banamex y el Banamex, consolid\u00e1ndose como un grupo financiero fuerte en productos para individuos y familias. Este nombramiento busca maximizar estos beneficios y posicionar a Banamex como la mejor opci\u00f3n para la prevenci\u00f3n y ahorro de largo plazo, as\u00ed como para el retiro.<\/p>\n<p class=\"nota-justify\">Santos ocup\u00f3 puestos clave en Citi, tanto en M\u00e9xico como en el extranjero. De 2021 a 2024, fue director de Finanzas para la Banca de Consumo en Citibanamex y el m\u00e1ximo responsable de Finanzas en M\u00e9xico, gestionando la relaci\u00f3n con reguladores, la Junta Directiva y la implementaci\u00f3n de iniciativas estrat\u00e9gicas. En 2017, fue nombrado director financiero de la Banca de Consumo en CitiBanamex, responsable de la gesti\u00f3n financiera integral, incluyendo filiales como Seguros, Servicios de Jubilaci\u00f3n y Gesti\u00f3n de Activos. Tambi\u00e9n fue director financiero del Cl\u00faster Cono Sur, supervisando las disciplinas financieras y la relaci\u00f3n con reguladores y autoridades fiscales. Adem\u00e1s, ha desempe\u00f1ado diversos roles financieros en Am\u00e9rica Latina, consolidando una visi\u00f3n regional y una s\u00f3lida experiencia internacional.<\/p>\n<p class=\"nota-justify\">Anot\u00f3 que Santos cuenta con un MBA por la IAE Business School de Buenos Aires, Argentina, y un posgrado en administraci\u00f3n de empresas por la Universidad Cat\u00f3lica Argentina.<\/p>\n","protected":false},"excerpt":{"rendered":"<p>Banamex anunci\u00f3 el nombramiento de Marcelo Santos como nuevo director general de Afore Banamex, miembro del Grupo Financiero Banamex. En una breve comunicaci\u00f3n, la instituci\u00f3n bancaria se\u00f1al\u00f3 que el Consejo de Administraci\u00f3n de la Afore ratific\u00f3 la designaci\u00f3n. Banamex se\u00f1al\u00f3 que, con m\u00e1s de 25 a\u00f1os de experiencia en el sector financiero, Santos ha trabajado [&hellip;]<\/p>\n","protected":false},"author":4,"featured_media":78150,"comment_status":"closed","ping_status":"closed","sticky":false,"template":"","format":"standard","meta":{"_jetpack_newsletter_access":"","_jetpack_dont_email_post_to_subs":false,"_jetpack_newsletter_tier_id":0,"_jetpack_memberships_contains_paywalled_content":false,"_jetpack_feature_clip_id":0,"_jetpack_memberships_contains_paid_content":false,"footnotes":"","jetpack_publicize_message":"","jetpack_publicize_feature_enabled":true,"jetpack_social_post_already_shared":true,"jetpack_social_options":{"image_generator_settings":{"template":"highway","default_image_id":0,"font":"","enabled":false},"version":2},"jetpack_post_was_ever_published":false},"categories":[1947],"tags":[],"class_list":["post-78149","post","type-post","status-publish","format-standard","has-post-thumbnail","hentry","category-economia"],"jetpack_publicize_connections":[],"jetpack_sharing_enabled":true,"publishpress_future_action":{"enabled":false,"date":"2026-09-08 01:05:26","action":"change-status","newStatus":"draft","terms":[],"taxonomy":"category","extraData":[]},"publishpress_future_workflow_manual_trigger":{"enabledWorkflows":[]},"jetpack_featured_media_url":"https:\/\/noticiasveracruz.com\/wp-content\/uploads\/2026\/05\/BANA.webp","_links":{"self":[{"href":"https:\/\/noticiasveracruz.com\/index.php\/wp-json\/wp\/v2\/posts\/78149","targetHints":{"allow":["GET"]}}],"collection":[{"href":"https:\/\/noticiasveracruz.com\/index.php\/wp-json\/wp\/v2\/posts"}],"about":[{"href":"https:\/\/noticiasveracruz.com\/index.php\/wp-json\/wp\/v2\/types\/post"}],"author":[{"embeddable":true,"href":"https:\/\/noticiasveracruz.com\/index.php\/wp-json\/wp\/v2\/users\/4"}],"replies":[{"embeddable":true,"href":"https:\/\/noticiasveracruz.com\/index.php\/wp-json\/wp\/v2\/comments?post=78149"}],"version-history":[{"count":1,"href":"https:\/\/noticiasveracruz.com\/index.php\/wp-json\/wp\/v2\/posts\/78149\/revisions"}],"predecessor-version":[{"id":78151,"href":"https:\/\/noticiasveracruz.com\/index.php\/wp-json\/wp\/v2\/posts\/78149\/revisions\/78151"}],"wp:featuredmedia":[{"embeddable":true,"href":"https:\/\/noticiasveracruz.com\/index.php\/wp-json\/wp\/v2\/media\/78150"}],"wp:attachment":[{"href":"https:\/\/noticiasveracruz.com\/index.php\/wp-json\/wp\/v2\/media?parent=78149"}],"wp:term":[{"taxonomy":"category","embeddable":true,"href":"https:\/\/noticiasveracruz.com\/index.php\/wp-json\/wp\/v2\/categories?post=78149"},{"taxonomy":"post_tag","embeddable":true,"href":"https:\/\/noticiasveracruz.com\/index.php\/wp-json\/wp\/v2\/tags?post=78149"}],"curies":[{"name":"wp","href":"https:\/\/api.w.org\/{rel}","templated":true}]}}