{"id":78111,"date":"2026-05-08T00:00:51","date_gmt":"2026-05-08T06:00:51","guid":{"rendered":"https:\/\/noticiasveracruz.com\/?p=78111"},"modified":"2026-05-08T00:00:48","modified_gmt":"2026-05-08T06:00:48","slug":"sefiplan-va-por-el-control-total-vehicular","status":"publish","type":"post","link":"https:\/\/noticiasveracruz.com\/index.php\/2026\/05\/08\/sefiplan-va-por-el-control-total-vehicular\/","title":{"rendered":"SEFIPLAN va por el control total vehicular"},"content":{"rendered":"<p><span style=\"font-family: arial, helvetica, sans-serif; font-size: 18pt;\"><strong>ALMA GRANDE<\/strong><\/span><\/p>\n<p><span style=\"font-family: arial, helvetica, sans-serif; font-size: 18pt;\"><strong>POR \u00c1NGEL \u00c1LVARO PE\u00d1A <\/strong><\/span><\/p>\n<p><span style=\"font-family: arial, helvetica, sans-serif; font-size: 14pt;\">La iniciativa presentada por la gobernadora Roc\u00edo Nahle Garc\u00eda para trasladar las funciones de inteligencia financiera de la Secretar\u00eda de Seguridad P\u00fablica (SSP) hacia la Secretar\u00eda de Finanzas y Planeaci\u00f3n (SEFIPLAN) abre uno de los debates m\u00e1s delicados del sexenio: \u00bfel combate a la delincuencia debe fortalecerse desde las finanzas o se est\u00e1 construyendo un aparato de control excesivamente centralizado?<\/span><\/p>\n<p><span style=\"font-family: arial, helvetica, sans-serif; font-size: 14pt;\">La propuesta enviada al Congreso local contempla la desaparici\u00f3n de la Unidad de Inteligencia Patrimonial y Econ\u00f3mica que actualmente opera dentro de la SSP y la creaci\u00f3n de una nueva Unidad de Inteligencia Patrimonial, Econ\u00f3mica y Fiscal (UIPEF), ahora bajo control directo de SEFIPLAN. Adem\u00e1s, entrega a Finanzas el control administrativo y concesionario de los Verificentros, as\u00ed como la participaci\u00f3n en el Programa de Verificaci\u00f3n Vehicular Obligatoria junto con la Secretar\u00eda de Medio Ambiente.<\/span><\/p>\n<p><span style=\"font-family: arial, helvetica, sans-serif; font-size: 14pt;\">En t\u00e9rminos t\u00e9cnicos, la l\u00f3gica del gobierno estatal tiene argumentos s\u00f3lidos. El crimen organizado ya no se combate \u00fanicamente con patrullas, retenes o armamento; tambi\u00e9n se enfrenta siguiendo el dinero. Las organizaciones delictivas sobreviven gracias a estructuras financieras, empresas fachada, evasi\u00f3n fiscal, lavado de dinero y movimientos patrimoniales que muchas veces pasan desapercibidos para las corporaciones policiales tradicionales.<\/span><\/p>\n<p><span style=\"font-family: arial, helvetica, sans-serif; font-size: 14pt;\">Bajo esa visi\u00f3n, colocar la inteligencia financiera en SEFIPLAN podr\u00eda representar una modernizaci\u00f3n institucional. Hacienda y las \u00e1reas fiscales suelen tener acceso m\u00e1s directo a informaci\u00f3n tributaria, movimientos econ\u00f3micos y patrones financieros que permiten detectar operaciones irregulares con mayor precisi\u00f3n t\u00e9cnica. En teor\u00eda, esto permitir\u00eda construir investigaciones m\u00e1s robustas y menos dependientes exclusivamente del trabajo policial.<\/span><\/p>\n<p><span style=\"font-family: arial, helvetica, sans-serif; font-size: 14pt;\">Otro punto favorable es que la SSP podr\u00eda concentrarse en temas operativos urgentes, particularmente en el combate a la extorsi\u00f3n, una de las principales preocupaciones ciudadanas en Veracruz. La reforma plantea precisamente que Seguridad P\u00fablica fortalezca estrategias alineadas con la Estrategia Nacional contra la Extorsi\u00f3n y capacite a su personal en esa materia. Separar inteligencia financiera de labores policiacas podr\u00eda traducirse en una especializaci\u00f3n m\u00e1s eficiente de funciones.<\/span><\/p>\n<p><span style=\"font-family: arial, helvetica, sans-serif; font-size: 14pt;\">Sin embargo, el problema comienza cuando la concentraci\u00f3n de facultades crece demasiado.<\/span><\/p>\n<p><span style=\"font-family: arial, helvetica, sans-serif; font-size: 14pt;\">SEFIPLAN no solo recauda, administra y fiscaliza recursos p\u00fablicos; ahora tambi\u00e9n tendr\u00eda acceso directo a inteligencia patrimonial, econ\u00f3mica y fiscal, adem\u00e1s del control sobre los Verificentros y la elaboraci\u00f3n del programa de verificaci\u00f3n vehicular obligatoria. En los hechos, Finanzas se convertir\u00eda en una de las dependencias con mayor capacidad de vigilancia administrativa y econ\u00f3mica del estado.<\/span><\/p>\n<p><span style=\"font-family: arial, helvetica, sans-serif; font-size: 14pt;\">Ah\u00ed surgen las dudas leg\u00edtimas.<\/span><\/p>\n<p><span style=\"font-family: arial, helvetica, sans-serif; font-size: 14pt;\">La primera tiene que ver con los contrapesos. Cuando una sola dependencia concentra informaci\u00f3n fiscal, patrimonial y econ\u00f3mica de ciudadanos, empresas y concesionarios, el riesgo de uso pol\u00edtico siempre existe. Veracruz tiene antecedentes hist\u00f3ricos donde instituciones creadas para combatir delitos terminaron siendo utilizadas como herramientas de presi\u00f3n pol\u00edtica o administrativa.<\/span><\/p>\n<p><span style=\"font-family: arial, helvetica, sans-serif; font-size: 14pt;\">La segunda preocupaci\u00f3n gira alrededor de los Verificentros. Aunque el gobierno plantea el cambio como una medida de orden administrativo y certeza jur\u00eddica, el control de concesiones vehiculares hist\u00f3ricamente ha sido un espacio sensible por los intereses econ\u00f3micos y pol\u00edticos que involucra. Trasladar esa facultad a SEFIPLAN inevitablemente despierta sospechas sobre posibles mecanismos de control recaudatorio m\u00e1s agresivos o una eventual reconfiguraci\u00f3n de concesiones.<\/span><\/p>\n<p><span style=\"font-family: arial, helvetica, sans-serif; font-size: 14pt;\">Adem\u00e1s, existe un debate de fondo: \u00bfla inteligencia financiera debe depender de una instancia eminentemente hacendaria o de una corporaci\u00f3n vinculada a seguridad? En otros niveles de gobierno existen modelos mixtos y coordinados, precisamente para evitar que la informaci\u00f3n delicada quede concentrada en una sola oficina.<\/span><\/p>\n<p><span style=\"font-family: arial, helvetica, sans-serif; font-size: 14pt;\">Tambi\u00e9n hay un desaf\u00edo operativo importante. La iniciativa establece que SSP y SEFIPLAN tendr\u00e1n apenas 30 d\u00edas h\u00e1biles para transferir personal, sistemas, bases de datos y recursos materiales relacionados con la Unidad de Inteligencia Patrimonial y Econ\u00f3mica. Mover estructuras tan sensibles en tiempos reducidos puede generar vac\u00edos, errores o p\u00e9rdida de continuidad en investigaciones relevantes.<\/span><\/p>\n<p><span style=\"font-family: arial, helvetica, sans-serif; font-size: 14pt;\">La discusi\u00f3n, por tanto, no deber\u00eda reducirse a si la reforma es buena o mala. El verdadero debate es qu\u00e9 mecanismos de vigilancia, transparencia y rendici\u00f3n de cuentas acompa\u00f1ar\u00e1n esta nueva concentraci\u00f3n de facultades.<\/span><\/p>\n<p><span style=\"font-family: arial, helvetica, sans-serif; font-size: 14pt;\">Porque combatir estructuras financieras de la delincuencia es indispensable. Pero tambi\u00e9n lo es evitar que, bajo el argumento de eficiencia institucional, el poder econ\u00f3mico, fiscal y de inteligencia quede excesivamente centralizado en una sola dependencia gubernamental.<\/span><\/p>\n<p><span style=\"font-family: arial, helvetica, sans-serif; font-size: 14pt;\">Veracruz necesita instituciones fuertes. Pero tambi\u00e9n necesita l\u00edmites claros. Est\u00e1 columna se publica los lunes, mi\u00e9rcoles y viernes.<\/span><\/p>\n<p><img loading=\"lazy\" decoding=\"async\" class=\"alignnone wp-image-77872 size-full\" src=\"http:\/\/noticiasveracruz.com\/wp-content\/uploads\/2026\/05\/FIRMA-EDITORIAL-PD-1.jpg\" alt=\"\" width=\"1024\" height=\"125\" srcset=\"https:\/\/noticiasveracruz.com\/wp-content\/uploads\/2026\/05\/FIRMA-EDITORIAL-PD-1.jpg 1024w, https:\/\/noticiasveracruz.com\/wp-content\/uploads\/2026\/05\/FIRMA-EDITORIAL-PD-1-300x37.jpg 300w, https:\/\/noticiasveracruz.com\/wp-content\/uploads\/2026\/05\/FIRMA-EDITORIAL-PD-1-768x94.jpg 768w\" sizes=\"auto, (max-width: 1024px) 100vw, 1024px\" \/><\/p>\n","protected":false},"excerpt":{"rendered":"<p>ALMA GRANDE POR \u00c1NGEL \u00c1LVARO PE\u00d1A La iniciativa presentada por la gobernadora Roc\u00edo Nahle Garc\u00eda para trasladar las funciones de inteligencia financiera de la Secretar\u00eda de Seguridad P\u00fablica (SSP) hacia la Secretar\u00eda de Finanzas y Planeaci\u00f3n (SEFIPLAN) abre uno de los debates m\u00e1s delicados del sexenio: \u00bfel combate a la delincuencia debe fortalecerse desde las [&hellip;]<\/p>\n","protected":false},"author":4,"featured_media":77885,"comment_status":"closed","ping_status":"closed","sticky":false,"template":"","format":"standard","meta":{"_jetpack_newsletter_access":"","_jetpack_dont_email_post_to_subs":false,"_jetpack_newsletter_tier_id":0,"_jetpack_memberships_contains_paywalled_content":false,"_jetpack_feature_clip_id":0,"_jetpack_memberships_contains_paid_content":false,"footnotes":"","jetpack_publicize_message":"","jetpack_publicize_feature_enabled":true,"jetpack_social_post_already_shared":true,"jetpack_social_options":{"image_generator_settings":{"template":"highway","default_image_id":0,"font":"","enabled":false},"version":2},"jetpack_post_was_ever_published":false},"categories":[6],"tags":[],"class_list":["post-78111","post","type-post","status-publish","format-standard","has-post-thumbnail","hentry","category-columnistas"],"jetpack_publicize_connections":[],"jetpack_sharing_enabled":true,"publishpress_future_action":{"enabled":false,"date":"2026-09-09 06:25:28","action":"change-status","newStatus":"draft","terms":[],"taxonomy":"category","extraData":[]},"publishpress_future_workflow_manual_trigger":{"enabledWorkflows":[]},"jetpack_featured_media_url":"https:\/\/noticiasveracruz.com\/wp-content\/uploads\/2026\/05\/BANNER-LOPEZ-DORIGA-DIGITAL-1.jpg","_links":{"self":[{"href":"https:\/\/noticiasveracruz.com\/index.php\/wp-json\/wp\/v2\/posts\/78111","targetHints":{"allow":["GET"]}}],"collection":[{"href":"https:\/\/noticiasveracruz.com\/index.php\/wp-json\/wp\/v2\/posts"}],"about":[{"href":"https:\/\/noticiasveracruz.com\/index.php\/wp-json\/wp\/v2\/types\/post"}],"author":[{"embeddable":true,"href":"https:\/\/noticiasveracruz.com\/index.php\/wp-json\/wp\/v2\/users\/4"}],"replies":[{"embeddable":true,"href":"https:\/\/noticiasveracruz.com\/index.php\/wp-json\/wp\/v2\/comments?post=78111"}],"version-history":[{"count":1,"href":"https:\/\/noticiasveracruz.com\/index.php\/wp-json\/wp\/v2\/posts\/78111\/revisions"}],"predecessor-version":[{"id":78112,"href":"https:\/\/noticiasveracruz.com\/index.php\/wp-json\/wp\/v2\/posts\/78111\/revisions\/78112"}],"wp:featuredmedia":[{"embeddable":true,"href":"https:\/\/noticiasveracruz.com\/index.php\/wp-json\/wp\/v2\/media\/77885"}],"wp:attachment":[{"href":"https:\/\/noticiasveracruz.com\/index.php\/wp-json\/wp\/v2\/media?parent=78111"}],"wp:term":[{"taxonomy":"category","embeddable":true,"href":"https:\/\/noticiasveracruz.com\/index.php\/wp-json\/wp\/v2\/categories?post=78111"},{"taxonomy":"post_tag","embeddable":true,"href":"https:\/\/noticiasveracruz.com\/index.php\/wp-json\/wp\/v2\/tags?post=78111"}],"curies":[{"name":"wp","href":"https:\/\/api.w.org\/{rel}","templated":true}]}}