{"id":7806,"date":"2022-09-07T08:39:26","date_gmt":"2022-09-07T13:39:26","guid":{"rendered":"https:\/\/noticiasveracruz.com\/?p=7806"},"modified":"2022-09-07T08:39:26","modified_gmt":"2022-09-07T13:39:26","slug":"en-puebla-presentan-libro-200-anos-del-chile-en-nogada","status":"publish","type":"post","link":"https:\/\/noticiasveracruz.com\/index.php\/2022\/09\/07\/en-puebla-presentan-libro-200-anos-del-chile-en-nogada\/","title":{"rendered":"En Puebla, presentan libro \u201c200 a\u00f1os del Chile en Nogada\u201d"},"content":{"rendered":"<p class=\"p1\">\n<p class=\"p1\"><span style=\"font-size: 14pt;\"><em><strong>PUEBLA, PUEBLA.<\/strong><\/em> Con el prop\u00f3sito de fortalecer el reconocimiento nacional e internacional de la gastronom\u00eda del estado, la Secretar\u00eda de Cultura present\u00f3 el libro <strong>\u201c200 a\u00f1os del Chile en Nogada: el platillo trigarante de la cocina poblana\u201d<\/strong>, una obra que describe cronol\u00f3gicamente los procesos culinarios que ha tenido este platillo desde sus or\u00edgenes.<\/span><\/p>\n<p class=\"p1\"><span style=\"font-size: 18pt;\"><strong>En esta edici\u00f3n, los autores <span style=\"color: #139eca;\">Aldo Rivero, Rosendo Cort\u00e9s y Manuel Espinosa<\/span> documentan las distintas maneras de preparaci\u00f3n del Chile en Nogada con recetas que existen al menos desde el siglo XVIII, una evoluci\u00f3n constante en su preparaci\u00f3n que para 1821 permiti\u00f3 que formara parte del homenaje a Agust\u00edn de Iturbide a su paso por la ciudad de Puebla.<\/strong><\/span><\/p>\n<p>&nbsp;<\/p>\n<p><img loading=\"lazy\" decoding=\"async\" class=\"aligncenter wp-image-9850 size-large\" src=\"https:\/\/politicosaldesnudo.com.mx\/wp-content\/uploads\/2022\/09\/P-LIBRO-CHILE-ENAHOGADA-2-1024x573.png\" alt=\"\" width=\"800\" height=\"448\" \/><\/p>\n<p>&nbsp;<\/p>\n<p class=\"p1\"><span style=\"font-size: 14pt;\">Durante la inauguraci\u00f3n en el Museo de Arte Popular Ex Convento de Santa Rosa, el secretario de Cultura, Sergio Vergara Berdejo destac\u00f3 la importancia de preservar el origen de este platillo que es una representaci\u00f3n gastron\u00f3mica del estado, e invit\u00f3 a la sociedad a visitar Puebla para que sean parte de esta temporada de tradici\u00f3n.<\/span><\/p>\n<p class=\"p1\"><span style=\"font-size: 18pt;\"><strong>Tambi\u00e9n estuvo presente la secretaria de Turismo, Marta Ornelas Guerrero, quien afirm\u00f3 que esta obra es un gran testimonio de que durante m\u00e1s de 200 a\u00f1os, las y los poblanos han agasajado a sus invitados con platillos tradicionales, adem\u00e1s destac\u00f3 la importancia de promocionar la gastronom\u00eda poblana para aumentar la actividad tur\u00edstica en la entidad.<\/strong><\/span><\/p>\n<p class=\"p1\"><span style=\"font-size: 14pt;\">Adem\u00e1s, en este marco, las autoridades inauguraron la exposici\u00f3n \u201cDelicias, suculencias y manjares servidos a la mesa de Agust\u00edn de Iturbide en Puebla; 1821-1822\u201d, compuesta por \u00f3leos de Agust\u00edn de Iturbide y su esposa Ana Mar\u00eda Huarte, fotograf\u00edas y reproducciones de recetarios antiguos, as\u00ed como algunos cubiertos especiales y lebrillos de talavera, representando los que se utilizaron en la comida servida a Iturbide el 28 de agosto de 1821.<\/span><\/p>\n<p>&nbsp;<\/p>\n<p>&nbsp;<\/p>\n<p>&nbsp;<\/p>\n<p>&nbsp;<\/p>\n<p>&nbsp;<\/p>\n<p>&nbsp;<\/p>\n","protected":false},"excerpt":{"rendered":"<p>PUEBLA, PUEBLA. Con el prop\u00f3sito de fortalecer el reconocimiento nacional e internacional de la gastronom\u00eda del estado, la Secretar\u00eda de<\/p>\n","protected":false},"author":4,"featured_media":7811,"comment_status":"closed","ping_status":"closed","sticky":false,"template":"","format":"standard","meta":{"colormag_page_container_layout":"default_layout","colormag_page_sidebar_layout":"default_layout","_jetpack_memberships_contains_paid_content":false,"footnotes":"","jetpack_publicize_message":"","jetpack_publicize_feature_enabled":true,"jetpack_social_post_already_shared":false,"jetpack_social_options":{"image_generator_settings":{"template":"highway","default_image_id":0,"font":"","enabled":false},"version":2}},"categories":[358],"tags":[1347,76],"class_list":["post-7806","post","type-post","status-publish","format-standard","has-post-thumbnail","hentry","category-cultura","tag-chile-en-ahogada","tag-puebla"],"jetpack_publicize_connections":[],"jetpack_featured_media_url":"https:\/\/noticiasveracruz.com\/wp-content\/uploads\/2022\/09\/P-LIBRO-CHILE-ENAHOGADA-1.png","jetpack_sharing_enabled":true,"publishpress_future_action":{"enabled":false,"date":"2026-05-06 14:47:14","action":"change-status","newStatus":"draft","terms":[],"taxonomy":"category","extraData":[]},"publishpress_future_workflow_manual_trigger":{"enabledWorkflows":[]},"_links":{"self":[{"href":"https:\/\/noticiasveracruz.com\/index.php\/wp-json\/wp\/v2\/posts\/7806","targetHints":{"allow":["GET"]}}],"collection":[{"href":"https:\/\/noticiasveracruz.com\/index.php\/wp-json\/wp\/v2\/posts"}],"about":[{"href":"https:\/\/noticiasveracruz.com\/index.php\/wp-json\/wp\/v2\/types\/post"}],"author":[{"embeddable":true,"href":"https:\/\/noticiasveracruz.com\/index.php\/wp-json\/wp\/v2\/users\/4"}],"replies":[{"embeddable":true,"href":"https:\/\/noticiasveracruz.com\/index.php\/wp-json\/wp\/v2\/comments?post=7806"}],"version-history":[{"count":0,"href":"https:\/\/noticiasveracruz.com\/index.php\/wp-json\/wp\/v2\/posts\/7806\/revisions"}],"wp:featuredmedia":[{"embeddable":true,"href":"https:\/\/noticiasveracruz.com\/index.php\/wp-json\/wp\/v2\/media\/7811"}],"wp:attachment":[{"href":"https:\/\/noticiasveracruz.com\/index.php\/wp-json\/wp\/v2\/media?parent=7806"}],"wp:term":[{"taxonomy":"category","embeddable":true,"href":"https:\/\/noticiasveracruz.com\/index.php\/wp-json\/wp\/v2\/categories?post=7806"},{"taxonomy":"post_tag","embeddable":true,"href":"https:\/\/noticiasveracruz.com\/index.php\/wp-json\/wp\/v2\/tags?post=7806"}],"curies":[{"name":"wp","href":"https:\/\/api.w.org\/{rel}","templated":true}]}}