{"id":7796,"date":"2022-09-07T06:58:53","date_gmt":"2022-09-07T11:58:53","guid":{"rendered":"https:\/\/noticiasveracruz.com\/?p=7796"},"modified":"2022-09-07T06:59:15","modified_gmt":"2022-09-07T11:59:15","slug":"la-alianza-hace-agua","status":"publish","type":"post","link":"https:\/\/noticiasveracruz.com\/index.php\/2022\/09\/07\/la-alianza-hace-agua\/","title":{"rendered":"La alianza hace agua"},"content":{"rendered":"<p class=\"p1\"><span style=\"font-size: 18pt;\"><b>Por \u00c1ngel \u00c1lvaro Pe\u00f1a<\/b><\/span><\/p>\n<p class=\"p1\"><span style=\"font-size: 14pt;\"><strong>Muchos de los problemas innecesarios de M\u00e9xico radican en que todav\u00eda hay quienes creen que nada ha cambiado.<\/strong> El Ej\u00e9rcito es muy diferente al de hace cuatro a\u00f1os, el PRI tienen una fuerza muy distinta a la de principios del sexenio; el PAN, no tiene la misma fuerza que en 2018. Prueba de esto es el hecho de que se hayan constituido en alianza tres partidos con diferente origen, desarrollo y proyecto.<\/span><\/p>\n<p class=\"p1\"><span style=\"font-size: 14pt;\">En este panorama que para algunos es desconocido surge un debate que puede no s\u00f3lo deshacer la alianza opositora sino terminar con la agon\u00eda de m\u00e1s de un partido de la alianza, hasta convertirlos en polvo.<\/span><\/p>\n<p class=\"p1\"><span style=\"font-size: 18pt;\"><strong>La iniciativa presentada por la priista <span style=\"color: #e42d33;\">Yolanda de la Torre<\/span> propone una reforma constitucional para que el<span style=\"color: #e42d33;\"> Ej\u00e9rcito <\/span>contin\u00fae en tareas de <span style=\"color: #e42d33;\">seguridad p\u00fablica hasta por nueve a\u00f1os y no cinco<\/span> como se ha previsto hasta ahora.<\/strong><\/span><\/p>\n<p>&nbsp;<\/p>\n<p><img loading=\"lazy\" decoding=\"async\" class=\"aligncenter wp-image-9835 size-large\" src=\"https:\/\/politicosaldesnudo.com.mx\/wp-content\/uploads\/2022\/09\/P-GUARDIANACIONAL-PRI1-1024x573.png\" alt=\"\" width=\"800\" height=\"448\" \/><\/p>\n<p>&nbsp;<\/p>\n<p class=\"p1\"><span style=\"font-size: 18pt;\"><strong>Esta propuesta llen\u00f3 de c\u00f3lera al l\u00edder nacional del PAN, Marko Cort\u00e9s, quien reclam\u00f3 un acuerdo p\u00fablico entre los tres partidos que confirman este club electoral de no enviar iniciativa de ley o reforma a las mismas para crear un hueco al gobierno federal a trav\u00e9s de la paralizaci\u00f3n del Poder Legislativo.<\/strong><\/span><\/p>\n<p class=\"p1\"><span style=\"font-size: 14pt;\">Los diputados priistas apoyan esta modificaci\u00f3n, pero los senadores de ese partido la rechazan, de tal suerte que el PRI comienza a hacer agua y esta situaci\u00f3n empieza a contagiar s los legisladores del PAN, que se resisten a correr al PRI de la alianza. Todo esto ante la proximidad de dos elecciones donde el tricolor podr\u00eda perder sus dos \u00faltimas gubernaturas, es decir, en el Edomex y Coahuila.<\/span><\/p>\n<p class=\"p1\"><span style=\"font-size: 18pt;\"><strong>En conferencia de prensa <span style=\"color: #e42d33;\">Cort\u00e9s anunci\u00f3 que de seguir con esa propuesta el PRI ser\u00e1 expulsado de la alianza<\/span>, lo cual desmorona a la oposici\u00f3n.<\/strong><\/span><\/p>\n<p>&nbsp;<\/p>\n<p><img loading=\"lazy\" decoding=\"async\" class=\"aligncenter wp-image-9836 size-large\" src=\"https:\/\/politicosaldesnudo.com.mx\/wp-content\/uploads\/2022\/09\/P-GUARDIANACIONAL-PRI2-1024x573.png\" alt=\"\" width=\"800\" height=\"448\" \/><\/p>\n<p>&nbsp;<\/p>\n<p class=\"p1\"><span style=\"font-size: 18pt;\"><strong>El tema fue tocado por el <span style=\"color: #e42d33;\">Presidente de la Rep\u00fablica <\/span>en la conferencia matutina, quien <span style=\"color: #e42d33;\">le sugiri\u00f3 al PRI alejarse del conservadurismo rancio y actuar por s\u00ed solo.<\/span><\/strong><\/span><\/p>\n<p class=\"p1\"><span style=\"font-size: 14pt;\">Por otra parte, esta es la segunda vez, la dirigencia nacional del PAN amenaz\u00f3 al PRI con romper la coalici\u00f3n \u201cVa por M\u00e9xico\u201d.<\/span><\/p>\n<p class=\"p1\"><span style=\"font-size: 14pt;\">Cort\u00e9s Mendoza dijo sentirse \u201csorprendido\u201d y advirti\u00f3: \u201cLo digo con absoluta claridad, decimos: no estamos de acuerdo y, de hecho, exigimos a todos los partidos que conforman la coalici\u00f3n legislativa Va por M\u00e9xico, que cumplan su palabra y no modifiquemos la Constituci\u00f3n y no permitamos que se siga militarizando nuestro pa\u00eds\u201d.<\/span><\/p>\n<p class=\"p1\"><span style=\"font-size: 18pt;\"><strong>El mandatario tambi\u00e9n pidi\u00f3 al PAN sumarse a la iniciativa del PRI para que las fuerzas armadas se mantengan en labores de seguridad p\u00fablica, hasta 2028: \u201cque lo piensen, que en temas de seguridad no debemos de meter la cuesti\u00f3n partidista, no lo merece la gente\u201d, dijo.<\/strong><\/span><\/p>\n<p class=\"p1\"><span style=\"font-size: 14pt;\">Es sorprendente para quienes desconocen la pol\u00edtica, porque la oposici\u00f3n desde hace mucho tiempo dej\u00f3 de practicarla, lo demuestra cada vez que sus legisladores hablan en tribuna sin consistencia, con un gran odio y un rencor que puede revertirse en las urnas. Lo cierto es que esta incomprensi\u00f3n de la vida pol\u00edtica de M\u00e9xico los conduce a estados de profunda soledad frente a las elecciones del pr\u00f3ximo a\u00f1o y, lo que es peor de 2024, donde ni siquiera pueden contar con un l\u00edder s\u00f3lido, ya que el candidato de Marko Cort\u00e9s se mostr\u00f3 hace dos d\u00edas muy complacido con la visita de L\u00f3pez Obrador a Yucat\u00e1n.<\/span><\/p>\n<p class=\"p1\"><span style=\"font-size: 14pt;\">La verdad es que ya las gubernaturas del PAN y del PRI no son un buen destino porque tienen, por un lado, la presi\u00f3n de un gobierno federal de Morena, y, por el otro, un congreso local adverso. Esto quiere decir que no s\u00f3lo no es negocio para la oposici\u00f3n, sino que dejan de convertirse en las cajas chicas de sus partidos, porque el destino de cada peso estar\u00e1 vigilado con lupa.<\/span><\/p>\n<p class=\"p1\"><span style=\"font-size: 18pt;\"><strong>Quienes conocen los entretelones de la pol\u00edtica <span style=\"color: #e42d33;\">aseguran que a cambio de que Alejandro Moreno no pise la c\u00e1rcel el PRI votar\u00e1 con Morena<\/span>, en las c\u00e1maras, para que la Guardia Nacional est\u00e9 bajo el mando y protecci\u00f3n de la Sedena.<\/strong><\/span><\/p>\n<p class=\"p1\"><span style=\"font-size: 14pt;\">Es decir, podr\u00eda tratarse de una jugada maestra para deshacer, desde ahora el bloque opositor en el Legislativo y la alianza opositora en las urnas. El PRI siempre ha sido un partido de c\u00fapulas y no puede arriesgar el hecho de que uno de sus dirigentes, en funciones, se vaya preso por delitos como enriquecimiento il\u00edcito, tr\u00e1fico de influencias, desvi\u00f3 de fondos, lavado de dinero, fraude fiscal, entre otros.<\/span><\/p>\n<p class=\"p1\"><span style=\"font-size: 14pt;\">Lo anterior dejar\u00eda al PRI en el desprestigio total y sin posibilidades de levantarse de la lona.<\/span><\/p>\n<p class=\"p1\"><span style=\"font-size: 14pt;\">El pa\u00eds ha cambiado, para algunos muy r\u00e1pido, para otros lentamente. Lo evidente es que el tiempo se agota para la oposici\u00f3n y mientras no tenga un l\u00edder verdadero que los unifique, se dividir\u00e1 en pedazos.<\/span><\/p>\n<p class=\"p1\"><span style=\"font-size: 18pt;\"><strong>El PAN necesita del PRI, es su media naranja. S\u00f3lo el PAN, con el remedo de partido en que se convirti\u00f3 el PRD, no es nada. Pareciera un matrimonio conflictivo donde Acci\u00f3n Nacional pareciera decirle al PRI: \u201cP\u00e9game, pero no me dejes\u201d. La respuesta del PRI es contundente:\u00a0\u201cEl PRI no recibe ultim\u00e1tum, ni acepta \u00f3rdenes ni de aliados ni de adversarios\u201d.<\/strong><\/span><\/p>\n<p>&nbsp;<\/p>\n<p class=\"p1\"><span style=\"font-size: 18pt; color: #e42d33;\"><strong>PEGA Y CORRE<\/strong><\/span><\/p>\n<p class=\"p1\"><span style=\"font-size: 14pt;\">Lorenzo C\u00f3rdova viola una ley tras otra y donde se para agrede la legalidad, una vez que termine su periodo de consejero electoral, el 4 de abril del pr\u00f3ximo a\u00f1o, regresar\u00e1 al Instituto de Investigaciones Jur\u00eddicas de la UNAM, con una plaza de investigador que reserv\u00f3 gracias a las violaciones la legislaci\u00f3n universitaria y al amigu\u00edsimo de las autoridades.<\/span><\/p>\n<p>&nbsp;<\/p>\n<p>&nbsp;<\/p>\n<p class=\"p1\"><span style=\"font-size: 18pt;\"><strong>Esta columna se publica los lunes, mi\u00e9rcoles y viernes<\/strong><\/span><\/p>\n<p>&nbsp;<\/p>\n<p><span style=\"font-size: 18pt; color: #e42d33;\"><em><strong>**Las columnas firmadas en este medio son responsabilidad de quienes las firman**<\/strong><\/em><\/span><\/p>\n<p>&nbsp;<\/p>\n<p>&nbsp;<\/p>\n<p>&nbsp;<\/p>\n<p>&nbsp;<\/p>\n<p>&nbsp;<\/p>\n<p>&nbsp;<\/p>\n<p>&nbsp;<\/p>\n<p>&nbsp;<\/p>\n","protected":false},"excerpt":{"rendered":"<p>Por \u00c1ngel \u00c1lvaro Pe\u00f1a Muchos de los problemas innecesarios de M\u00e9xico radican en que todav\u00eda hay quienes creen que nada<\/p>\n","protected":false},"author":4,"featured_media":3187,"comment_status":"closed","ping_status":"closed","sticky":false,"template":"","format":"standard","meta":{"colormag_page_container_layout":"default_layout","colormag_page_sidebar_layout":"default_layout","_jetpack_memberships_contains_paid_content":false,"footnotes":"","jetpack_publicize_message":"","jetpack_publicize_feature_enabled":true,"jetpack_social_post_already_shared":false,"jetpack_social_options":{"image_generator_settings":{"template":"highway","default_image_id":0,"font":"","enabled":false},"version":2}},"categories":[6],"tags":[761,873,74,194,1346],"class_list":["post-7796","post","type-post","status-publish","format-standard","has-post-thumbnail","hentry","category-columnistas","tag-guardia-nacional","tag-marko-cortes","tag-pan","tag-pri","tag-yolanda-de-la-torre"],"jetpack_publicize_connections":[],"jetpack_featured_media_url":"https:\/\/noticiasveracruz.com\/wp-content\/uploads\/2022\/04\/A\u0301NGEL-A\u0301LVARO-PEN\u0303A.png","jetpack_sharing_enabled":true,"publishpress_future_action":{"enabled":false,"date":"2026-05-07 20:00:13","action":"change-status","newStatus":"draft","terms":[],"taxonomy":"category","extraData":[]},"publishpress_future_workflow_manual_trigger":{"enabledWorkflows":[]},"_links":{"self":[{"href":"https:\/\/noticiasveracruz.com\/index.php\/wp-json\/wp\/v2\/posts\/7796","targetHints":{"allow":["GET"]}}],"collection":[{"href":"https:\/\/noticiasveracruz.com\/index.php\/wp-json\/wp\/v2\/posts"}],"about":[{"href":"https:\/\/noticiasveracruz.com\/index.php\/wp-json\/wp\/v2\/types\/post"}],"author":[{"embeddable":true,"href":"https:\/\/noticiasveracruz.com\/index.php\/wp-json\/wp\/v2\/users\/4"}],"replies":[{"embeddable":true,"href":"https:\/\/noticiasveracruz.com\/index.php\/wp-json\/wp\/v2\/comments?post=7796"}],"version-history":[{"count":0,"href":"https:\/\/noticiasveracruz.com\/index.php\/wp-json\/wp\/v2\/posts\/7796\/revisions"}],"wp:featuredmedia":[{"embeddable":true,"href":"https:\/\/noticiasveracruz.com\/index.php\/wp-json\/wp\/v2\/media\/3187"}],"wp:attachment":[{"href":"https:\/\/noticiasveracruz.com\/index.php\/wp-json\/wp\/v2\/media?parent=7796"}],"wp:term":[{"taxonomy":"category","embeddable":true,"href":"https:\/\/noticiasveracruz.com\/index.php\/wp-json\/wp\/v2\/categories?post=7796"},{"taxonomy":"post_tag","embeddable":true,"href":"https:\/\/noticiasveracruz.com\/index.php\/wp-json\/wp\/v2\/tags?post=7796"}],"curies":[{"name":"wp","href":"https:\/\/api.w.org\/{rel}","templated":true}]}}