{"id":77896,"date":"2026-05-05T00:02:28","date_gmt":"2026-05-05T06:02:28","guid":{"rendered":"https:\/\/noticiasveracruz.com\/?p=77896"},"modified":"2026-05-04T23:27:50","modified_gmt":"2026-05-05T05:27:50","slug":"inseguridad-paraliza-empresas-en-veracruz-coparmex","status":"publish","type":"post","link":"https:\/\/noticiasveracruz.com\/index.php\/2026\/05\/05\/inseguridad-paraliza-empresas-en-veracruz-coparmex\/","title":{"rendered":"Inseguridad paraliza empresas en Veracruz: Coparmex"},"content":{"rendered":"<p>La incidencia delictiva en Veracruz est\u00e1 generando par\u00e1lisis en las operaciones de empresas, al impedir que funcionen bajo condiciones m\u00ednimas de seguridad, advirti\u00f3 el presidente de Coparmex Xalapa, Arturo Hern\u00e1ndez Blanco.<\/p>\n<p>El dirigente empresarial se\u00f1al\u00f3 que la actividad econ\u00f3mica depende de garant\u00edas b\u00e1sicas, las cuales en algunos casos no est\u00e1n aseguradas, lo que impacta directamente en el funcionamiento de los negocios.<\/p>\n<p>Indic\u00f3 que, sin estas condiciones, las empresas no solo enfrentan dificultades, sino que pueden detener por completo sus operaciones.<\/p>\n<p>Agreg\u00f3 que los delitos que afectan al sector empresarial tienen consecuencias directas en su operatividad, al grado de inmovilizar o paralizar actividades.<\/p>\n<p>Ante este panorama, plante\u00f3 la necesidad de establecer mecanismos de coordinaci\u00f3n con autoridades, a fin de atender los riesgos que enfrentan las empresas.<\/p>\n<p>Explic\u00f3 que se busca conformar una mesa de trabajo que permita vincular al sector empresarial con instancias de seguridad, para identificar y exponer los distintos escenarios que afectan a las empresas en la entidad.<\/p>\n","protected":false},"excerpt":{"rendered":"<p>La incidencia delictiva en Veracruz est\u00e1 generando par\u00e1lisis en las operaciones de empresas, al impedir que funcionen bajo condiciones m\u00ednimas de seguridad, advirti\u00f3 el presidente de Coparmex Xalapa, Arturo Hern\u00e1ndez Blanco. El dirigente empresarial se\u00f1al\u00f3 que la actividad econ\u00f3mica depende de garant\u00edas b\u00e1sicas, las cuales en algunos casos no est\u00e1n aseguradas, lo que impacta directamente [&hellip;]<\/p>\n","protected":false},"author":4,"featured_media":77897,"comment_status":"closed","ping_status":"closed","sticky":false,"template":"","format":"standard","meta":{"_jetpack_newsletter_access":"","_jetpack_dont_email_post_to_subs":false,"_jetpack_newsletter_tier_id":0,"_jetpack_memberships_contains_paywalled_content":false,"_jetpack_feature_clip_id":0,"_jetpack_memberships_contains_paid_content":false,"footnotes":"","jetpack_publicize_message":"","jetpack_publicize_feature_enabled":true,"jetpack_social_post_already_shared":true,"jetpack_social_options":{"image_generator_settings":{"template":"highway","default_image_id":0,"font":"","enabled":false},"version":2},"jetpack_post_was_ever_published":false},"categories":[356],"tags":[],"class_list":["post-77896","post","type-post","status-publish","format-standard","has-post-thumbnail","hentry","category-veracruz"],"jetpack_publicize_connections":[],"jetpack_sharing_enabled":true,"publishpress_future_action":{"enabled":false,"date":"2026-09-09 12:49:05","action":"change-status","newStatus":"draft","terms":[],"taxonomy":"category","extraData":[]},"publishpress_future_workflow_manual_trigger":{"enabledWorkflows":[]},"jetpack_featured_media_url":"https:\/\/noticiasveracruz.com\/wp-content\/uploads\/2026\/05\/CIOP.jpg","_links":{"self":[{"href":"https:\/\/noticiasveracruz.com\/index.php\/wp-json\/wp\/v2\/posts\/77896","targetHints":{"allow":["GET"]}}],"collection":[{"href":"https:\/\/noticiasveracruz.com\/index.php\/wp-json\/wp\/v2\/posts"}],"about":[{"href":"https:\/\/noticiasveracruz.com\/index.php\/wp-json\/wp\/v2\/types\/post"}],"author":[{"embeddable":true,"href":"https:\/\/noticiasveracruz.com\/index.php\/wp-json\/wp\/v2\/users\/4"}],"replies":[{"embeddable":true,"href":"https:\/\/noticiasveracruz.com\/index.php\/wp-json\/wp\/v2\/comments?post=77896"}],"version-history":[{"count":1,"href":"https:\/\/noticiasveracruz.com\/index.php\/wp-json\/wp\/v2\/posts\/77896\/revisions"}],"predecessor-version":[{"id":77898,"href":"https:\/\/noticiasveracruz.com\/index.php\/wp-json\/wp\/v2\/posts\/77896\/revisions\/77898"}],"wp:featuredmedia":[{"embeddable":true,"href":"https:\/\/noticiasveracruz.com\/index.php\/wp-json\/wp\/v2\/media\/77897"}],"wp:attachment":[{"href":"https:\/\/noticiasveracruz.com\/index.php\/wp-json\/wp\/v2\/media?parent=77896"}],"wp:term":[{"taxonomy":"category","embeddable":true,"href":"https:\/\/noticiasveracruz.com\/index.php\/wp-json\/wp\/v2\/categories?post=77896"},{"taxonomy":"post_tag","embeddable":true,"href":"https:\/\/noticiasveracruz.com\/index.php\/wp-json\/wp\/v2\/tags?post=77896"}],"curies":[{"name":"wp","href":"https:\/\/api.w.org\/{rel}","templated":true}]}}