{"id":77871,"date":"2026-05-04T00:01:07","date_gmt":"2026-05-04T06:01:07","guid":{"rendered":"https:\/\/noticiasveracruz.com\/?p=77871"},"modified":"2026-05-04T00:01:07","modified_gmt":"2026-05-04T06:01:07","slug":"trump-empieza-a-desgranar-la-mazorca","status":"publish","type":"post","link":"https:\/\/noticiasveracruz.com\/index.php\/2026\/05\/04\/trump-empieza-a-desgranar-la-mazorca\/","title":{"rendered":"Trump empieza a desgranar la mazorca"},"content":{"rendered":"<p>Se tard\u00f3 Estados Unidos.<\/p>\n<p>Desde hace a\u00f1os se ten\u00edan datos sobre v\u00ednculos de pol\u00edticos morenistas con el crimen organizado y hace meses se filtraron nombres de presuntos involucrados.<\/p>\n<p>Pruebas hubo, como los aportados por\u00a0<strong>Ismael\u00a0<em>El Mayo<\/em>\u00a0Zambada<\/strong>\u00a0sobre su secuestro en julio de 2024, donde se\u00f1al\u00f3 directamente a\u00a0<strong>Rub\u00e9n Rocha Moya<\/strong>.<\/p>\n<p>El gobernador de Sinaloa involucrado con el\u00a0<em>C\u00e1rtel de Sinaloa<\/em>, espec\u00edficamente con\u00a0<strong><em>Los Mayitos<\/em><\/strong>\u00a0y m\u00e1s en concreto con\u00a0<strong>Joaqu\u00edn Guzm\u00e1n L\u00f3pez<\/strong>\u00a0para desaparecer al diputado electo priista\u00a0<strong>H\u00e9ctor Melesio Cu\u00e9n<\/strong>.<\/p>\n<p>Asesinato vil.<\/p>\n<p>El mismo arribo de\u00a0<strong>Rocha Moya<\/strong>, rese\u00f1ado por la denuncia, se dio con el secuestro de operadores electorales opositores en la elecci\u00f3n de 2021 a fin de frenar al priista\u00a0<strong>Mario Zamora<\/strong>.<\/p>\n<p><strong>L\u00f3pez Obrador\u00a0<\/strong>impuso, entre saludos a la mam\u00e1 de\u00a0<strong>Joaqu\u00edn\u00a0<em>El Chapo\u00a0<\/em>Guzm\u00e1n\u00a0<\/strong>y visitas frecuentes a Badiraguato, a\u00a0<strong>Rocha Moya<\/strong>\u00a0y desestim\u00f3 todos los se\u00f1alamientos.<\/p>\n<p>Hoy el panorama ha cambiado.<\/p>\n<p><strong>EL RESCATE DE CAMPOS<\/strong><\/p>\n<p>Cuando menos lo quer\u00eda\u00a0<strong>Claudia Sheinbaum<\/strong>, apareci\u00f3 Estados Unidos.<\/p>\n<p>Se\u00f1al\u00f3 a\u00a0<strong>Rub\u00e9n Rocha Moya\u00a0<\/strong>y a nueve m\u00e1s y de esa manera borr\u00f3 los cantos oficiales de soberan\u00eda contra la gobernadora de Chihuahua,\u00a0<strong>Mar\u00eda Eugenio Campos<\/strong>, para desplazar al PAN de la entidad.<\/p>\n<p>El\u00a0<em>affair<\/em>\u00a0apenas inicia.<\/p>\n<p>La justicia estadounidense tiene 60 d\u00edas para probar sus dichos -con\u00a0<strong>Genaro Garc\u00eda Luna\u00a0<\/strong>siempre fueron dados por v\u00e1lidos por\u00a0<strong>Andr\u00e9s Manuel L\u00f3pez Obrador<\/strong>\u00a0para calificar de\u00a0<em>narcogobierno<\/em>\u00a0al de\u00a0<strong>Felipe Calder\u00f3n<\/strong>&#8211; y obtener la respuesta definitiva de M\u00e9xico.<\/p>\n<p>Pero el golpe pol\u00edtico est\u00e1 dado con efectos internacionales y comienza a desgranarse la mazorca de morenistas presuntamente relacionados con el crimen organizado -narcotr\u00e1fico,\u00a0<em>huachicol<\/em>, secuestro, venta de protecci\u00f3n, cobro de piso y dem\u00e1s- y patrocinio ilegal de campa\u00f1as.<\/p>\n<p>Con un escenario de fondo:\u00a0<strong>Donald Trump<\/strong>\u00a0ha tomado la iniciativa tras muchas amenazas y pocas acciones y\u00a0<strong>Claudia Sheinbaum\u00a0<\/strong>deber\u00e1 decidir si colabora o se enfrenta a la furia del magnate.<\/p>\n<p>Para fortuna, esos dos meses se vencer\u00e1n despu\u00e9s del mundial, pero una acusaci\u00f3n de\u00a0<strong>Trump<\/strong>\u00a0puede da\u00f1ar severamente al pa\u00eds como subsede de la Copa del Mundo.<\/p>\n<p><strong>ADVERTENCIA IGNORADA<\/strong><\/p>\n<p>1.- El Gobierno mexicano no puede declararse sorprendido.<\/p>\n<p>Debi\u00f3 anotar el mensaje del embajador\u00a0<strong>Ronald Johnson\u00a0<\/strong>en Los Mochis el fin de semana pasado, donde habl\u00f3 de requisitos para la inversi\u00f3n.<\/p>\n<p>Se necesita, por no decir exigi\u00f3, \u201ccerteza, seguridad y un entorno libre de corrupci\u00f3n\u201d.<\/p>\n<p>Con mayor claridad:<\/p>\n<p>\u201cLa corrupci\u00f3n no s\u00f3lo ralentiza el progreso, sino que lo distorsiona. Aumenta los costos, debilita la competencia y erosiona la confianza de la que dependen los mercados\u201d.<\/p>\n<p>2.- La defensa oficial de\u00a0<strong>Rub\u00e9n Rocha Moya\u00a0<\/strong>y dem\u00e1s acusados est\u00e1 en marcha.<\/p>\n<p>Todo se dejar\u00e1 en manos de la fiscal\u00a0<strong>Ernestina Godoy<\/strong>\u00a0bajo el supuesto de ser el \u00fanico aval mexicano para acreditar delitos de los acusados.<\/p>\n<p>Pero ya sabemos: nada contra miembros de la hoy crujiente\u00a0<strong><em>4T<\/em><\/strong>.<\/p>\n<p>Y 3.- \u00bfD\u00f3nde est\u00e1\u00a0<strong>Andr\u00e9s Manuel L\u00f3pez Obrador<\/strong>, padre pol\u00edtico de\u00a0<strong>Rocha Moya<\/strong>?<\/p>\n<p>Aunque no aparezca en estos momentos, ya sabemos su posici\u00f3n: tiene plena confianza en el mandatario sinaloense y carecen de fundamento las acusaciones contra su protegido.<\/p>\n<p>Si \u00e9l niega nexos con\u00a0<strong>Ismael\u00a0<em>El Mayo\u00a0<\/em>Zambada<\/strong>\u00a0y presuntos acuerdos para asistir a una reuni\u00f3n con\u00a0<strong>Joaqu\u00edn Guzm\u00e1n L\u00f3pez<\/strong>\u00a0y el asesinado\u00a0<strong>H\u00e9ctor Melesio Cu\u00e9n<\/strong>, nada debe agregarse.<\/p>\n<p>-M\u00e1s claro ni el agua -dijo en su momento el de Macuspana.<\/p>\n<p><img loading=\"lazy\" decoding=\"async\" class=\"alignnone wp-image-77872 size-full\" src=\"http:\/\/noticiasveracruz.com\/wp-content\/uploads\/2026\/05\/FIRMA-EDITORIAL-PD-1.jpg\" alt=\"\" width=\"1024\" height=\"125\" srcset=\"https:\/\/noticiasveracruz.com\/wp-content\/uploads\/2026\/05\/FIRMA-EDITORIAL-PD-1.jpg 1024w, https:\/\/noticiasveracruz.com\/wp-content\/uploads\/2026\/05\/FIRMA-EDITORIAL-PD-1-300x37.jpg 300w, https:\/\/noticiasveracruz.com\/wp-content\/uploads\/2026\/05\/FIRMA-EDITORIAL-PD-1-768x94.jpg 768w\" sizes=\"auto, (max-width: 1024px) 100vw, 1024px\" \/><\/p>\n","protected":false},"excerpt":{"rendered":"<p>Se tard\u00f3 Estados Unidos. Desde hace a\u00f1os se ten\u00edan datos sobre v\u00ednculos de pol\u00edticos morenistas con el crimen organizado y hace meses se filtraron nombres de presuntos involucrados. Pruebas hubo, como los aportados por\u00a0Ismael\u00a0El Mayo\u00a0Zambada\u00a0sobre su secuestro en julio de 2024, donde se\u00f1al\u00f3 directamente a\u00a0Rub\u00e9n Rocha Moya. El gobernador de Sinaloa involucrado con el\u00a0C\u00e1rtel de [&hellip;]<\/p>\n","protected":false},"author":4,"featured_media":73776,"comment_status":"closed","ping_status":"closed","sticky":false,"template":"","format":"standard","meta":{"_jetpack_newsletter_access":"","_jetpack_dont_email_post_to_subs":false,"_jetpack_newsletter_tier_id":0,"_jetpack_memberships_contains_paywalled_content":false,"_jetpack_feature_clip_id":0,"_jetpack_memberships_contains_paid_content":false,"footnotes":"","jetpack_publicize_message":"","jetpack_publicize_feature_enabled":true,"jetpack_social_post_already_shared":true,"jetpack_social_options":{"image_generator_settings":{"template":"highway","default_image_id":0,"font":"","enabled":false},"version":2},"jetpack_post_was_ever_published":false},"categories":[6],"tags":[],"class_list":["post-77871","post","type-post","status-publish","format-standard","has-post-thumbnail","hentry","category-columnistas"],"jetpack_publicize_connections":[],"jetpack_sharing_enabled":true,"publishpress_future_action":{"enabled":false,"date":"2026-09-09 15:51:40","action":"change-status","newStatus":"draft","terms":[],"taxonomy":"category","extraData":[]},"publishpress_future_workflow_manual_trigger":{"enabledWorkflows":[]},"jetpack_featured_media_url":"https:\/\/noticiasveracruz.com\/wp-content\/uploads\/2026\/02\/BANNER-JOSE-URENA-NV.jpg","_links":{"self":[{"href":"https:\/\/noticiasveracruz.com\/index.php\/wp-json\/wp\/v2\/posts\/77871","targetHints":{"allow":["GET"]}}],"collection":[{"href":"https:\/\/noticiasveracruz.com\/index.php\/wp-json\/wp\/v2\/posts"}],"about":[{"href":"https:\/\/noticiasveracruz.com\/index.php\/wp-json\/wp\/v2\/types\/post"}],"author":[{"embeddable":true,"href":"https:\/\/noticiasveracruz.com\/index.php\/wp-json\/wp\/v2\/users\/4"}],"replies":[{"embeddable":true,"href":"https:\/\/noticiasveracruz.com\/index.php\/wp-json\/wp\/v2\/comments?post=77871"}],"version-history":[{"count":1,"href":"https:\/\/noticiasveracruz.com\/index.php\/wp-json\/wp\/v2\/posts\/77871\/revisions"}],"predecessor-version":[{"id":77873,"href":"https:\/\/noticiasveracruz.com\/index.php\/wp-json\/wp\/v2\/posts\/77871\/revisions\/77873"}],"wp:featuredmedia":[{"embeddable":true,"href":"https:\/\/noticiasveracruz.com\/index.php\/wp-json\/wp\/v2\/media\/73776"}],"wp:attachment":[{"href":"https:\/\/noticiasveracruz.com\/index.php\/wp-json\/wp\/v2\/media?parent=77871"}],"wp:term":[{"taxonomy":"category","embeddable":true,"href":"https:\/\/noticiasveracruz.com\/index.php\/wp-json\/wp\/v2\/categories?post=77871"},{"taxonomy":"post_tag","embeddable":true,"href":"https:\/\/noticiasveracruz.com\/index.php\/wp-json\/wp\/v2\/tags?post=77871"}],"curies":[{"name":"wp","href":"https:\/\/api.w.org\/{rel}","templated":true}]}}