{"id":7785,"date":"2022-09-06T14:29:49","date_gmt":"2022-09-06T19:29:49","guid":{"rendered":"https:\/\/noticiasveracruz.com\/?p=7785"},"modified":"2022-09-06T14:30:10","modified_gmt":"2022-09-06T19:30:10","slug":"sedeco-ciudad-de-mexico-destino-ideal-de-las-corporaciones","status":"publish","type":"post","link":"https:\/\/noticiasveracruz.com\/index.php\/2022\/09\/06\/sedeco-ciudad-de-mexico-destino-ideal-de-las-corporaciones\/","title":{"rendered":"Sedeco: Ciudad de M\u00e9xico, destino ideal de las corporaciones"},"content":{"rendered":"<p class=\"p1\"><span style=\"font-size: 14pt;\"><em><strong>CIUDAD DE M\u00c9XICO.<\/strong><\/em> La <strong>Secretar\u00eda de Desarrollo Econ\u00f3mico<\/strong> (Sedeco), inform\u00f3 que de acuerdo con el Directorio Estad\u00edstico Nacional de Unidades Econ\u00f3micas (Denue) elaborado por el Instituto Nacional de Estad\u00edstica y Geograf\u00eda (Inegi), la <strong>Ciudad de M\u00e9xico es considerada por grandes empresas como el principal destino para establecer sus corporativos con mil 182 sedes corporativas.<\/strong><\/span><\/p>\n<p class=\"p1\"><span style=\"font-size: 18pt;\"><strong>Fadlala Akabani Hneide, titular de la dependencia, se\u00f1al\u00f3 que \u201cla confianza que las grandes empresas tienen para asentarse en la capital del pa\u00eds est\u00e1 m\u00e1s que comprobada por las \u00faltimas cifras hist\u00f3ricas de Inversi\u00f3n Extranjera Directa (IED), ya que durante el segundo trimestre de 2022 alcanzaron la cifra hist\u00f3rica de 9 mil 356 millones de d\u00f3lares, es decir, el 34 por ciento del total nacional\u201d.<\/strong><\/span><\/p>\n<p>&nbsp;<\/p>\n<p><img loading=\"lazy\" decoding=\"async\" class=\"aligncenter wp-image-9822 size-large\" src=\"https:\/\/politicosaldesnudo.com.mx\/wp-content\/uploads\/2022\/09\/P-FADLALA-AKABANI1-1024x573.png\" alt=\"\" width=\"800\" height=\"448\" \/><\/p>\n<p>&nbsp;<\/p>\n<blockquote>\n<p class=\"p1\"><span style=\"font-size: 14pt;\">La Ciudad encabeza la lista de las entidades con mayor n\u00famero de corporativos con mil 182, seguido por Jalisco con 567, Estado de M\u00e9xico con 411 y Nuevo Le\u00f3n con 295, esto gracias a las ventajas que la capital ofrece como conectividad a\u00e9rea, terrestre, internet y servicios en l\u00ednea, infraestructura educativa, cultural, recreativas, seguridad y calidad de vida\u201d<\/span><\/p>\n<\/blockquote>\n<p class=\"p1\"><span style=\"font-size: 18pt;\"><strong>Adem\u00e1s, Fadlala Akabani Hneide dijo que las zonas m\u00e1s elegidas para instalar corporativos son la zona centro hasta Chapultepec, Polanco, Nuevo Polanco, Ampliaci\u00f3n Nuevo Polanco, as\u00ed como Insurgentes, Reforma, Santa Fe, Lomas Altas y Bosque de las Lomas, ubic\u00e1ndose en ellas las 100 empresas m\u00e1s grandes del pa\u00eds en los sectores financieros, de seguros, automotriz, telecomunicaciones, constructoras, log\u00edstica y hoteles de gran turismo.<\/strong><\/span><\/p>\n<p class=\"p1\"><span style=\"font-size: 14pt;\">La capacidad de atracci\u00f3n de Inversi\u00f3n Extranjera Directa de la capital del pa\u00eds trae consigo la necesidad de contar con infraestructura, edificaciones y ubicaciones estrat\u00e9gicas para su asentamiento y operaci\u00f3n, por lo que el Gobierno local invierte continuamente en la modernizaci\u00f3n de sus servicios, equipamiento urbano, seguridad y est\u00e1ndares de sustentabilidad.<\/span><\/p>\n<p>&nbsp;<\/p>\n<p>&nbsp;<\/p>\n<p>&nbsp;<\/p>\n<p>&nbsp;<\/p>\n<p>&nbsp;<\/p>\n<p>&nbsp;<\/p>\n","protected":false},"excerpt":{"rendered":"<p>CIUDAD DE M\u00c9XICO. La Secretar\u00eda de Desarrollo Econ\u00f3mico (Sedeco), inform\u00f3 que de acuerdo con el Directorio Estad\u00edstico Nacional de Unidades<\/p>\n","protected":false},"author":4,"featured_media":7787,"comment_status":"closed","ping_status":"closed","sticky":false,"template":"","format":"standard","meta":{"colormag_page_container_layout":"default_layout","colormag_page_sidebar_layout":"default_layout","_jetpack_memberships_contains_paid_content":false,"footnotes":"","jetpack_publicize_message":"","jetpack_publicize_feature_enabled":true,"jetpack_social_post_already_shared":false,"jetpack_social_options":{"image_generator_settings":{"template":"highway","default_image_id":0,"font":"","enabled":false},"version":2}},"categories":[145],"tags":[598,1344,1345],"class_list":["post-7785","post","type-post","status-publish","format-standard","has-post-thumbnail","hentry","category-estados","tag-ciudad-de-mexico","tag-corporativos","tag-fadlala-akabani"],"jetpack_publicize_connections":[],"jetpack_featured_media_url":"https:\/\/noticiasveracruz.com\/wp-content\/uploads\/2022\/09\/P-FADLALA-AKABANI2.png","jetpack_sharing_enabled":true,"publishpress_future_action":{"enabled":false,"date":"2026-05-07 17:42:03","action":"change-status","newStatus":"draft","terms":[],"taxonomy":"category","extraData":[]},"publishpress_future_workflow_manual_trigger":{"enabledWorkflows":[]},"_links":{"self":[{"href":"https:\/\/noticiasveracruz.com\/index.php\/wp-json\/wp\/v2\/posts\/7785","targetHints":{"allow":["GET"]}}],"collection":[{"href":"https:\/\/noticiasveracruz.com\/index.php\/wp-json\/wp\/v2\/posts"}],"about":[{"href":"https:\/\/noticiasveracruz.com\/index.php\/wp-json\/wp\/v2\/types\/post"}],"author":[{"embeddable":true,"href":"https:\/\/noticiasveracruz.com\/index.php\/wp-json\/wp\/v2\/users\/4"}],"replies":[{"embeddable":true,"href":"https:\/\/noticiasveracruz.com\/index.php\/wp-json\/wp\/v2\/comments?post=7785"}],"version-history":[{"count":0,"href":"https:\/\/noticiasveracruz.com\/index.php\/wp-json\/wp\/v2\/posts\/7785\/revisions"}],"wp:featuredmedia":[{"embeddable":true,"href":"https:\/\/noticiasveracruz.com\/index.php\/wp-json\/wp\/v2\/media\/7787"}],"wp:attachment":[{"href":"https:\/\/noticiasveracruz.com\/index.php\/wp-json\/wp\/v2\/media?parent=7785"}],"wp:term":[{"taxonomy":"category","embeddable":true,"href":"https:\/\/noticiasveracruz.com\/index.php\/wp-json\/wp\/v2\/categories?post=7785"},{"taxonomy":"post_tag","embeddable":true,"href":"https:\/\/noticiasveracruz.com\/index.php\/wp-json\/wp\/v2\/tags?post=7785"}],"curies":[{"name":"wp","href":"https:\/\/api.w.org\/{rel}","templated":true}]}}