{"id":7782,"date":"2022-09-06T14:04:28","date_gmt":"2022-09-06T19:04:28","guid":{"rendered":"https:\/\/noticiasveracruz.com\/?p=7782"},"modified":"2022-09-06T14:30:34","modified_gmt":"2022-09-06T19:30:34","slug":"ministros-de-la-scjn-rechazan-invalidad-la-prision-preventiva-oficiosa","status":"publish","type":"post","link":"https:\/\/noticiasveracruz.com\/index.php\/2022\/09\/06\/ministros-de-la-scjn-rechazan-invalidad-la-prision-preventiva-oficiosa\/","title":{"rendered":"Ministros de la SCJN rechazan invalidar la Prisi\u00f3n Preventiva Oficiosa"},"content":{"rendered":"<p class=\"p1\"><span style=\"font-size: 14pt;\"><em><strong>CIUDAD DE M\u00c9XICO.<\/strong><\/em> La mayor\u00eda de los ministros de la <strong>Suprema Corte de Justicia de la Naci\u00f3n<\/strong> (SCJN) ha expresado su <strong>rechazo a la propuesta de Luis Mar\u00eda Aguilar Morales<\/strong> de \u201cinaplicar\u201d la Constituci\u00f3n como base para <strong>invalidar la prisi\u00f3n preventiva oficiosa<\/strong> (PPO).<\/span><\/p>\n<blockquote>\n<p class=\"p1\"><span style=\"font-size: 14pt;\">La Constituci\u00f3n es el m\u00e1s importante porque es la suma de todos los entendidos sociales, el m\u00e1ximo pacto de armon\u00eda social, son las reglas bajo las cuales la naci\u00f3n mexicana, la sociedad misma, dijo que quer\u00eda vivir. Nos corresponde interpretar de la manera m\u00e1s responsable y armoniosa ese pacto, no desbaratarlo. Considero, muy respetuosamente, que eso instaurar\u00eda de facto un gobierno de jueces\u201d, advirti\u00f3 la ministra Margarita R\u00edos Farjat.<\/span><\/p>\n<\/blockquote>\n<p class=\"p1\"><span style=\"font-size: 18pt;\"><strong>Por su parte, el ministro Mario Pardo Rebolledo se\u00f1al\u00f3 que quienes impulsaron estas acciones de inconstitucionalidad, la CNDH y senadores de minor\u00eda, ni siquiera impugnaron la Constituci\u00f3n, solo las leyes secundarias que incluyen a la PPO, por lo cual la SCJN no tiene bases para involucrarse en este tema.<\/strong><\/span><\/p>\n<p class=\"p1\"><span style=\"font-size: 14pt;\">Sin embargo, los ministros tambi\u00e9n coincidieron en que s\u00ed es posible poner reglas a la PPO, tomando como base los derechos humanos garantizados en la Constituci\u00f3n.<\/span><\/p>\n<p class=\"p1\"><span style=\"font-size: 14pt;\">El ministro Javier Laynez Potisek se\u00f1al\u00f3 por ejemplo, que haber ampliado la lista de delitos a los cuales se puede aplicar la PPO \u201ces un fraude a la Constituci\u00f3n\u201d.<\/span><\/p>\n<p class=\"p1\"><span style=\"font-size: 14pt;\">\u201cEsta Corte no tiene atribuciones para expulsar norma alguna del texto constitucional, pero s\u00ed de interpretarla de la forma m\u00e1s favorable y funcional. Si la prisi\u00f3n preventiva oficiosa ya no equivale a la imposici\u00f3n autom\u00e1tica de esa medida cautelar, sino que oficiosamente la decretar\u00e1 el juez si observa que es necesaria, no encuentro motivo de invalidez, de inconvencionalidad o inconstitucionalidad en las normas secundarias que en este apartado se propone invalidar\u201d, explic\u00f3 a su vez la ministra R\u00edos.<\/span><\/p>\n<p class=\"p1\"><span style=\"font-size: 18pt;\"><strong>Ante esta situaci\u00f3n, el ministro Aguilar tiene la opci\u00f3n de modificar su proyecto, retirando el tema de \u201cinaplicar\u201d la Constituci\u00f3n, o bien mantenerlo, con lo cual la votaci\u00f3n ser\u00eda en contra y el asunto tendr\u00eda que ser returnado a otro ministro.<\/strong><\/span><\/p>\n","protected":false},"excerpt":{"rendered":"<p>CIUDAD DE M\u00c9XICO. La mayor\u00eda de los ministros de la Suprema Corte de Justicia de la Naci\u00f3n (SCJN) ha expresado<\/p>\n","protected":false},"author":4,"featured_media":7783,"comment_status":"closed","ping_status":"closed","sticky":false,"template":"","format":"standard","meta":{"colormag_page_container_layout":"default_layout","colormag_page_sidebar_layout":"default_layout","_jetpack_memberships_contains_paid_content":false,"footnotes":"","jetpack_publicize_message":"","jetpack_publicize_feature_enabled":true,"jetpack_social_post_already_shared":false,"jetpack_social_options":{"image_generator_settings":{"template":"highway","default_image_id":0,"font":"","enabled":false},"version":2}},"categories":[4],"tags":[31,1342,1343,1341],"class_list":["post-7782","post","type-post","status-publish","format-standard","has-post-thumbnail","hentry","category-nacional","tag-mexico","tag-ministros","tag-prision-preventiva-oficiosa","tag-scnj"],"jetpack_publicize_connections":[],"jetpack_featured_media_url":"https:\/\/noticiasveracruz.com\/wp-content\/uploads\/2022\/09\/P-MINISTROS-SCNJ1.png","jetpack_sharing_enabled":true,"publishpress_future_action":{"enabled":false,"date":"2026-05-07 16:57:09","action":"change-status","newStatus":"draft","terms":[],"taxonomy":"category","extraData":[]},"publishpress_future_workflow_manual_trigger":{"enabledWorkflows":[]},"_links":{"self":[{"href":"https:\/\/noticiasveracruz.com\/index.php\/wp-json\/wp\/v2\/posts\/7782","targetHints":{"allow":["GET"]}}],"collection":[{"href":"https:\/\/noticiasveracruz.com\/index.php\/wp-json\/wp\/v2\/posts"}],"about":[{"href":"https:\/\/noticiasveracruz.com\/index.php\/wp-json\/wp\/v2\/types\/post"}],"author":[{"embeddable":true,"href":"https:\/\/noticiasveracruz.com\/index.php\/wp-json\/wp\/v2\/users\/4"}],"replies":[{"embeddable":true,"href":"https:\/\/noticiasveracruz.com\/index.php\/wp-json\/wp\/v2\/comments?post=7782"}],"version-history":[{"count":0,"href":"https:\/\/noticiasveracruz.com\/index.php\/wp-json\/wp\/v2\/posts\/7782\/revisions"}],"wp:featuredmedia":[{"embeddable":true,"href":"https:\/\/noticiasveracruz.com\/index.php\/wp-json\/wp\/v2\/media\/7783"}],"wp:attachment":[{"href":"https:\/\/noticiasveracruz.com\/index.php\/wp-json\/wp\/v2\/media?parent=7782"}],"wp:term":[{"taxonomy":"category","embeddable":true,"href":"https:\/\/noticiasveracruz.com\/index.php\/wp-json\/wp\/v2\/categories?post=7782"},{"taxonomy":"post_tag","embeddable":true,"href":"https:\/\/noticiasveracruz.com\/index.php\/wp-json\/wp\/v2\/tags?post=7782"}],"curies":[{"name":"wp","href":"https:\/\/api.w.org\/{rel}","templated":true}]}}