{"id":77811,"date":"2026-05-04T00:01:12","date_gmt":"2026-05-04T06:01:12","guid":{"rendered":"https:\/\/noticiasveracruz.com\/?p=77811"},"modified":"2026-05-03T22:49:57","modified_gmt":"2026-05-04T04:49:57","slug":"veracruz-entrega-mas-de-mil-500-regalos-a-ninas-y-ninos","status":"publish","type":"post","link":"https:\/\/noticiasveracruz.com\/index.php\/2026\/05\/04\/veracruz-entrega-mas-de-mil-500-regalos-a-ninas-y-ninos\/","title":{"rendered":"Veracruz entrega m\u00e1s de mil 500 regalos a ni\u00f1as y ni\u00f1os"},"content":{"rendered":"<p>La Secretar\u00eda de Educaci\u00f3n de Veracruz conmemor\u00f3 el D\u00eda de la Ni\u00f1ez con la entrega de mil 566 regalos a hijas e hijos de trabajadores de oficinas centrales.<\/p>\n<p>Durante el acto, la titular de la dependencia, Claudia Tello Espinosa, destac\u00f3 que la ni\u00f1ez es prioridad en la pol\u00edtica educativa estatal.<\/p>\n<p>Se\u00f1al\u00f3 que el trabajo docente se enfoca en la formaci\u00f3n integral de ni\u00f1as y ni\u00f1os. Subray\u00f3 que las escuelas deben ser espacios seguros, incluyentes y orientados al aprendizaje.<\/p>\n<p>La funcionaria indic\u00f3 que estas acciones buscan fortalecer la convivencia y el sentido de comunidad. Tambi\u00e9n resalt\u00f3 la importancia de garantizar los derechos de la infancia.<\/p>\n<p>El evento tuvo como objetivo reconocer a la ni\u00f1ez como eje central de las pol\u00edticas p\u00fablicas. Las autoridades reiteraron su compromiso con la construcci\u00f3n de una sociedad m\u00e1s justa.<\/p>\n<p>Asimismo, la directora de Recursos Humanos, Sof\u00eda Enith Quiroz Allende, se\u00f1al\u00f3 que esta fecha invita a valorar el potencial de cada menor.<\/p>\n<p>Indic\u00f3 que el desarrollo infantil es clave para el futuro de la entidad. Destac\u00f3 que las acciones institucionales deben enfocarse en generar oportunidades.<\/p>\n<p>Las autoridades tambi\u00e9n reconocieron el respaldo de la gobernadora Roc\u00edo Nahle Garc\u00eda en la promoci\u00f3n de pol\u00edticas orientadas a la ni\u00f1ez.<\/p>\n<p>Con estas acciones, el Gobierno de Veracruz reafirma su compromiso con la educaci\u00f3n. El objetivo es garantizar condiciones que favorezcan el desarrollo integral de ni\u00f1as y ni\u00f1os.<\/p>\n","protected":false},"excerpt":{"rendered":"<p>La Secretar\u00eda de Educaci\u00f3n de Veracruz conmemor\u00f3 el D\u00eda de la Ni\u00f1ez con la entrega de mil 566 regalos a hijas e hijos de trabajadores de oficinas centrales. Durante el acto, la titular de la dependencia, Claudia Tello Espinosa, destac\u00f3 que la ni\u00f1ez es prioridad en la pol\u00edtica educativa estatal. Se\u00f1al\u00f3 que el trabajo docente [&hellip;]<\/p>\n","protected":false},"author":4,"featured_media":77812,"comment_status":"closed","ping_status":"closed","sticky":false,"template":"","format":"standard","meta":{"_jetpack_newsletter_access":"","_jetpack_dont_email_post_to_subs":false,"_jetpack_newsletter_tier_id":0,"_jetpack_memberships_contains_paywalled_content":false,"_jetpack_feature_clip_id":0,"_jetpack_memberships_contains_paid_content":false,"footnotes":"","jetpack_publicize_message":"","jetpack_publicize_feature_enabled":true,"jetpack_social_post_already_shared":true,"jetpack_social_options":{"image_generator_settings":{"template":"highway","default_image_id":0,"font":"","enabled":false},"version":2},"jetpack_post_was_ever_published":false},"categories":[356],"tags":[],"class_list":["post-77811","post","type-post","status-publish","format-standard","has-post-thumbnail","hentry","category-veracruz"],"jetpack_publicize_connections":[],"jetpack_sharing_enabled":true,"publishpress_future_action":{"enabled":false,"date":"2026-09-09 15:40:59","action":"change-status","newStatus":"draft","terms":[],"taxonomy":"category","extraData":[]},"publishpress_future_workflow_manual_trigger":{"enabledWorkflows":[]},"jetpack_featured_media_url":"https:\/\/noticiasveracruz.com\/wp-content\/uploads\/2026\/05\/CHILP.jpg","_links":{"self":[{"href":"https:\/\/noticiasveracruz.com\/index.php\/wp-json\/wp\/v2\/posts\/77811","targetHints":{"allow":["GET"]}}],"collection":[{"href":"https:\/\/noticiasveracruz.com\/index.php\/wp-json\/wp\/v2\/posts"}],"about":[{"href":"https:\/\/noticiasveracruz.com\/index.php\/wp-json\/wp\/v2\/types\/post"}],"author":[{"embeddable":true,"href":"https:\/\/noticiasveracruz.com\/index.php\/wp-json\/wp\/v2\/users\/4"}],"replies":[{"embeddable":true,"href":"https:\/\/noticiasveracruz.com\/index.php\/wp-json\/wp\/v2\/comments?post=77811"}],"version-history":[{"count":1,"href":"https:\/\/noticiasveracruz.com\/index.php\/wp-json\/wp\/v2\/posts\/77811\/revisions"}],"predecessor-version":[{"id":77813,"href":"https:\/\/noticiasveracruz.com\/index.php\/wp-json\/wp\/v2\/posts\/77811\/revisions\/77813"}],"wp:featuredmedia":[{"embeddable":true,"href":"https:\/\/noticiasveracruz.com\/index.php\/wp-json\/wp\/v2\/media\/77812"}],"wp:attachment":[{"href":"https:\/\/noticiasveracruz.com\/index.php\/wp-json\/wp\/v2\/media?parent=77811"}],"wp:term":[{"taxonomy":"category","embeddable":true,"href":"https:\/\/noticiasveracruz.com\/index.php\/wp-json\/wp\/v2\/categories?post=77811"},{"taxonomy":"post_tag","embeddable":true,"href":"https:\/\/noticiasveracruz.com\/index.php\/wp-json\/wp\/v2\/tags?post=77811"}],"curies":[{"name":"wp","href":"https:\/\/api.w.org\/{rel}","templated":true}]}}