{"id":77809,"date":"2026-05-01T09:30:44","date_gmt":"2026-05-01T15:30:44","guid":{"rendered":"https:\/\/noticiasveracruz.com\/?p=77809"},"modified":"2026-05-02T13:32:35","modified_gmt":"2026-05-02T19:32:35","slug":"no-hay-transformacion-sin-modificacion","status":"publish","type":"post","link":"https:\/\/noticiasveracruz.com\/index.php\/2026\/05\/01\/no-hay-transformacion-sin-modificacion\/","title":{"rendered":"No hay transformaci\u00f3n sin modificaci\u00f3n"},"content":{"rendered":"<p>Es de desear que el segundo piso de la Cuarta Transformaci\u00f3n de la Naci\u00f3n, se convierta en un gobierno de iure y que nuestra Primera Magistrada de la Naci\u00f3n se desenvuelva acorde con los principios jur\u00eddicos y morales adheridos en la Constituci\u00f3n Pol\u00edtica de los Estados Unidos Mexicanos.<\/p>\n<p>La transformaci\u00f3n pol\u00edtica que M\u00e9xico requiere es una modificaci\u00f3n a la forma de pensar, actuar y gobernar de Andr\u00e9s Manuel L\u00f3pez Obrador y, que esa innovaci\u00f3n se lleve a cabo por medio de nuestro propio orden jur\u00eddico, si ello no acontece as\u00ed, se seguir\u00e1 brindando impunidad a la narco-pol\u00edtica y, por consecuencia l\u00f3gica jur\u00eddica expirar\u00e1 el ahora nombrado segundo piso de esa transformaci\u00f3n.<\/p>\n<p>Andr\u00e9s Manuel L\u00f3pez Obrador no transform\u00f3 el r\u00e9gimen de corrupci\u00f3n del neoliberalismo; a contrario sensu lo increment\u00f3, desconociendo de propia y personal autoridad el orden institucional y\/o constitucional, entregando al Pa\u00eds a la narco-delincuencia.<\/p>\n<p>El problema de las gobernanzas del ex presidente y de la actual Presidenta Constitucional, es un problema de facto et de iure, que se relaciona en la actualidad, m\u00e1s que en ninguna otra gobernanza, a problemas no s\u00f3lo internos del Estado Mexicano, sino principalmente a problemas que han repercutido en la esfera internacional.<\/p>\n<p>Es muy sabido en derecho que cualquier problema de perturbaci\u00f3n del orden p\u00fablico, se convierte en una contienda de car\u00e1cter ideol\u00f3gico alrededor de diversas formas de pensar y gobernar, hoy, lamentablemente, se mantiene en un proceso contradictorio para exterminar la corrupci\u00f3n propiciada por esa narco-pol\u00edtica a la que se le pretende dar continuidad.<\/p>\n<p>La gravedad de esa confronta de forma de pensar y gobernar, ofrece una de las cuestiones m\u00e1s \u00e1speramente consideradas por los pol\u00edticos que tienen voz en el \u00e1mbito internacional.<\/p>\n<p>Para la abogac\u00eda independiente, nuestra Primera Magistrada es la funcionaria de facto et de iure que debe de ocuparse en hacer valer el C\u00f3digo Penal Federal y realizar aquellos actos de gobierno convenientemente insertos en el Pacto Federal, toda vez que dicha servidora posee la investidura leg\u00edtima para ello y, en el momento que haga valer su poder obrar\u00e1 conforme a la ley, finiquitando la ilegalidad e impunidad de la narco-pol\u00edtica que le fue heredada.<\/p>\n<p>En el orden de legalidad que debe de prevalecer, sin nada que altere ese orden jur\u00eddico, la Presidenta Constitucional recibir\u00e1 de esas voces de car\u00e1cter internacional el reconocimiento de respeto a nuestro Estado de Derecho.<\/p>\n<p>Es cu\u00e1nto.<\/p>\n<p><img loading=\"lazy\" decoding=\"async\" class=\"alignnone wp-image-77749 size-full\" src=\"http:\/\/noticiasveracruz.com\/wp-content\/uploads\/2026\/05\/FIRMA-EDITORIAL-PD.jpg\" alt=\"\" width=\"1024\" height=\"125\" srcset=\"https:\/\/noticiasveracruz.com\/wp-content\/uploads\/2026\/05\/FIRMA-EDITORIAL-PD.jpg 1024w, https:\/\/noticiasveracruz.com\/wp-content\/uploads\/2026\/05\/FIRMA-EDITORIAL-PD-300x37.jpg 300w, https:\/\/noticiasveracruz.com\/wp-content\/uploads\/2026\/05\/FIRMA-EDITORIAL-PD-768x94.jpg 768w\" sizes=\"auto, (max-width: 1024px) 100vw, 1024px\" \/><\/p>\n","protected":false},"excerpt":{"rendered":"<p>Es de desear que el segundo piso de la Cuarta Transformaci\u00f3n de la Naci\u00f3n, se convierta en un gobierno de<\/p>\n","protected":false},"author":4,"featured_media":71864,"comment_status":"closed","ping_status":"closed","sticky":false,"template":"","format":"standard","meta":{"colormag_page_container_layout":"default_layout","colormag_page_sidebar_layout":"default_layout","_jetpack_memberships_contains_paid_content":false,"footnotes":"","jetpack_publicize_message":"","jetpack_publicize_feature_enabled":true,"jetpack_social_post_already_shared":true,"jetpack_social_options":{"image_generator_settings":{"template":"highway","default_image_id":0,"font":"","enabled":false},"version":2}},"categories":[6],"tags":[],"class_list":["post-77809","post","type-post","status-publish","format-standard","has-post-thumbnail","hentry","category-columnistas"],"jetpack_publicize_connections":[],"jetpack_featured_media_url":"https:\/\/noticiasveracruz.com\/wp-content\/uploads\/2026\/01\/NV-ALBERTO-WOOLRICH-2-800x445-1.jpg","jetpack_sharing_enabled":true,"publishpress_future_action":{"enabled":false,"date":"2026-05-10 06:04:21","action":"change-status","newStatus":"draft","terms":[],"taxonomy":"category","extraData":[]},"publishpress_future_workflow_manual_trigger":{"enabledWorkflows":[]},"_links":{"self":[{"href":"https:\/\/noticiasveracruz.com\/index.php\/wp-json\/wp\/v2\/posts\/77809","targetHints":{"allow":["GET"]}}],"collection":[{"href":"https:\/\/noticiasveracruz.com\/index.php\/wp-json\/wp\/v2\/posts"}],"about":[{"href":"https:\/\/noticiasveracruz.com\/index.php\/wp-json\/wp\/v2\/types\/post"}],"author":[{"embeddable":true,"href":"https:\/\/noticiasveracruz.com\/index.php\/wp-json\/wp\/v2\/users\/4"}],"replies":[{"embeddable":true,"href":"https:\/\/noticiasveracruz.com\/index.php\/wp-json\/wp\/v2\/comments?post=77809"}],"version-history":[{"count":1,"href":"https:\/\/noticiasveracruz.com\/index.php\/wp-json\/wp\/v2\/posts\/77809\/revisions"}],"predecessor-version":[{"id":77810,"href":"https:\/\/noticiasveracruz.com\/index.php\/wp-json\/wp\/v2\/posts\/77809\/revisions\/77810"}],"wp:featuredmedia":[{"embeddable":true,"href":"https:\/\/noticiasveracruz.com\/index.php\/wp-json\/wp\/v2\/media\/71864"}],"wp:attachment":[{"href":"https:\/\/noticiasveracruz.com\/index.php\/wp-json\/wp\/v2\/media?parent=77809"}],"wp:term":[{"taxonomy":"category","embeddable":true,"href":"https:\/\/noticiasveracruz.com\/index.php\/wp-json\/wp\/v2\/categories?post=77809"},{"taxonomy":"post_tag","embeddable":true,"href":"https:\/\/noticiasveracruz.com\/index.php\/wp-json\/wp\/v2\/tags?post=77809"}],"curies":[{"name":"wp","href":"https:\/\/api.w.org\/{rel}","templated":true}]}}