{"id":77803,"date":"2026-05-02T00:18:40","date_gmt":"2026-05-02T06:18:40","guid":{"rendered":"https:\/\/noticiasveracruz.com\/?p=77803"},"modified":"2026-05-01T22:37:19","modified_gmt":"2026-05-02T04:37:19","slug":"al-menos-370-detenidos-en-manifestaciones-del-1-de-mayo-en-turquia","status":"publish","type":"post","link":"https:\/\/noticiasveracruz.com\/index.php\/2026\/05\/02\/al-menos-370-detenidos-en-manifestaciones-del-1-de-mayo-en-turquia\/","title":{"rendered":"Al menos 370 detenidos en manifestaciones del 1 de mayo en Turqu\u00eda"},"content":{"rendered":"<p class=\"nota-justify\">Miles de personas participaron este viernes en las manifestaciones del 1 de mayo en Turqu\u00eda pese a un fuerte despliegue policial en Ankara, la capital, y en Estambul, donde hubo al menos 370 detenidos.<\/p>\n<p class=\"nota-justify\">Seg\u00fan la Asociaci\u00f3n de Abogados \u00c7HD, a primera hora de la tarde \u00abel n\u00famero de personas detenidas ascend\u00eda a 370\u00bb en Estambul, donde la polic\u00eda lanz\u00f3 gases lacrim\u00f3genos desde veh\u00edculos antidisturbios en medio de la multitud, constataron periodistas de la\u00a0<i>Afp<\/i>.<\/p>\n<p class=\"nota-justify\">El objetivo: impedir que llegaran a la emblem\u00e1tica plaza Taksim, cerrada a las concentraciones desde la ola de manifestaciones antigubernamentales de 2013.<\/p>\n<p class=\"nota-justify\">Un responsable sindical, Basaran Aksu, fue detenido tras denunciar el bloqueo.<\/p>\n<p class=\"nota-justify\">\u00abNo se puede cerrar una plaza a los trabajadores de Turqu\u00eda. Todo el mundo utiliza Taksim, para ceremonias oficiales, para celebraciones. Solo a los obreros, a los trabajadores, a los pobres se les cierra la plaza\u00bb, dijo.<\/p>\n<p class=\"nota-justify\">En im\u00e1genes difundidas por el canal de la oposici\u00f3n\u00a0<i>HALK TV<\/i>\u00a0se ve al presidente del Partido de los Trabajadores de Turqu\u00eda, Erkan Bas, bajo una lluvia de gas pimienta.<\/p>\n<p class=\"nota-justify\">\u00abEl poder ya habla los 365 d\u00edas del a\u00f1o, as\u00ed que dejen que los trabajadores hablen de las dificultades que viven al menos un d\u00eda al a\u00f1o\u00bb, denunci\u00f3.<\/p>\n<p class=\"nota-justify\">Los sindicatos y las asociaciones han convocado manifestaciones bajo el lema \u00abPan, paz, libertad\u00bb.<\/p>\n<p class=\"nota-justify\">La inflaci\u00f3n oficial supera 30 por ciento o incluso 40 por ciento en Estambul, seg\u00fan la C\u00e1mara de Comercio, y las autoridades llevan a cabo regularmente oleadas de detenciones entre opositores y periodistas.<\/p>\n<p class=\"nota-justify\">Esta semana decenas de personas han sido detenidas.<\/p>\n<p class=\"nota-justify\">En Ankara, el centenar de mineros que estuvieron nueve d\u00edas en huelga de hambre para reclamar el pago de sus salarios atrasados fueron aclamados al unirse a la marcha, constat\u00f3 una periodista de la\u00a0<i>Afp<\/i><\/p>\n<p class=\"nota-justify\">En Estambul una manifestaci\u00f3n autorizada en la orilla asi\u00e1tica del B\u00f3sforo, convocada por las confederaciones sindicales, reuni\u00f3 pac\u00edficamente a miles de personas, seg\u00fan un periodista de la\u00a0<i>Afp<\/i><\/p>\n","protected":false},"excerpt":{"rendered":"<p>Miles de personas participaron este viernes en las manifestaciones del 1 de mayo en Turqu\u00eda pese a un fuerte despliegue<\/p>\n","protected":false},"author":4,"featured_media":77804,"comment_status":"closed","ping_status":"closed","sticky":false,"template":"","format":"standard","meta":{"colormag_page_container_layout":"default_layout","colormag_page_sidebar_layout":"default_layout","_jetpack_memberships_contains_paid_content":false,"footnotes":"","jetpack_publicize_message":"","jetpack_publicize_feature_enabled":true,"jetpack_social_post_already_shared":true,"jetpack_social_options":{"image_generator_settings":{"template":"highway","default_image_id":0,"font":"","enabled":false},"version":2}},"categories":[355],"tags":[],"class_list":["post-77803","post","type-post","status-publish","format-standard","has-post-thumbnail","hentry","category-internacional"],"jetpack_publicize_connections":[],"jetpack_featured_media_url":"https:\/\/noticiasveracruz.com\/wp-content\/uploads\/2026\/05\/al-menos-370-detenidos-en-manifestaciones-del-1-de-mayo-en-turquia_2cbf8ad8-a96a-4715-9763-3fd0893458b8_medialjnimgndimagefullsize.webp","jetpack_sharing_enabled":true,"publishpress_future_action":{"enabled":false,"date":"2026-05-09 02:03:52","action":"change-status","newStatus":"draft","terms":[],"taxonomy":"category","extraData":[]},"publishpress_future_workflow_manual_trigger":{"enabledWorkflows":[]},"_links":{"self":[{"href":"https:\/\/noticiasveracruz.com\/index.php\/wp-json\/wp\/v2\/posts\/77803","targetHints":{"allow":["GET"]}}],"collection":[{"href":"https:\/\/noticiasveracruz.com\/index.php\/wp-json\/wp\/v2\/posts"}],"about":[{"href":"https:\/\/noticiasveracruz.com\/index.php\/wp-json\/wp\/v2\/types\/post"}],"author":[{"embeddable":true,"href":"https:\/\/noticiasveracruz.com\/index.php\/wp-json\/wp\/v2\/users\/4"}],"replies":[{"embeddable":true,"href":"https:\/\/noticiasveracruz.com\/index.php\/wp-json\/wp\/v2\/comments?post=77803"}],"version-history":[{"count":1,"href":"https:\/\/noticiasveracruz.com\/index.php\/wp-json\/wp\/v2\/posts\/77803\/revisions"}],"predecessor-version":[{"id":77805,"href":"https:\/\/noticiasveracruz.com\/index.php\/wp-json\/wp\/v2\/posts\/77803\/revisions\/77805"}],"wp:featuredmedia":[{"embeddable":true,"href":"https:\/\/noticiasveracruz.com\/index.php\/wp-json\/wp\/v2\/media\/77804"}],"wp:attachment":[{"href":"https:\/\/noticiasveracruz.com\/index.php\/wp-json\/wp\/v2\/media?parent=77803"}],"wp:term":[{"taxonomy":"category","embeddable":true,"href":"https:\/\/noticiasveracruz.com\/index.php\/wp-json\/wp\/v2\/categories?post=77803"},{"taxonomy":"post_tag","embeddable":true,"href":"https:\/\/noticiasveracruz.com\/index.php\/wp-json\/wp\/v2\/tags?post=77803"}],"curies":[{"name":"wp","href":"https:\/\/api.w.org\/{rel}","templated":true}]}}