{"id":77800,"date":"2026-05-02T00:17:50","date_gmt":"2026-05-02T06:17:50","guid":{"rendered":"https:\/\/noticiasveracruz.com\/?p=77800"},"modified":"2026-05-01T22:35:34","modified_gmt":"2026-05-02T04:35:34","slug":"cuando-los-portaviones-regresen-de-iran-tomaremos-el-control-de-cuba-casi-de-inmediato-trump-en-miami","status":"publish","type":"post","link":"https:\/\/noticiasveracruz.com\/index.php\/2026\/05\/02\/cuando-los-portaviones-regresen-de-iran-tomaremos-el-control-de-cuba-casi-de-inmediato-trump-en-miami\/","title":{"rendered":"Cuando los portaviones regresen de Ir\u00e1n \u00abtomaremos el control de Cuba casi de inmediato\u201d: Trump en Miami"},"content":{"rendered":"<p class=\"nota-justify\">El presidente estadunidense Donald Trump declar\u00f3 que Estados Unidos tomar\u00e1 el control de Cuba casi de inmediato, durante su discurso en el foro de Inversi\u00f3n en Miami este viernes.<\/p>\n<p class=\"nota-justify\">\u00abDe regreso, lo que haremos, de regreso de Ir\u00e1n, haremos que uno de nuestros grandes portaviones, tal vez el\u00a0<i>USS Abraham Lincoln<\/i>, el m\u00e1s grande del mundo, se acerque (a Cuba), se detenga a unos 100 metros de la costa y nos digan: &#8216;Muchas gracias, nos rendimos'\u00bb.<\/p>\n<p class=\"nota-justify\">A finales de marzo Trump tambi\u00e9n afirm\u00f3 que \u201cCuba es la siguiente\u201d, al sugerir que podr\u00eda ser el pr\u00f3ximo objetivo e incluso se jact\u00f3 que tendr\u00eda el \u201chonor de tomar\u201d la isla y que podr\u00eda hacerlo de manera no necesariamente \u201camistosa\u201d.<\/p>\n","protected":false},"excerpt":{"rendered":"<p>El presidente estadunidense Donald Trump declar\u00f3 que Estados Unidos tomar\u00e1 el control de Cuba casi de inmediato, durante su discurso<\/p>\n","protected":false},"author":4,"featured_media":77801,"comment_status":"closed","ping_status":"closed","sticky":false,"template":"","format":"standard","meta":{"colormag_page_container_layout":"default_layout","colormag_page_sidebar_layout":"default_layout","_jetpack_memberships_contains_paid_content":false,"footnotes":"","jetpack_publicize_message":"","jetpack_publicize_feature_enabled":true,"jetpack_social_post_already_shared":true,"jetpack_social_options":{"image_generator_settings":{"template":"highway","default_image_id":0,"font":"","enabled":false},"version":2}},"categories":[355],"tags":[],"class_list":["post-77800","post","type-post","status-publish","format-standard","has-post-thumbnail","hentry","category-internacional"],"jetpack_publicize_connections":[],"jetpack_featured_media_url":"https:\/\/noticiasveracruz.com\/wp-content\/uploads\/2026\/05\/AME.webp","jetpack_sharing_enabled":true,"publishpress_future_action":{"enabled":false,"date":"2026-05-09 02:03:44","action":"change-status","newStatus":"draft","terms":[],"taxonomy":"category","extraData":[]},"publishpress_future_workflow_manual_trigger":{"enabledWorkflows":[]},"_links":{"self":[{"href":"https:\/\/noticiasveracruz.com\/index.php\/wp-json\/wp\/v2\/posts\/77800","targetHints":{"allow":["GET"]}}],"collection":[{"href":"https:\/\/noticiasveracruz.com\/index.php\/wp-json\/wp\/v2\/posts"}],"about":[{"href":"https:\/\/noticiasveracruz.com\/index.php\/wp-json\/wp\/v2\/types\/post"}],"author":[{"embeddable":true,"href":"https:\/\/noticiasveracruz.com\/index.php\/wp-json\/wp\/v2\/users\/4"}],"replies":[{"embeddable":true,"href":"https:\/\/noticiasveracruz.com\/index.php\/wp-json\/wp\/v2\/comments?post=77800"}],"version-history":[{"count":1,"href":"https:\/\/noticiasveracruz.com\/index.php\/wp-json\/wp\/v2\/posts\/77800\/revisions"}],"predecessor-version":[{"id":77802,"href":"https:\/\/noticiasveracruz.com\/index.php\/wp-json\/wp\/v2\/posts\/77800\/revisions\/77802"}],"wp:featuredmedia":[{"embeddable":true,"href":"https:\/\/noticiasveracruz.com\/index.php\/wp-json\/wp\/v2\/media\/77801"}],"wp:attachment":[{"href":"https:\/\/noticiasveracruz.com\/index.php\/wp-json\/wp\/v2\/media?parent=77800"}],"wp:term":[{"taxonomy":"category","embeddable":true,"href":"https:\/\/noticiasveracruz.com\/index.php\/wp-json\/wp\/v2\/categories?post=77800"},{"taxonomy":"post_tag","embeddable":true,"href":"https:\/\/noticiasveracruz.com\/index.php\/wp-json\/wp\/v2\/tags?post=77800"}],"curies":[{"name":"wp","href":"https:\/\/api.w.org\/{rel}","templated":true}]}}