{"id":77794,"date":"2026-05-02T00:15:59","date_gmt":"2026-05-02T06:15:59","guid":{"rendered":"https:\/\/noticiasveracruz.com\/?p=77794"},"modified":"2026-05-01T22:29:42","modified_gmt":"2026-05-02T04:29:42","slug":"jalisco-negocios-de-blindaje-hoteles-y-airbnb-elevan-sus-precios-rumbo-al-mundial-2026","status":"publish","type":"post","link":"https:\/\/noticiasveracruz.com\/index.php\/2026\/05\/02\/jalisco-negocios-de-blindaje-hoteles-y-airbnb-elevan-sus-precios-rumbo-al-mundial-2026\/","title":{"rendered":"Jalisco: negocios de blindaje, hoteles y Airbnb elevan sus precios rumbo al Mundial 2026"},"content":{"rendered":"<p class=\"nota-justify\">El Mundial de F\u00fatbol que inicia en poco m\u00e1s de 40 d\u00edas dejar\u00e1 en Jalisco, donde se jugar\u00e1n cuatro partidos, una derrama econ\u00f3mica de 20 mil millones de pesos seg\u00fan anunci\u00f3 el comit\u00e9 organizador local, convirtiendo el tema de la seguridad para movilizarse por la zona metropolitana de Guadalajara en una atractiva oportunidad de negocio.<\/p>\n<p class=\"nota-justify\">La Asociaci\u00f3n Mexicana de Blindadores de Automotores ofreci\u00f3 la venta o renta de unidades \u201cen especial ante la necesidad de protecci\u00f3n que tendr\u00e1n personalidades, directivos, jugadores e incluso aficionados\u201d.<\/p>\n<p class=\"nota-justify\">\u201cCon una s\u00f3lida integridad bal\u00edstica en sus veh\u00edculos (la AMBA y las 10 empresas que la integran) han desarrollado una serie de opciones de venta y renta de veh\u00edculos blindados que pueden cubrir ampliamente las necesidades de protecci\u00f3n durante periodos de demanda excepcional\u201d, ofreci\u00f3 la agrupaci\u00f3n, en un comunicado en el que adem\u00e1s de la colocaci\u00f3n de\u00a0blindaje\u00a0tambi\u00e9n detalla que se busca \u201cuna est\u00e9tica \u00f3ptima\u201d.<\/p>\n<p class=\"nota-justify\">La asociaci\u00f3n se\u00f1al\u00f3 que las tres ciudades mundialistas de M\u00e9xico, por su tama\u00f1o, poblaci\u00f3n y condiciones de movilidad \u201cpresentan retos de seguridad espec\u00edficos que deben ser considerados por las personalidades y visitantes que estar\u00e1n en territorio mexicano entre junio y julio\u201d.<\/p>\n<p class=\"nota-justify\">El hospedaje, tanto en hoteles como a trav\u00e9s de Airbnb, es quiz\u00e1 el sector en donde es m\u00e1s notorio hasta ahora el amplio negocio que se busca hacer con la presencia proyectada de unos 3 millones de visitantes.<\/p>\n<p class=\"nota-justify\">En hoteler\u00eda, sobre todo cerca del estadio Guadalajara donde se desarrollar\u00e1n los partidos, los precios que rondaban 2 mil 100 por noche costar\u00e1n en junio 22 mil pesos. Algunos establecimientos han implementado pol\u00edticas de estancia m\u00ednima de dos noches para maximizar sus ingresos.<\/p>\n<p class=\"nota-justify\">Las rentas de hospedaje en la plataforma Airbnb, designada por cierto como \u201cproveedor oficial de hospedaje alternativo\u201d por la FIFA, la escalada es significativa, con casos en que han multiplicado por ocho sus precios habituales. Por ejemplo una suite de lujo de la zona de El Baj\u00edo aument\u00f3 de 4 mil 200 pesos por dos noches a 49 mil 500.<\/p>\n<p class=\"nota-justify\">Juan Jos\u00e9 Frangie, coordinador del comit\u00e9 que se dedica a tener en lo local todo a punto para la FIFA y la realizaci\u00f3n de los cuatro partidos, anunci\u00f3 que la derrama esperada ser\u00e1 de unos 20 mil millones de pesos, con la generaci\u00f3n de por lo menos 7 mil empleos.<br \/>\nAcompa\u00f1ado de la directora de la Agencia Estatal de Entretenimiento, Lorena Mart\u00ednez, el coordinador dijo que se estima que habr\u00e1 17 mil 268 personas combinadas de fuerzas federales, estatales y municipales a cargo de la seguridad durante los eventos deportivos.<\/p>\n","protected":false},"excerpt":{"rendered":"<p>El Mundial de F\u00fatbol que inicia en poco m\u00e1s de 40 d\u00edas dejar\u00e1 en Jalisco, donde se jugar\u00e1n cuatro partidos,<\/p>\n","protected":false},"author":4,"featured_media":77795,"comment_status":"closed","ping_status":"closed","sticky":false,"template":"","format":"standard","meta":{"colormag_page_container_layout":"default_layout","colormag_page_sidebar_layout":"default_layout","_jetpack_memberships_contains_paid_content":false,"footnotes":"","jetpack_publicize_message":"","jetpack_publicize_feature_enabled":true,"jetpack_social_post_already_shared":true,"jetpack_social_options":{"image_generator_settings":{"template":"highway","default_image_id":0,"font":"","enabled":false},"version":2}},"categories":[145],"tags":[],"class_list":["post-77794","post","type-post","status-publish","format-standard","has-post-thumbnail","hentry","category-estados"],"jetpack_publicize_connections":[],"jetpack_featured_media_url":"https:\/\/noticiasveracruz.com\/wp-content\/uploads\/2026\/05\/mundial-dispara-negocio-en-jalisco-blindaje-hoteles-y-airbnb-elevan-precios_717467d9-b824-4142-b71f-ac83f5cb3488_medialjnimgndimagefullsize.webp","jetpack_sharing_enabled":true,"publishpress_future_action":{"enabled":false,"date":"2026-05-09 01:55:05","action":"change-status","newStatus":"draft","terms":[],"taxonomy":"category","extraData":[]},"publishpress_future_workflow_manual_trigger":{"enabledWorkflows":[]},"_links":{"self":[{"href":"https:\/\/noticiasveracruz.com\/index.php\/wp-json\/wp\/v2\/posts\/77794","targetHints":{"allow":["GET"]}}],"collection":[{"href":"https:\/\/noticiasveracruz.com\/index.php\/wp-json\/wp\/v2\/posts"}],"about":[{"href":"https:\/\/noticiasveracruz.com\/index.php\/wp-json\/wp\/v2\/types\/post"}],"author":[{"embeddable":true,"href":"https:\/\/noticiasveracruz.com\/index.php\/wp-json\/wp\/v2\/users\/4"}],"replies":[{"embeddable":true,"href":"https:\/\/noticiasveracruz.com\/index.php\/wp-json\/wp\/v2\/comments?post=77794"}],"version-history":[{"count":1,"href":"https:\/\/noticiasveracruz.com\/index.php\/wp-json\/wp\/v2\/posts\/77794\/revisions"}],"predecessor-version":[{"id":77796,"href":"https:\/\/noticiasveracruz.com\/index.php\/wp-json\/wp\/v2\/posts\/77794\/revisions\/77796"}],"wp:featuredmedia":[{"embeddable":true,"href":"https:\/\/noticiasveracruz.com\/index.php\/wp-json\/wp\/v2\/media\/77795"}],"wp:attachment":[{"href":"https:\/\/noticiasveracruz.com\/index.php\/wp-json\/wp\/v2\/media?parent=77794"}],"wp:term":[{"taxonomy":"category","embeddable":true,"href":"https:\/\/noticiasveracruz.com\/index.php\/wp-json\/wp\/v2\/categories?post=77794"},{"taxonomy":"post_tag","embeddable":true,"href":"https:\/\/noticiasveracruz.com\/index.php\/wp-json\/wp\/v2\/tags?post=77794"}],"curies":[{"name":"wp","href":"https:\/\/api.w.org\/{rel}","templated":true}]}}